{"id":5328,"date":"2012-03-13T08:00:00","date_gmt":"2012-03-13T07:00:00","guid":{"rendered":"https:\/\/wp.muchomaas.com\/jean-luc-melenchon-nous-elevons-le5328\/"},"modified":"2023-06-23T23:11:02","modified_gmt":"2023-06-23T21:11:02","slug":"jean-luc-melenchon-nous-elevons-le5328","status":"publish","type":"post","link":"https:\/\/archives.regards.fr\/?p=5328","title":{"rendered":"Jean-Luc M\u00e9lenchon: \u00ab Nous \u00e9levons le niveau politique de l&#8217;\u00e9lection \u00bb"},"content":{"rendered":"<p class=\"post_excerpt\"><em>M\u00e9lenchon prend la main.<\/em><\/p>\n<p>Ira-t-il dans un gouvernement<br \/>\nsocialiste ?<br \/>\nPourquoi chanter la<br \/>\nMarseillaise dans les meetings<br \/>\n? \u00c0 quoi sert le Front<br \/>\nde gauche ? Tout ce que<br \/>\nvous avez toujours voulu<br \/>\nsavoir sur Jean-Luc M\u00e9lenchon\u2026<br \/>\nsans jamais avoir<br \/>\nos\u00e9 lui demander.<\/p>\n<p><strong>Regards.fr:<\/strong> <strong> <em>Que r\u00e9v\u00e8lent les propos de<br \/>\nFran\u00e7ois Hollande dans<\/em> The<br \/>\nGuardian; \u00ab Il n\u2019y a pas de<br \/>\ncommunistes en France \u00bb ? <\/strong><\/p>\n<p><strong>Jean-Luc M\u00e9lenchon:<\/strong> Ce n\u2019est pas une bourde. Cela<br \/>\nr\u00e9v\u00e8le une conviction profonde,<br \/>\nnon seulement sur le communisme<br \/>\nmais aussi \u00e0 propos du<br \/>\nsocialisme de rupture, r\u00e9formiste<br \/>\nou r\u00e9volutionnaire. L\u2019\u00e9conomie<br \/>\nde march\u00e9, puisque c\u2019est<br \/>\nainsi que Hollande euph\u00e9mise<br \/>\nle capitalisme, serait ind\u00e9passable.<br \/>\nCela confirme ce que<br \/>\nnous savons d\u00e9j\u00e0 : l\u2019option de<br \/>\nFran\u00e7ois Hollande n&#8217;est pas<br \/>\ncelle d\u2019un rapport de force avec<br \/>\nle capitalisme financier mais une<br \/>\nrelation d\u2019arrangements. Cette<br \/>\nvoie-l\u00e0, nous la connaissons.<br \/>\nElle m\u00e8ne au d\u00e9sastre, nous<br \/>\nvenons de le voir en Gr\u00e8ce.<\/p>\n<p><strong>Regards.fr:<\/strong> <strong> <em>Alors le divorce est bel et<br \/>\nbien consomm\u00e9 avec le<br \/>\nPS\u2026 Mais si vous n\u2019allez<br \/>\npas dans un gouvernement<br \/>\nsocialiste, en cas<br \/>\nde victoire de Fran\u00e7ois<br \/>\nHollande, pourquoi voter<br \/>\npour vous ?<\/em> <\/strong><\/p>\n<p><strong>Jean-Luc M\u00e9lenchon:<\/strong> Pour soutenir un programme !<br \/>\nNotez que Hollande n\u2019est pas<br \/>\ndans une logique de rassemblement.<br \/>\nSa m\u00e9thode est brutale.<br \/>\nPour s\u2019unir \u00e0 lui, il faut accepter<br \/>\nson projet, c&#8217;est lui-m\u00eame qui<br \/>\nle dit. Ce qu\u2019il exige, c\u2019est donc<br \/>\nune capitulation sans condition.<br \/>\n\u00c7a s\u2019appelle \u00ab plumer la volaille<br \/>\nde gauche \u00bb. Dans ces conditions<br \/>\nil ne sert \u00e0 rien de mener<br \/>\nbataille pour faire un \u00ab bon<br \/>\ncontrat \u00bb avec le PS. On a vu o\u00f9<br \/>\ncette strat\u00e9gie a men\u00e9 les Verts.<br \/>\nMais si les socialistes veulent aller<br \/>\nvers le SMIC \u00e0 1 700 euros,<br \/>\nla retraite \u00e0 60 ans et le respect<br \/>\ndes 35 heures\u2026, alors on pourrait<br \/>\ndiscuter. J\u2019ai fait cette proposition<br \/>\nen ao\u00fbt dernier ! Refus<br \/>\ntotal. Ne tournons pas autour<br \/>\ndu pot : le Front de gauche est<br \/>\ndans une strat\u00e9gie ind\u00e9pendante<br \/>\nde conqu\u00eate du pouvoir.<br \/>\nJe me bats et me battrai jusqu&#8217;\u00e0<br \/>\nla derni\u00e8re seconde avec l&#8217;id\u00e9e<br \/>\nd&#8217;\u00eatre en t\u00eate de la gauche.<br \/>\nAlors le Front de gauche serait<br \/>\nen mesure de provoquer<br \/>\nun rassemblement et l\u00e0, des<br \/>\nn\u00e9gociations honn\u00eates seront<br \/>\npossibles. Nous sommes dans<br \/>\nla radicalit\u00e9 concr\u00e8te. Nous<br \/>\nvoulons acc\u00e9der au gouvernement<br \/>\net nous annon\u00e7ons comment<br \/>\net pour quoi faire. Mon<br \/>\ndevoir personnel est de rendre<br \/>\npossible le rassemblement de<br \/>\nceux qui sont sur une position<br \/>\nde gauche de rupture. Je<br \/>\nne si\u00e9gerai donc dans aucun<br \/>\nautre gouvernement que celui<br \/>\nque je dirigerai.<\/p>\n<p><strong>Regards.fr:<\/strong> <strong> <em>Concr\u00e8tement, \u00e0 quoi<br \/>\nsert le Front de gauche ?<br \/>\nQu\u2019\u00eates-vous en train de<br \/>\nfaire ?<\/em> <\/strong><\/p>\n<p><strong>Jean-Luc M\u00e9lenchon:<\/strong> Le Front de gauche est une<br \/>\nnouvelle force politique, un<br \/>\nrassemblement qui a vocation<br \/>\n\u00e0 devenir un front du peuple.<br \/>\nDe cette ambition, nous commen\u00e7ons<br \/>\n\u00e0 voir les pr\u00e9mices. Il<br \/>\nsuffit de voir qui vient dans nos<br \/>\nmeetings : une population bigarr\u00e9e,<br \/>\nau sens physique, g\u00e9n\u00e9rationnel<br \/>\net politique. Ce n\u2019est<br \/>\npas une attraction \u00e9lectorale,<br \/>\ncomme nous le lisons parfois,<br \/>\nmais le signe de quelque chose<br \/>\nde bien plus profond, une mobilisation<br \/>\ncitoyenne port\u00e9e par un<br \/>\nparti sans mur, qui vient de loin<br \/>\net entre en r\u00e9sonance avec un<br \/>\ncontexte qui d\u00e9passe nos fronti\u00e8res, celui d\u2019une crise<br \/>\nmajeure. Dans ce processus,<br \/>\nnous ne faisons pas seulement<br \/>\nune campagne \u00e9lectorale. Nous<br \/>\nconstruisons une culture commune<br \/>\net un outil avec des m\u00e9thodes<br \/>\nd\u2019\u00e9ducation populaire<br \/>\ndont je suis le porte-parole.<br \/>\nNous n\u2019improvisons pas. Chacune<br \/>\ndes \u00e9tapes est m\u00fbrement<br \/>\nr\u00e9fl\u00e9chie. D\u00e8s que nous avons<br \/>\nfranchi un cap de cr\u00e9dibilit\u00e9<br \/>\nnous l\u2019avons projet\u00e9 contre<br \/>\nle Front national. Nous avons<br \/>\nport\u00e9 des coups s\u00e9v\u00e8res \u00e0<br \/>\nMarine Le Pen alors m\u00eame que<br \/>\ntrop de gens restaient en \u00e9tat<br \/>\nde sid\u00e9ration et lui d\u00e9cernaient<br \/>\ndes brevets de respectabilit\u00e9.<br \/>\nLa tendance s\u2019inverse. On peut<br \/>\nmettre \u00e7a \u00e0 notre cr\u00e9dit. Nous<br \/>\nallons continuer ! Nous faisons<br \/>\nmaintenant revenir le d\u00e9bat europ\u00e9en<br \/>\ndans la lumi\u00e8re. Le Parti<br \/>\nsocialiste et l&#8217;UMP voulaient<br \/>\ndissimuler l\u2019enjeu europ\u00e9en<br \/>\ndes nouveaux trait\u00e9s. Nous<br \/>\nne les avons pas laiss\u00e9s faire.<br \/>\nDe cette fa\u00e7on, nous menons<br \/>\nnotre t\u00e2che d&#8217;\u00e9ducation populaire<br \/>\n: nous \u00e9levons le niveau<br \/>\npolitique de l\u2019\u00e9lection en fortifiant<br \/>\nla prise de conscience de<br \/>\nclasse des citoyens.<\/p>\n<p><strong>Regards.fr:<\/strong> <strong> <em>De quoi est faite cette<br \/>\nculture commune ?<\/em> <\/strong><\/p>\n<p><strong>Jean-Luc M\u00e9lenchon:<\/strong> Il s\u2019agit de r\u00e9investir les symboles<br \/>\nde la gauche et si les<br \/>\nautres s&#8217;en trouvent mal, ils<br \/>\nn&#8217;avaient qu&#8217;\u00e0 pas les abandonner<br \/>\n: le poing ferm\u00e9, le<br \/>\ndrapeau rouge, les fondements<br \/>\ndu mouvement ouvrier\u2026 Ces<br \/>\ngrands d\u00e9nominateurs communs<br \/>\nsont maintenant port\u00e9s<br \/>\npar des milliers de gens qui les<br \/>\nidentifient comme leur propre<br \/>\ncause. Nous sommes les enfants<br \/>\nde cette histoire et nous<br \/>\nl&#8217;assumons. Il faut maintenant<br \/>\nla prolonger, la transformer.<br \/>\nNous sommes dans une comp\u00e9tition<br \/>\navec les sociaux lib\u00e9raux<br \/>\nqui passent leur temps \u00e0<br \/>\nexpliquer que tout cela est fini,<br \/>\nque c&#8217;est du pass\u00e9. Nous luttons<br \/>\ncontre l&#8217;effacement d&#8217;un<br \/>\nsi\u00e8cle d&#8217;exp\u00e9riences.<br \/>\nNotre culture s\u2019ancre dans<br \/>\nun socle profond que nous<br \/>\nsommes en train de r\u00e9veiller.<br \/>\nLa culture \u00e9galitaire, la r\u00e9volution,<br \/>\nles Lumi\u00e8res, la la\u00efcit\u00e9,<br \/>\nla R\u00e9publique pour tous, le<br \/>\ncommunisme spontan\u00e9 de la<br \/>\nculture populaire des Fran\u00e7ais.<br \/>\nJ&#8217;ai vu comment cette culture<br \/>\na \u00e9t\u00e9 d\u00e9lib\u00e9r\u00e9ment marginalis\u00e9e<br \/>\npar la machine m\u00e9diatique<br \/>\ndu capitalisme. Mais j&#8217;ai<br \/>\naussi observ\u00e9 en Am\u00e9rique du<br \/>\nSud comment elle pouvait se<br \/>\nreconstruire. Il faut faire entrer<br \/>\ncet acquis en r\u00e9sonance avec<br \/>\nle nouveau paradigme qu\u2019est<br \/>\nl\u2019\u00e9cologie politique. Avec la<br \/>\n\u00ab planification \u00e9cologique \u00bb,<br \/>\nnous l\u2019avons int\u00e9gr\u00e9 \u00e0 notre<br \/>\nculture, chacun \u00e0 son rythme,<br \/>\nmais de mani\u00e8re irr\u00e9versible.<br \/>\nC\u2019est fait. Il n\u2019y aura pas de<br \/>\nrecul. Nous avons aussi r\u00e9cup\u00e9r\u00e9<br \/>\nle drapeau. Je sais bien le<br \/>\nchoc que cela a \u00e9t\u00e9 de voir arriver<br \/>\nle drapeau bleu blanc rouge<br \/>\ndans nos meetings. Mais fallait-il<br \/>\nl\u2019abandonner aux Versaillais ?<\/p>\n<p><strong>Regards.fr:<\/strong> <strong> <em>D\u2019ailleurs vous semblez<br \/>\ndans ces meetings faire<br \/>\ncohabiter avec une certaine<br \/>\ngourmandise la<br \/>\nMarseillaise et l\u2019Internationale.<\/em> <\/strong><\/p>\n<p><strong>Jean-Luc M\u00e9lenchon:<\/strong> La Marseillaise s&#8217;est impos\u00e9e<br \/>\npetit \u00e0 petit, \u00e0 force d&#8217;explication.<br \/>\nLe Front de gauche incarne<br \/>\nune tradition r\u00e9volutionnaire profonde<br \/>\ndu peuple fran\u00e7ais, notamment<br \/>\nincarn\u00e9 par ce chant.<br \/>\nEt pas seulement il y a deux<br \/>\nsi\u00e8cles. Je rappelle que dans<br \/>\nl\u2019Espagne de Franco ou le Chili<br \/>\nde Pinochet, chanter la Marseillaise<br \/>\n\u00e9tait un motif d\u2019arrestation.<br \/>\nDe la m\u00eame mani\u00e8re, faire<br \/>\nentrer le drapeau rouge dans<br \/>\nles meetings, \u00e7a peut para\u00eetre<br \/>\ntr\u00e8s banal, mais ce n\u2019\u00e9tait pas<br \/>\n\u00e9vident pour tout le monde. Il a<br \/>\nfallu se battre contre l&#8217;injonction<br \/>\nmajoritaire qui consid\u00e8re que le<br \/>\ndrapeau rouge est archa\u00efque. Le<br \/>\ndrapeau de Hollande est blanc<br \/>\navec son nom \u00e9crit dessus ! Tout<br \/>\nun programme !<\/p>\n<p><strong>Regards.fr:<\/strong> <strong> <em>Les jeunes et les ouvriers,<br \/>\nselon les chiffres disponibles,<br \/>\nsont les grands<br \/>\nabsents du vote Front de<br \/>\ngauche. Comment l\u2019expliquez-<br \/>\nvous ?<\/em> <\/strong><\/p>\n<p><strong>Jean-Luc M\u00e9lenchon:<\/strong> Il faut parfois laisser les sondages<br \/>\nde c\u00f4t\u00e9. Je m&#8217;en remets plut\u00f4t \u00e0 ma culture politique, \u00e0<br \/>\ndes m\u00e9thodes \u00e0 l&#8217;ancienne, \u00e0<br \/>\nl\u2019instinct. Si les jeunes ne votent<br \/>\npas Front de gauche, alors<br \/>\nceux que je vois si nombreux<br \/>\ndans les meetings n&#8217;existent<br \/>\npas ? Nous sommes impatients<br \/>\nde les voir prendre toute leur<br \/>\nplace. Quand nous leur disons<br \/>\nque la consigne c\u2019est de ne<br \/>\npas attendre la consigne, on<br \/>\nne peut dire plus. Nous ne<br \/>\nsommes pas un objet fini, les<br \/>\njeunes s\u2019agr\u00e8gent \u00e0 nous, ils<br \/>\nprendront le pouvoir. Ils jouent<br \/>\nd\u00e9j\u00e0 leur r\u00f4le dans la direction<br \/>\ndu Front et dans l\u2019action.<br \/>\nEn ce qui concerne les ouvriers,<br \/>\nobservez ! Il se passe quelque<br \/>\nchose et c\u2019est le fait majeur \u00e0<br \/>\nrelever en ce d\u00e9but d\u2019ann\u00e9e :<br \/>\nune masse de syndicalistes<br \/>\nest au rendez-vous du Front de<br \/>\ngauche. Je m\u2019\u00e9tonne que les<br \/>\nm\u00e9dias ne d\u00e9crivent pas davantage<br \/>\nce ph\u00e9nom\u00e8ne. Il faut dire<br \/>\nqu\u2019\u00e0 droite ils croient que les<br \/>\nsyndicats ont toujours \u00e9t\u00e9 une<br \/>\ncourroie de transmission des<br \/>\npartis de gauche. Mais nous, \u00e0<br \/>\ngauche, nous savons bien que<br \/>\nla r\u00e9alit\u00e9 est tout autre et que<br \/>\nl\u2019osmose \u00e9tait rompue depuis<br \/>\nbien longtemps. Alors oui, il<br \/>\nfaut r\u00e9aliser l\u2019ampleur de l\u2019\u00e9v\u00e9nement<br \/>\nque repr\u00e9sente la r\u00e9apparition<br \/>\nde drapeaux des syndicats<br \/>\ndans nos meetings. Apr\u00e8s<br \/>\n2005 et le r\u00e9f\u00e9rendum sur la<br \/>\nConstitution, les syndicats ont<br \/>\nr\u00e9alis\u00e9 qu\u2019ils devaient porter<br \/>\nleurs objectifs plus loin. Mais<br \/>\naucune force politique cr\u00e9dible<br \/>\nn\u2019a \u00e9t\u00e9 \u00e0 leur rencontre, au<br \/>\ncontraire. Il suffit de regarder<br \/>\nl\u2019attitude du PS ou du NPA,<br \/>\nsur les retraites. \u00c0 l\u2019inverse, le<br \/>\nFront de gauche a eu une attitude<br \/>\nrespectueuse vis-\u00e0-vis du<br \/>\nchamp des syndicats, tout en<br \/>\nles accompagnant. Une connivence<br \/>\nloyale dont nous r\u00e9coltons<br \/>\nles fruits aujourd\u2019hui. Alors,<br \/>\nnon, on ne peut pas dire que le<br \/>\nFront de gauche n\u2019est pas li\u00e9<br \/>\naux ouvriers tant cette jonction<br \/>\nentre le syndicalisme militant<br \/>\net nous est un \u00e9v\u00e9nement<br \/>\nnouveau et consid\u00e9rable.<\/p>\n<p><strong>Regards.fr:<\/strong> <strong> <em>Le pari initial du Front de<br \/>\ngauche impliquait une<br \/>\ncampagne collective, or<br \/>\nce n\u2019est pas franchement<br \/>\nle cas. Vous-vous sentez<br \/>\nseul parfois ?<\/em> <\/strong><\/p>\n<p><strong>Jean-Luc M\u00e9lenchon:<\/strong> Non c\u2019est une campagne tr\u00e8s<br \/>\ncollective. Mais la situation<br \/>\ndans les m\u00e9dias n&#8217;est pas de<br \/>\nnotre fait. Nous avons fait le<br \/>\nmaximum pour imposer d\u2019autres<br \/>\nvisages ! Mais nos porte-parole<br \/>\nont \u00e9t\u00e9 ostracis\u00e9s. On accepte<br \/>\nd&#8217;autres porte-parole pour tous<br \/>\nles autres partis et pour nous,<br \/>\n\u00e7a bloque. J\u2019atteins pourtant<br \/>\nune limite physique. Je ne peux<br \/>\npas \u00eatre partout. Une campagne<br \/>\npersonnelle est tout simplement<br \/>\nimpossible. Beaucoup<br \/>\nne voulaient pas me croire au<br \/>\nd\u00e9but, victimes d\u2019une mentalit\u00e9<br \/>\nve R\u00e9publique qui ne croit<br \/>\nqu\u2019\u00e0 l\u2019homme providentiel. Mon<br \/>\ninsistance finit par payer et la<br \/>\nbanquise se d\u00e9g\u00e8le un peu.<br \/>\nVoil\u00e0 pour les apparences m\u00e9diatiques.<br \/>\nLa r\u00e9alit\u00e9 de terrain<br \/>\nest tout autre : nos porte-parole<br \/>\nsont l\u00e0 et ne jouent pas un<br \/>\nr\u00f4le secondaire. Autre \u00e9l\u00e9ment<br \/>\nimportant \u00e0 signaler, on ne peut<br \/>\npas distinguer dans nos meetings<br \/>\nles prises de paroles qui<br \/>\nviennent du Parti de gauche,<br \/>\ndu Parti Communiste ou de<br \/>\nla FASE\u2026 L\u2019int\u00e9r\u00eat de cette<br \/>\ncampagne polyphonique est<br \/>\nce langage commun que nous<br \/>\navons fait na\u00eetre.<\/p>\n<p><strong>Regards.fr:<\/strong> <strong> <em>Qu\u2019allez-vous faire de<br \/>\ncette culture commune et<br \/>\nde cette dynamique ?<\/em> <\/strong><\/p>\n<p><strong>Jean-Luc M\u00e9lenchon:<\/strong> Il est trop t\u00f4t pour penser \u00e0<br \/>\n\u00ab l&#8217;apr\u00e8s \u00bb. Je constate simplement<br \/>\nque des seuils sont franchis<br \/>\nsur lesquels il sera difficile<br \/>\nde revenir. Nous avons gagn\u00e9 de<br \/>\nla connivence, de la fraternit\u00e9, un<br \/>\ngo\u00fbt pour le combat commun\u2026<br \/>\nPersonne n\u2019envisage apr\u00e8s cela<br \/>\nde rentrer \u00e0 la maison chacun<br \/>\ndans son coin. Ma t\u00e2che, pour<br \/>\nl\u2019heure, est de faire franchir au<br \/>\nFront de gauche un seuil de cr\u00e9dibilit\u00e9.<br \/>\nCela implique un score<br \/>\n\u00e0 deux chiffres. Mais ce n\u2019est<br \/>\nqu\u2019une \u00e9tape de la r\u00e9volution citoyenne.<br \/>\nAu final, elle a vocation<br \/>\n\u00e0 nous \u00e9chapper. Par exemple,<br \/>\nnotre initiative \u00ab Reprenons la<br \/>\nBastille \u00bb, le 18 mars prochain,<br \/>\ns\u2019est enflamm\u00e9e \u00e0 partir d\u2019une<br \/>\nsimple phrase prononc\u00e9e dans<br \/>\nun meeting. D\u00e8s le lendemain,<br \/>\ncomme une tra\u00een\u00e9e de poudre,<br \/>\nla nouvelle se r\u00e9pandait sur les<br \/>\nr\u00e9seaux sociaux, du covoiturage<br \/>\ns\u2019organisait et des billets de<br \/>\ntrains s\u2019\u00e9changeaient. C\u2019est une<br \/>\nappropriation populaire. Voil\u00e0<br \/>\nce qu\u2019est le Front de gauche,<br \/>\nun parcours vers la r\u00e9volution<br \/>\ncitoyenne. Si nous ne prenons<br \/>\npas le pouvoir, \u00ab les aust\u00e9ritaires<br \/>\n\u00bb plongeront la France<br \/>\ndans la situation catastrophique<br \/>\nde la Gr\u00e8ce. Avec de telles<br \/>\npolitiques d&#8217;aust\u00e9rit\u00e9, m\u00eame<br \/>\nl\u2019Allemagne est promise \u00e0 cet<br \/>\navenir. <div id='gallery-1' class='gallery galleryid-5328 gallery-columns-3 gallery-size-thumbnail'><figure class='gallery-item'>\n\t\t\t<div class='gallery-icon landscape'>\n\t\t\t\t<a href='https:\/\/archives.regards.fr\/wp-content\/uploads\/2012\/03\/mels-2-b9d.jpg'><img loading=\"lazy\" decoding=\"async\" width=\"150\" height=\"150\" src=\"https:\/\/archives.regards.fr\/wp-content\/uploads\/2012\/03\/mels-2-b9d-150x150.jpg\" class=\"attachment-thumbnail size-thumbnail\" alt=\"Jean-Luc M\u00e9lenchon: \u00ab Nous \u00e9levons le niveau politique de l&#039;\u00e9lection \u00bb\" aria-describedby=\"gallery-1-16093\" \/><\/a>\n\t\t\t<\/div>\n\t\t\t\t<figcaption class='wp-caption-text gallery-caption' id='gallery-1-16093'>\n\t\t\t\tJean-Luc M\u00e9lenchon: \u00ab Nous \u00e9levons le niveau politique de l&#8217;\u00e9lection \u00bb\n\t\t\t\t<\/figcaption><\/figure><figure class='gallery-item'>\n\t\t\t<div class='gallery-icon landscape'>\n\t\t\t\t<a href='https:\/\/archives.regards.fr\/wp-content\/uploads\/2012\/03\/melb-2-787.jpg'><img loading=\"lazy\" decoding=\"async\" width=\"150\" height=\"122\" src=\"https:\/\/archives.regards.fr\/wp-content\/uploads\/2012\/03\/melb-2-787-150x122.jpg\" class=\"attachment-thumbnail size-thumbnail\" alt=\"Jean-Luc M\u00e9lenchon: \u00ab Nous \u00e9levons le niveau politique de l&#039;\u00e9lection \u00bb\" aria-describedby=\"gallery-1-16094\" \/><\/a>\n\t\t\t<\/div>\n\t\t\t\t<figcaption class='wp-caption-text gallery-caption' id='gallery-1-16094'>\n\t\t\t\tJean-Luc M\u00e9lenchon: \u00ab Nous \u00e9levons le niveau politique de l&#8217;\u00e9lection \u00bb\n\t\t\t\t<\/figcaption><\/figure><figure class='gallery-item'>\n\t\t\t<div class='gallery-icon landscape'>\n\t\t\t\t<a href='https:\/\/archives.regards.fr\/wp-content\/uploads\/2012\/03\/melc-2-de0.jpg'><img loading=\"lazy\" decoding=\"async\" width=\"80\" height=\"55\" src=\"https:\/\/archives.regards.fr\/wp-content\/uploads\/2012\/03\/melc-2-de0.jpg\" class=\"attachment-thumbnail size-thumbnail\" alt=\"Jean-Luc M\u00e9lenchon: \u00ab Nous \u00e9levons le niveau politique de l&#039;\u00e9lection \u00bb\" aria-describedby=\"gallery-1-16095\" \/><\/a>\n\t\t\t<\/div>\n\t\t\t\t<figcaption class='wp-caption-text gallery-caption' id='gallery-1-16095'>\n\t\t\t\tJean-Luc M\u00e9lenchon: \u00ab Nous \u00e9levons le niveau politique de l&#8217;\u00e9lection \u00bb\n\t\t\t\t<\/figcaption><\/figure>\n\t\t<\/div>\n<\/p>\n","protected":false},"excerpt":{"rendered":"<p><em>M\u00e9lenchon prend la main.<\/em><\/p>\n<p>Ira-t-il dans un gouvernement<br \/>\nsocialiste ?<br \/>\nPourquoi chanter la<br \/>\nMarseillaise dans les meetings<br \/>\n? \u00c0 quoi sert le Front<br \/>\nde gauche ? Tout ce que<br \/>\nvous avez toujours voulu<br \/>\nsavoir sur Jean-Luc M\u00e9lenchon\u2026<br \/>\nsans jamais avoir<br \/>\nos\u00e9 lui demander.<\/p>\n","protected":false},"author":569,"featured_media":16093,"comment_status":"open","ping_status":"open","sticky":false,"template":"","format":"standard","meta":{"_themeisle_gutenberg_block_has_review":false,"footnotes":""},"categories":[141],"tags":[290,293,295],"class_list":["post-5328","post","type-post","status-publish","format-standard","has-post-thumbnail","hentry","category-archives-web","tag-elections","tag-entretien","tag-nupes"],"_links":{"self":[{"href":"https:\/\/archives.regards.fr\/index.php?rest_route=\/wp\/v2\/posts\/5328","targetHints":{"allow":["GET"]}}],"collection":[{"href":"https:\/\/archives.regards.fr\/index.php?rest_route=\/wp\/v2\/posts"}],"about":[{"href":"https:\/\/archives.regards.fr\/index.php?rest_route=\/wp\/v2\/types\/post"}],"author":[{"embeddable":true,"href":"https:\/\/archives.regards.fr\/index.php?rest_route=\/wp\/v2\/users\/569"}],"replies":[{"embeddable":true,"href":"https:\/\/archives.regards.fr\/index.php?rest_route=%2Fwp%2Fv2%2Fcomments&post=5328"}],"version-history":[{"count":0,"href":"https:\/\/archives.regards.fr\/index.php?rest_route=\/wp\/v2\/posts\/5328\/revisions"}],"wp:featuredmedia":[{"embeddable":true,"href":"https:\/\/archives.regards.fr\/index.php?rest_route=\/wp\/v2\/media\/16093"}],"wp:attachment":[{"href":"https:\/\/archives.regards.fr\/index.php?rest_route=%2Fwp%2Fv2%2Fmedia&parent=5328"}],"wp:term":[{"taxonomy":"category","embeddable":true,"href":"https:\/\/archives.regards.fr\/index.php?rest_route=%2Fwp%2Fv2%2Fcategories&post=5328"},{"taxonomy":"post_tag","embeddable":true,"href":"https:\/\/archives.regards.fr\/index.php?rest_route=%2Fwp%2Fv2%2Ftags&post=5328"}],"curies":[{"name":"wp","href":"https:\/\/api.w.org\/{rel}","templated":true}]}}