{"id":5327,"date":"2012-03-15T14:41:35","date_gmt":"2012-03-15T13:41:35","guid":{"rendered":"https:\/\/wp.muchomaas.com\/rassembleur-mais-jusqu-ou5327\/"},"modified":"2023-06-23T23:11:02","modified_gmt":"2023-06-23T21:11:02","slug":"rassembleur-mais-jusqu-ou5327","status":"publish","type":"post","link":"https:\/\/archives.regards.fr\/?p=5327","title":{"rendered":"Rassembleur, mais jusqu&#8217;o\u00f9 ?"},"content":{"rendered":"<p class=\"post_excerpt\"><em>M\u00e9lenchon prend la main.<\/em><\/p>\n<p>Quel sera le r\u00e9sultat<br \/>\ndu candidat<br \/>\ndu Front de<br \/>\ngauche ? Autour de 10 % ?<br \/>\nPlus ? Moins ? Le score final<br \/>\nd\u00e9pendra aussi de la<br \/>\nfin de campagne. D\u2019ores<br \/>\net d\u00e9j\u00e0, Jean-Luc M\u00e9lenchon<br \/>\n\u00e9merge comme une<br \/>\ndes r\u00e9v\u00e9lations de cette<br \/>\n\u00e9lection et la gauche de<br \/>\ngauche a retrouv\u00e9 de la<br \/>\nvoix. Forces et faiblesses<br \/>\nd\u2019une candidature.<\/p>\n<p>Sans conteste, le principal<br \/>\natout de Jean-Luc M\u00e9lenchon<br \/>\nest d\u2019\u00eatre le candidat d\u2019un espace<br \/>\npolitique qui a de solides<br \/>\nracines en France. Le niveau<br \/>\nactuel des intentions de vote<br \/>\n(proche des 10 %) ne surprend<br \/>\nqu\u2019au regard de l\u2019histoire toute<br \/>\nr\u00e9cente marqu\u00e9e par l\u2019effacement<br \/>\ndu PCF, par la mont\u00e9e<br \/>\nde l\u2019extr\u00eame gauche et par<br \/>\nl\u2019\u00e9parpillement de la gauche<br \/>\nradicale. Pourtant dans l\u2019histoire<br \/>\npolitique fran\u00e7aise, ces forces \u2013<br \/>\nqu\u2019elles soient s\u00e9par\u00e9es ou rassembl\u00e9es<br \/>\n\u2013 n\u2019ont jamais pes\u00e9<br \/>\nmoins de 10 % (Lire encadr\u00e9).<br \/>\nMais vouloir occuper un espace<br \/>\npolitique, lui redonner du tonus,<br \/>\nne suffit pas pour r\u00e9ussir. La<br \/>\ncandidature de Jean-Luc M\u00e9lenchon<br \/>\nb\u00e9n\u00e9ficie d\u2019un alignement<br \/>\nexceptionnel des astres<br \/>\npolitiques : le PCF le soutient<br \/>\nau moment m\u00eame o\u00f9 les figures<br \/>\nde l\u2019extr\u00eame gauche passent la<br \/>\nmain, alors que Chev\u00e8nement<br \/>\ns\u2019\u00e9clipse et qu\u2019Eva Joly patine. Il s\u2019impose alors que toute<br \/>\nla gauche critique est rinc\u00e9e<br \/>\npar ses \u00e9clatements pass\u00e9s et<br \/>\nmesure le p\u00e9ril qu\u2019il y aurait \u00e0<br \/>\npersister dans cette voie. Une<br \/>\ncandidature de rassemblement<br \/>\n\u00eatre la seule voie pour redonner<br \/>\ndu sens politique. Jean-Luc M\u00e9lenchon<br \/>\na eu la prescience de<br \/>\nramasser le drapeau rouge jonch\u00e9<br \/>\nau sol. Mais l\u2019ancien s\u00e9nateur<br \/>\nn\u2019a rien de Charlie Chaplin<br \/>\ndans les <em>Temps modernes<\/em> ; il n\u2019a<br \/>\naucune des na\u00efvet\u00e9s de ce prol\u00e9taire<br \/>\n\u00e0 la d\u00e9marche gauche. Il<br \/>\na au contraire construit m\u00e9thodiquement<br \/>\nsa campagne.<\/p>\n<h2>S\u00e9duction<\/h2>\n<p>Comme un valseur, il sait qu\u2019il<br \/>\nfaut trois temps pour \u00eatre dans<br \/>\nle rythme. Premier temps,<br \/>\ns\u00e9duire l\u2019espace communiste.<br \/>\nEt il n\u2019a pas l\u00e9sin\u00e9. Il n\u2019a pas<br \/>\nh\u00e9sit\u00e9 \u00e0 se rapprocher de<br \/>\nMarie-George Buffet toujours<br \/>\ntraumatis\u00e9e par son r\u00e9sultat<br \/>\ncatastrophique \u00e0 la pr\u00e9sidentielle.<br \/>\nAccolades \u00e0 r\u00e9p\u00e9tition<br \/>\net <em>standing ovation<\/em> pour la<br \/>\npremi\u00e8re secr\u00e9taire sont les<br \/>\ngages pour conclure un pacte<br \/>\nqui conduira le PCF \u00e0 le choisir,<br \/>\nlui, le socialiste r\u00e9publicain,<br \/>\ncomme candidat \u00e0 la pr\u00e9sidentielle.<br \/>\nIronie de l\u2019histoire quand<br \/>\non se souvient de l\u2019hostilit\u00e9 du<br \/>\nparti \u00e0 toute candidature non<br \/>\nestampill\u00e9e PCF en 2007. Jean-<br \/>\nLuc M\u00e9lenchon ne manque<br \/>\njamais de remercier \u00e0 sa fa\u00e7on<br \/>\nces communistes qui lui permettent<br \/>\nd\u2019\u00eatre l\u00e0 aujourd\u2019hui.<br \/>\nIl le fait en homme qui n\u2019aime<br \/>\ngu\u00e8re les communistes et les<br \/>\nconna\u00eet mal. Ses hommages<br \/>\nsont souvent surann\u00e9s, parfois<br \/>\nd\u00e9plac\u00e9s, comme sa filiation<br \/>\nproclam\u00e9e avec le Georges<br \/>\nMarchais de fin de partie qui irrite<br \/>\net d\u00e9sole aujourd\u2019hui encore<br \/>\ntant de communistes.<\/p>\n<p>Le deuxi\u00e8me temps est celui de<br \/>\nl\u2019effraction. Il sait que sa place<br \/>\ndans le d\u00e9bat de la pr\u00e9sidentielle<br \/>\nne lui est pas acquise.<br \/>\nL\u2019espace politique se porte tr\u00e8s<br \/>\nbien de l\u2019\u00e9viction de la gauche<br \/>\nde gauche. Alors, M\u00e9lenchon<br \/>\najuste et cogne. Il proclame<br \/>\nd\u00e8s son entr\u00e9e en campagne :<br \/>\n\u00ab <em>Je serai le bruit et la fureur, le<br \/>\ntumulte et le fracas.<\/em> \u00bb Promesse<br \/>\npr\u00e9somptueuse, promesse<br \/>\nr\u00e9ussie. Son style fait mouche,<br \/>\nses formules passent le mur du silence m\u00e9diatique. On parle<br \/>\nde cette candidature. Mais bien<br \/>\nvite il appara\u00eet que M\u00e9lenchon<br \/>\nn\u2019est pas un vulgaire populiste<br \/>\nau langage de charretier. Au<br \/>\ncontraire, sa langue est riche, la<br \/>\nr\u00e9flexion profonde, le discours<br \/>\n\u00e9lev\u00e9. Il faut \u00e9couter les discours<br \/>\nde M\u00e9lenchon. Ce ne sont pas<br \/>\nque des effets de manches \u2013<br \/>\nm\u00eame s&#8217;il y en a &#8211; mais la perspective<br \/>\nest ample. Ses meetings<br \/>\ntournent \u00e0 l\u2019universit\u00e9 populaire.<br \/>\nLe truculent personnage attire,<br \/>\nle public \u00e9coute.<\/p>\n<p>Et voici le troisi\u00e8me temps de<br \/>\nla danse, celui o\u00f9 l\u2019on emballe.<br \/>\nJean-Luc M\u00e9lenchon d\u00e9roule<br \/>\nun discours \u00e0 la fa\u00e7on d\u2019un<br \/>\ntribun ou d\u2019un hussard de la<br \/>\nr\u00e9publique. Il ose remettre de<br \/>\nla conflictualit\u00e9 politique. Sa<br \/>\ncandidature est sans conteste<br \/>\nen d\u00e9calage avec les bases<br \/>\ncommunes aux trois autres candidats,<br \/>\ncelles d\u2019une r\u00e9duction<br \/>\nde la dette par la compression<br \/>\ndes d\u00e9penses publiques. Il le<br \/>\ndit, le mart\u00e8le, soutient les luttes<br \/>\ndes travailleurs et des Grecs,<br \/>\nse moque des triples buses,<br \/>\nles agences de notation, en<br \/>\nappelle \u00e0 la construction d\u2019un<br \/>\nrapport des force politique et<br \/>\nau courage politique que n\u2019ont<br \/>\npas eu les socialistes au pouvoir<br \/>\nen Gr\u00e8ce, en Espagne, au<br \/>\nPortugal. Il fait rire, fait vibrer<br \/>\nson auditoire, l\u00e8ve un espoir.<br \/>\nConflictualit\u00e9 encore, violente<br \/>\ncette fois, avec Marine Le Pen.<br \/>\nLes syndicalistes, les militants<br \/>\nde terrain se retrouvent dans<br \/>\ncette lutte sans concession<br \/>\ncontre les id\u00e9es qui divisent et<br \/>\nab\u00eement ceux qui les partagent.<br \/>\nTranchant du discours, personnalit\u00e9<br \/>\nhaute en couleur, qualit\u00e9<br \/>\ndu verbe : M\u00e9lenchon a les<br \/>\natouts pour porter un message<br \/>\npolitique qui ne se distingue<br \/>\npas par sa nouveaut\u00e9 mais par<br \/>\nsa n\u00e9cessit\u00e9. Cela lui assure le<br \/>\nvote du socle de la gauche antilib\u00e9rale.<br \/>\nPas encore le soutien<br \/>\nde tout l\u2019espace de la critique<br \/>\nsociale. \u00c0 l\u2019inverse d\u2019un Jos\u00e9<br \/>\nBov\u00e9 ligot\u00e9 par son entourage,<br \/>\nJean-Luc M\u00e9lenchon a choisi<br \/>\nde s\u2019exprimer \u00e0 sa fa\u00e7on, selon<br \/>\nses propres engagements, sans<br \/>\ntrop de compromis. Il en tire le<br \/>\nb\u00e9n\u00e9fice de la puissance de<br \/>\nconviction. Il efface le spectre<br \/>\ndes couleurs pr\u00e9sentes dans<br \/>\ncet univers qui n\u2019est pas, loin<br \/>\ns\u2019en faut, domin\u00e9 par les id\u00e9es<br \/>\nr\u00e9publicaines et socialistes.<div id='gallery-1' class='gallery galleryid-5327 gallery-columns-3 gallery-size-thumbnail'><figure class='gallery-item'>\n\t\t\t<div class='gallery-icon landscape'>\n\t\t\t\t<a href='https:\/\/archives.regards.fr\/wp-content\/uploads\/2012\/03\/mel-3-09e.jpg'><img loading=\"lazy\" decoding=\"async\" width=\"150\" height=\"150\" src=\"https:\/\/archives.regards.fr\/wp-content\/uploads\/2012\/03\/mel-3-09e-150x150.jpg\" class=\"attachment-thumbnail size-thumbnail\" alt=\"mel-3.jpg\" \/><\/a>\n\t\t\t<\/div><\/figure>\n\t\t<\/div>\n<\/p>\n","protected":false},"excerpt":{"rendered":"<p><em>M\u00e9lenchon prend la main.<\/em><\/p>\n<p>Quel sera le r\u00e9sultat<br \/>\ndu candidat<br \/>\ndu Front de<br \/>\ngauche ? Autour de 10 % ?<br \/>\nPlus ? Moins ? Le score final<br \/>\nd\u00e9pendra aussi de la<br \/>\nfin de campagne. D\u2019ores<br \/>\net d\u00e9j\u00e0, Jean-Luc M\u00e9lenchon<br \/>\n\u00e9merge comme une<br \/>\ndes r\u00e9v\u00e9lations de cette<br \/>\n\u00e9lection et la gauche de<br \/>\ngauche a retrouv\u00e9 de la<br \/>\nvoix. Forces et faiblesses<br \/>\nd\u2019une candidature.<\/p>\n","protected":false},"author":464,"featured_media":16091,"comment_status":"open","ping_status":"open","sticky":false,"template":"","format":"standard","meta":{"_themeisle_gutenberg_block_has_review":false,"footnotes":""},"categories":[141],"tags":[290,295],"class_list":["post-5327","post","type-post","status-publish","format-standard","has-post-thumbnail","hentry","category-archives-web","tag-elections","tag-nupes"],"_links":{"self":[{"href":"https:\/\/archives.regards.fr\/index.php?rest_route=\/wp\/v2\/posts\/5327","targetHints":{"allow":["GET"]}}],"collection":[{"href":"https:\/\/archives.regards.fr\/index.php?rest_route=\/wp\/v2\/posts"}],"about":[{"href":"https:\/\/archives.regards.fr\/index.php?rest_route=\/wp\/v2\/types\/post"}],"author":[{"embeddable":true,"href":"https:\/\/archives.regards.fr\/index.php?rest_route=\/wp\/v2\/users\/464"}],"replies":[{"embeddable":true,"href":"https:\/\/archives.regards.fr\/index.php?rest_route=%2Fwp%2Fv2%2Fcomments&post=5327"}],"version-history":[{"count":0,"href":"https:\/\/archives.regards.fr\/index.php?rest_route=\/wp\/v2\/posts\/5327\/revisions"}],"wp:featuredmedia":[{"embeddable":true,"href":"https:\/\/archives.regards.fr\/index.php?rest_route=\/wp\/v2\/media\/16091"}],"wp:attachment":[{"href":"https:\/\/archives.regards.fr\/index.php?rest_route=%2Fwp%2Fv2%2Fmedia&parent=5327"}],"wp:term":[{"taxonomy":"category","embeddable":true,"href":"https:\/\/archives.regards.fr\/index.php?rest_route=%2Fwp%2Fv2%2Fcategories&post=5327"},{"taxonomy":"post_tag","embeddable":true,"href":"https:\/\/archives.regards.fr\/index.php?rest_route=%2Fwp%2Fv2%2Ftags&post=5327"}],"curies":[{"name":"wp","href":"https:\/\/api.w.org\/{rel}","templated":true}]}}