{"id":5320,"date":"2012-03-08T14:00:00","date_gmt":"2012-03-08T13:00:00","guid":{"rendered":"https:\/\/wp.muchomaas.com\/le-corps-au-crible-du-feminisme5320\/"},"modified":"2012-03-08T14:00:00","modified_gmt":"2012-03-08T13:00:00","slug":"le-corps-au-crible-du-feminisme5320","status":"publish","type":"post","link":"https:\/\/archives.regards.fr\/?p=5320","title":{"rendered":"Le corps au crible du f\u00e9minisme"},"content":{"rendered":"<p class=\"post_excerpt\">Mona Chollet<\/p>\n<p><strong>\u00ab <em>La question du corps pourrait<br \/>\nbien constituer (\u2026) la cl\u00e9 d\u2019une<br \/>\navanc\u00e9e des droits des femmes<br \/>\nsur tous les autres plans.<\/em> \u00bb<\/strong><br \/>\nMona Chollet interroge dans<br \/>\n<em>Beaut\u00e9 fatale<\/em> la r\u00e9ception d\u2019une<br \/>\nculture de masse \u2013 feuilletons,<br \/>\nmagazines, etc. \u2013 qui fa\u00e7onne<br \/>\nles imaginaires et informe les<br \/>\ncorps. Entre injonction de perfection<br \/>\net digestion de l\u2019information,<br \/>\nelle pointe les ravages<br \/>\ndes repr\u00e9sentations de la \u00ab f\u00e9minit\u00e9<br \/>\n\u00bb. Lesquelles poussent \u00e0<br \/>\ndevenir si mince qu\u2019on finit par<br \/>\ndispara\u00eetre, estime par exemple<br \/>\nl\u2019auteure, prenant le contrepied<br \/>\ndes explications psychologiques<br \/>\nde l\u2019anorexie. Un<br \/>\nouvrage \u00e0 d\u00e9vorer avec app\u00e9tit<br \/>\npour en finir avec la n\u00e9gation de<br \/>\nsoi. <\/p>\n","protected":false},"excerpt":{"rendered":"<p>Mona Chollet<\/p>\n","protected":false},"author":573,"featured_media":16081,"comment_status":"open","ping_status":"open","sticky":false,"template":"","format":"standard","meta":{"_themeisle_gutenberg_block_has_review":false,"footnotes":""},"categories":[111],"tags":[392],"class_list":["post-5320","post","type-post","status-publish","format-standard","has-post-thumbnail","hentry","category-nos-selections","tag-essai"],"_links":{"self":[{"href":"https:\/\/archives.regards.fr\/index.php?rest_route=\/wp\/v2\/posts\/5320","targetHints":{"allow":["GET"]}}],"collection":[{"href":"https:\/\/archives.regards.fr\/index.php?rest_route=\/wp\/v2\/posts"}],"about":[{"href":"https:\/\/archives.regards.fr\/index.php?rest_route=\/wp\/v2\/types\/post"}],"author":[{"embeddable":true,"href":"https:\/\/archives.regards.fr\/index.php?rest_route=\/wp\/v2\/users\/573"}],"replies":[{"embeddable":true,"href":"https:\/\/archives.regards.fr\/index.php?rest_route=%2Fwp%2Fv2%2Fcomments&post=5320"}],"version-history":[{"count":0,"href":"https:\/\/archives.regards.fr\/index.php?rest_route=\/wp\/v2\/posts\/5320\/revisions"}],"wp:featuredmedia":[{"embeddable":true,"href":"https:\/\/archives.regards.fr\/index.php?rest_route=\/wp\/v2\/media\/16081"}],"wp:attachment":[{"href":"https:\/\/archives.regards.fr\/index.php?rest_route=%2Fwp%2Fv2%2Fmedia&parent=5320"}],"wp:term":[{"taxonomy":"category","embeddable":true,"href":"https:\/\/archives.regards.fr\/index.php?rest_route=%2Fwp%2Fv2%2Fcategories&post=5320"},{"taxonomy":"post_tag","embeddable":true,"href":"https:\/\/archives.regards.fr\/index.php?rest_route=%2Fwp%2Fv2%2Ftags&post=5320"}],"curies":[{"name":"wp","href":"https:\/\/api.w.org\/{rel}","templated":true}]}}