{"id":5318,"date":"2012-03-11T10:00:00","date_gmt":"2012-03-11T09:00:00","guid":{"rendered":"https:\/\/wp.muchomaas.com\/fin-d-un-black-out5318\/"},"modified":"2012-03-11T10:00:00","modified_gmt":"2012-03-11T09:00:00","slug":"fin-d-un-black-out5318","status":"publish","type":"post","link":"https:\/\/archives.regards.fr\/?p=5318","title":{"rendered":"Fin d\u2019un black out"},"content":{"rendered":"<p class=\"post_excerpt\">Pascal Blanchard, Juan Gelas<\/p>\n<p><strong>Bonne nouvelle, le documentaire<br \/>\n<em>Noirs de France<\/em> de l\u2019historien<br \/>\nPascal Blanchard et du<br \/>\nr\u00e9alisateur Juan Gelas diffus\u00e9<br \/>\nsur France 5 sort en DVD<\/strong>. Le<br \/>\nfilm, en trois \u00e9pisodes, retrace le<br \/>\nlong combat pour la reconnaissance<br \/>\net l\u2019\u00e9galit\u00e9 des droits des<br \/>\npopulations noires. Une lecture<br \/>\nhistorique puissante qui met au<br \/>\njour un paradoxe hexagonal : des<br \/>\nsportifs am\u00e9ricains se r\u00e9fugient<br \/>\nen France avant-guerre pour<br \/>\n\u00e9chapper \u00e0 la s\u00e9gr\u00e9gation qui<br \/>\ns\u00e9vit aux \u00c9tats-Unis, le S\u00e9nat est<br \/>\npr\u00e9sid\u00e9 par un Noir d\u00e8s 1959,<br \/>\nGaston Monerville\u2026 et 50 ans<br \/>\nplus tard, les Noirs de France<br \/>\nrestent \u00ab <em>des Fran\u00e7ais enti\u00e8rement<br \/>\n\u00e0 part et non des Fran\u00e7ais<br \/>\n\u00e0 part enti\u00e8re <\/em> \u00bb.<\/p>\n","protected":false},"excerpt":{"rendered":"<p>Pascal Blanchard, Juan Gelas<\/p>\n","protected":false},"author":569,"featured_media":16079,"comment_status":"open","ping_status":"open","sticky":false,"template":"","format":"standard","meta":{"_themeisle_gutenberg_block_has_review":false,"footnotes":""},"categories":[111],"tags":[391],"class_list":["post-5318","post","type-post","status-publish","format-standard","has-post-thumbnail","hentry","category-nos-selections","tag-dvd"],"_links":{"self":[{"href":"https:\/\/archives.regards.fr\/index.php?rest_route=\/wp\/v2\/posts\/5318","targetHints":{"allow":["GET"]}}],"collection":[{"href":"https:\/\/archives.regards.fr\/index.php?rest_route=\/wp\/v2\/posts"}],"about":[{"href":"https:\/\/archives.regards.fr\/index.php?rest_route=\/wp\/v2\/types\/post"}],"author":[{"embeddable":true,"href":"https:\/\/archives.regards.fr\/index.php?rest_route=\/wp\/v2\/users\/569"}],"replies":[{"embeddable":true,"href":"https:\/\/archives.regards.fr\/index.php?rest_route=%2Fwp%2Fv2%2Fcomments&post=5318"}],"version-history":[{"count":0,"href":"https:\/\/archives.regards.fr\/index.php?rest_route=\/wp\/v2\/posts\/5318\/revisions"}],"wp:featuredmedia":[{"embeddable":true,"href":"https:\/\/archives.regards.fr\/index.php?rest_route=\/wp\/v2\/media\/16079"}],"wp:attachment":[{"href":"https:\/\/archives.regards.fr\/index.php?rest_route=%2Fwp%2Fv2%2Fmedia&parent=5318"}],"wp:term":[{"taxonomy":"category","embeddable":true,"href":"https:\/\/archives.regards.fr\/index.php?rest_route=%2Fwp%2Fv2%2Fcategories&post=5318"},{"taxonomy":"post_tag","embeddable":true,"href":"https:\/\/archives.regards.fr\/index.php?rest_route=%2Fwp%2Fv2%2Ftags&post=5318"}],"curies":[{"name":"wp","href":"https:\/\/api.w.org\/{rel}","templated":true}]}}