{"id":5317,"date":"2012-03-16T10:00:00","date_gmt":"2012-03-16T09:00:00","guid":{"rendered":"https:\/\/wp.muchomaas.com\/my-president-is-black5317\/"},"modified":"2012-03-16T10:00:00","modified_gmt":"2012-03-16T09:00:00","slug":"my-president-is-black5317","status":"publish","type":"post","link":"https:\/\/archives.regards.fr\/?p=5317","title":{"rendered":"My president is black"},"content":{"rendered":"<p class=\"post_excerpt\">Amy<br \/>\nK. Greene<\/p>\n<p><strong>L\u2019ouvrage au titre trompeur<br \/>\nd\u2019Amy K. Greene dresse l\u2019\u00e9tat<br \/>\ndes rapports de force politiques<br \/>\naux \u00c9tats-Unis, \u00e0 moins d\u2019un an<br \/>\nde l\u2019\u00e9lection de novembre 2012.<\/strong><br \/>\nSans parier sur le verdict des<br \/>\nurnes, la politologue am\u00e9ricaine<br \/>\npropose une galerie de portraits<br \/>\nconcis mais inform\u00e9s, dont ceux<br \/>\ndu \u00ab <em>fastidieux<\/em> \u00bb Mit Romney et<br \/>\nde \u00ab <em>l\u2019opportuniste<\/em> \u00bb Sarah Palin.<br \/>\nL\u2019analyse des difficult\u00e9s d\u2019un<br \/>\nBarack Obama d\u00e9cevant les<br \/>\n\u00ab <em>immenses espoirs plac\u00e9s en<br \/>\nlui<\/em> \u00bb traverse cet ouvrage qui rappelle<br \/>\nque l\u2019all\u00e9geance aux trois<br \/>\n\u00ab <em>valeurs fondatrices de l\u2019Am\u00e9rique<\/em><br \/>\n\u00bb \u2013 capitalisme, individualisme,<br \/>\nreligion \u2013 est un passage<br \/>\noblig\u00e9 pour tout pr\u00e9tendant \u00e0 la<br \/>\nMaison Blanche.<\/p>\n","protected":false},"excerpt":{"rendered":"<p>Amy<br \/>\nK. Greene<\/p>\n","protected":false},"author":558,"featured_media":0,"comment_status":"open","ping_status":"open","sticky":false,"template":"","format":"standard","meta":{"_themeisle_gutenberg_block_has_review":false,"footnotes":""},"categories":[111],"tags":[392],"class_list":["post-5317","post","type-post","status-publish","format-standard","hentry","category-nos-selections","tag-essai"],"_links":{"self":[{"href":"https:\/\/archives.regards.fr\/index.php?rest_route=\/wp\/v2\/posts\/5317","targetHints":{"allow":["GET"]}}],"collection":[{"href":"https:\/\/archives.regards.fr\/index.php?rest_route=\/wp\/v2\/posts"}],"about":[{"href":"https:\/\/archives.regards.fr\/index.php?rest_route=\/wp\/v2\/types\/post"}],"author":[{"embeddable":true,"href":"https:\/\/archives.regards.fr\/index.php?rest_route=\/wp\/v2\/users\/558"}],"replies":[{"embeddable":true,"href":"https:\/\/archives.regards.fr\/index.php?rest_route=%2Fwp%2Fv2%2Fcomments&post=5317"}],"version-history":[{"count":0,"href":"https:\/\/archives.regards.fr\/index.php?rest_route=\/wp\/v2\/posts\/5317\/revisions"}],"wp:attachment":[{"href":"https:\/\/archives.regards.fr\/index.php?rest_route=%2Fwp%2Fv2%2Fmedia&parent=5317"}],"wp:term":[{"taxonomy":"category","embeddable":true,"href":"https:\/\/archives.regards.fr\/index.php?rest_route=%2Fwp%2Fv2%2Fcategories&post=5317"},{"taxonomy":"post_tag","embeddable":true,"href":"https:\/\/archives.regards.fr\/index.php?rest_route=%2Fwp%2Fv2%2Ftags&post=5317"}],"curies":[{"name":"wp","href":"https:\/\/api.w.org\/{rel}","templated":true}]}}