{"id":5316,"date":"2012-03-13T08:00:00","date_gmt":"2012-03-13T07:00:00","guid":{"rendered":"https:\/\/wp.muchomaas.com\/une-memoire-laicisee5316\/"},"modified":"2012-03-13T08:00:00","modified_gmt":"2012-03-13T07:00:00","slug":"une-memoire-laicisee5316","status":"publish","type":"post","link":"https:\/\/archives.regards.fr\/?p=5316","title":{"rendered":"Une m\u00e9moire la\u00efcis\u00e9e"},"content":{"rendered":"<p class=\"post_excerpt\">Fr\u00e9d\u00e9rick Genev\u00e9e<\/p>\n<p><strong>Du secret s\u00e9pulcral \u00e0 l\u2019ouverture<br \/>\nla plus large, Fr\u00e9d\u00e9rick Genev\u00e9e<br \/>\nretrace l\u2019histoire d\u2019un fonds<br \/>\ndocumentaire exceptionnel, sujet<br \/>\nde passions tout aussi antagoniques<br \/>\nque farouches<\/strong>. Rigoureusement<br \/>\ndocument\u00e9, ce travail va<br \/>\nbien au-del\u00e0 de son intitul\u00e9 : <em>Histoire<br \/>\ndes archives du Parti communiste<br \/>\nfran\u00e7ais<\/em>. Le parcours de<br \/>\nl\u2019archive s\u2019entrem\u00eale ici avec un<br \/>\nregard distanci\u00e9 sur la m\u00e9moire<br \/>\ncommuniste et sur l\u2019historiographie<br \/>\ndu PCF. Celle-ci balan\u00e7a<br \/>\nlongtemps entre hagiographie<br \/>\net d\u00e9nigrement. Elle est en train,<br \/>\nsinon de se pacifier \u2013 heureusement,<br \/>\nle conflit est la vie \u2013 mais<br \/>\nde se \u00ab la\u00efciser \u00bb. Dieu merci ?<\/p>\n","protected":false},"excerpt":{"rendered":"<p>Fr\u00e9d\u00e9rick Genev\u00e9e<\/p>\n","protected":false},"author":328,"featured_media":0,"comment_status":"open","ping_status":"open","sticky":false,"template":"","format":"standard","meta":{"_themeisle_gutenberg_block_has_review":false,"footnotes":""},"categories":[111],"tags":[392],"class_list":["post-5316","post","type-post","status-publish","format-standard","hentry","category-nos-selections","tag-essai"],"_links":{"self":[{"href":"https:\/\/archives.regards.fr\/index.php?rest_route=\/wp\/v2\/posts\/5316","targetHints":{"allow":["GET"]}}],"collection":[{"href":"https:\/\/archives.regards.fr\/index.php?rest_route=\/wp\/v2\/posts"}],"about":[{"href":"https:\/\/archives.regards.fr\/index.php?rest_route=\/wp\/v2\/types\/post"}],"author":[{"embeddable":true,"href":"https:\/\/archives.regards.fr\/index.php?rest_route=\/wp\/v2\/users\/328"}],"replies":[{"embeddable":true,"href":"https:\/\/archives.regards.fr\/index.php?rest_route=%2Fwp%2Fv2%2Fcomments&post=5316"}],"version-history":[{"count":0,"href":"https:\/\/archives.regards.fr\/index.php?rest_route=\/wp\/v2\/posts\/5316\/revisions"}],"wp:attachment":[{"href":"https:\/\/archives.regards.fr\/index.php?rest_route=%2Fwp%2Fv2%2Fmedia&parent=5316"}],"wp:term":[{"taxonomy":"category","embeddable":true,"href":"https:\/\/archives.regards.fr\/index.php?rest_route=%2Fwp%2Fv2%2Fcategories&post=5316"},{"taxonomy":"post_tag","embeddable":true,"href":"https:\/\/archives.regards.fr\/index.php?rest_route=%2Fwp%2Fv2%2Ftags&post=5316"}],"curies":[{"name":"wp","href":"https:\/\/api.w.org\/{rel}","templated":true}]}}