{"id":5315,"date":"2012-03-29T08:00:00","date_gmt":"2012-03-29T06:00:00","guid":{"rendered":"https:\/\/wp.muchomaas.com\/fossoyeurs5315\/"},"modified":"2012-03-29T08:00:00","modified_gmt":"2012-03-29T06:00:00","slug":"fossoyeurs5315","status":"publish","type":"post","link":"https:\/\/archives.regards.fr\/?p=5315","title":{"rendered":"Fossoyeurs"},"content":{"rendered":"<p class=\"post_excerpt\">Jean Baub\u00e9rot<\/p>\n<p><strong>Comment l\u2019un des principaux<br \/>\nmarqueurs de la gauche a-t-il<br \/>\n\u00e9t\u00e9 \u00ab UMP\u00e9nis\u00e9 \u00bb pour devenir<br \/>\nune arme de guerre sociale ?<\/strong><br \/>\nDans son essai, \u00e0 la fois p\u00e9dagogique<br \/>\net incisif, Jean Baub\u00e9rot<br \/>\nd\u00e9cortique ce virage en rappelant<br \/>\ntr\u00e8s utilement les \u00e9pisodes<br \/>\ndu rapport Baroin et de celui<br \/>\ndu Haut Conseil \u00e0 l\u2019int\u00e9gration,<br \/>\ncommand\u00e9 par le gouvernement<br \/>\nVillepin. L\u2019auteur ne cherche pas<br \/>\nseulement \u00e0 d\u00e9noncer le hold-up<br \/>\nop\u00e9r\u00e9 par la droite extr\u00eame, mais<br \/>\npropose aussi de rouvrir le d\u00e9bat<br \/>\n\u00e0 gauche (\u00e0 l\u2019\u00e9tat clinique depuis<br \/>\nl\u2019affaire du voile) avec un \u00ab <em>programme<br \/>\nr\u00e9publicain pour refonder<br \/>\nla la\u00efcit\u00e9<\/em> \u00bb. Enthousiasmant !<\/p>\n","protected":false},"excerpt":{"rendered":"<p>Jean Baub\u00e9rot<\/p>\n","protected":false},"author":1,"featured_media":0,"comment_status":"open","ping_status":"open","sticky":false,"template":"","format":"standard","meta":{"_themeisle_gutenberg_block_has_review":false,"footnotes":""},"categories":[111],"tags":[392],"class_list":["post-5315","post","type-post","status-publish","format-standard","hentry","category-nos-selections","tag-essai"],"_links":{"self":[{"href":"https:\/\/archives.regards.fr\/index.php?rest_route=\/wp\/v2\/posts\/5315","targetHints":{"allow":["GET"]}}],"collection":[{"href":"https:\/\/archives.regards.fr\/index.php?rest_route=\/wp\/v2\/posts"}],"about":[{"href":"https:\/\/archives.regards.fr\/index.php?rest_route=\/wp\/v2\/types\/post"}],"author":[{"embeddable":true,"href":"https:\/\/archives.regards.fr\/index.php?rest_route=\/wp\/v2\/users\/1"}],"replies":[{"embeddable":true,"href":"https:\/\/archives.regards.fr\/index.php?rest_route=%2Fwp%2Fv2%2Fcomments&post=5315"}],"version-history":[{"count":0,"href":"https:\/\/archives.regards.fr\/index.php?rest_route=\/wp\/v2\/posts\/5315\/revisions"}],"wp:attachment":[{"href":"https:\/\/archives.regards.fr\/index.php?rest_route=%2Fwp%2Fv2%2Fmedia&parent=5315"}],"wp:term":[{"taxonomy":"category","embeddable":true,"href":"https:\/\/archives.regards.fr\/index.php?rest_route=%2Fwp%2Fv2%2Fcategories&post=5315"},{"taxonomy":"post_tag","embeddable":true,"href":"https:\/\/archives.regards.fr\/index.php?rest_route=%2Fwp%2Fv2%2Ftags&post=5315"}],"curies":[{"name":"wp","href":"https:\/\/api.w.org\/{rel}","templated":true}]}}