{"id":5312,"date":"2012-03-11T10:00:00","date_gmt":"2012-03-11T09:00:00","guid":{"rendered":"https:\/\/wp.muchomaas.com\/expos-showroom5312\/"},"modified":"2023-06-23T23:11:00","modified_gmt":"2023-06-23T21:11:00","slug":"expos-showroom5312","status":"publish","type":"post","link":"https:\/\/archives.regards.fr\/?p=5312","title":{"rendered":"Expos showroom"},"content":{"rendered":"<p class=\"post_excerpt\">CULTURE PARK, la chronique de Bernard Hasquenoph &#8211; <a href=\"http:\/\/www.louvrepourtous.fr\/\">louvrepourtous.fr<\/a><\/p>\n<p><strong>LVMH adore les mus\u00e9es.<\/strong> Surtout pour y voir ses sacs Vuitton sous<br \/>\nvitrine. En 2010, la marque plus que centenaire, fleuron du groupe,<br \/>\neut les honneurs d\u2019un mus\u00e9e municipal parisien, Carnavalet, qui lui<br \/>\nconsacra une exposition historique. Celle-ci, amn\u00e9sique quant au<br \/>\npass\u00e9 trouble de la griffe durant la Seconde Guerre mondiale, se<br \/>\nterminait en showroom. Un an apr\u00e8s, on retrouvait Vuitton \u00e0 P\u00e9kin,<br \/>\nau Mus\u00e9e national de Chine o\u00f9 la soci\u00e9t\u00e9 r\u00e9alise ses ventes records.<br \/>\nSi les deux manifestations partageaient le m\u00eame visuel, c\u2019est<br \/>\nqu\u2019elles avaient \u00e9t\u00e9 livr\u00e9es quasiment cl\u00e9s en main par l\u2019entreprise.<br \/>\nCe mois-ci, Vuitton s\u2019expose de nouveau \u00e0 Paris, aux Arts d\u00e9coratifs.<br \/>\nL\u2019\u00e9tablissement poss\u00e8de des malles d\u2019origine donn\u00e9es par la famille<br \/>\navant que les h\u00e9ritiers ne soient mis \u00e0 la porte de leur propre maison<br \/>\npar Bernard Arnault. Ironie du sort et hasard sans doute, le PDG<br \/>\nde LVMH si\u00e8ge aujourd\u2019hui au conseil d\u2019administration du mus\u00e9e.<br \/>\nReste que cette exposition aurait du sens si elle se contentait de<br \/>\nresituer dans leur contexte ces bagages chics, mais elle entend<br \/>\nsurtout \u00e9tablir un parall\u00e8le entre le fondateur de la marque, artisan<br \/>\net homme d\u2019affaires avis\u00e9 du XIXe si\u00e8cle, et son directeur artistique<br \/>\nactuel, le styliste am\u00e9ricain Marc Jacobs, embauch\u00e9 pour relooker<br \/>\nla vieille maison et cr\u00e9er <em>ex nihilo<\/em> des collections de pr\u00eat-\u00e0-porter.<br \/>\nLe lien est tellement probant qu\u2019ils sont chacun rel\u00e9gu\u00e9 \u00e0 un \u00e9tage<br \/>\ndiff\u00e9rent du b\u00e2timent\u2026 Bref, l\u2019op\u00e9ration sent la publicit\u00e9 \u00e0 plein nez.<br \/>\nCes derni\u00e8res ann\u00e9es, les \u00ab publi-expositions \u00bb ont fait une entr\u00e9e<br \/>\ndiscr\u00e8te dans les mus\u00e9es, pourtant tenus \u00e0 une objectivit\u00e9 scientifique,<br \/>\nmais de plus en plus en mal d\u2019argent. De Breguet au Louvre \u00e0<br \/>\nBulgari au Grand Palais, les marques stars ont compris les b\u00e9n\u00e9fices<br \/>\nqu\u2019elles pouvaient tirer \u00e0 devenir elles-m\u00eames sujets d\u2019expositions :<br \/>\npublicit\u00e9 gratuite dans des m\u00e9dias complaisants, d\u00e9duction fiscale<br \/>\npour des op\u00e9rations assimil\u00e9es \u00e0 du m\u00e9c\u00e9nat et ancrage patrimonial<br \/>\nde leur image. Pour le commerce de luxe, c\u2019est essentiel, car il s\u2019agit<br \/>\nde perp\u00e9tuer une l\u00e9gende d\u2019excellence et d\u2019intemporalit\u00e9. Pour le<br \/>\nvisiteur, cette strat\u00e9gie marketing \u00e9lev\u00e9e au rang d\u2019art s\u2019av\u00e8re \u00eatre<br \/>\nune tromperie culturelle.<br \/>\n<div id='gallery-1' class='gallery galleryid-5312 gallery-columns-3 gallery-size-thumbnail'><figure class='gallery-item'>\n\t\t\t<div class='gallery-icon landscape'>\n\t\t\t\t<a href='https:\/\/archives.regards.fr\/wp-content\/uploads\/2012\/03\/vuits-7a8.jpg'><img loading=\"lazy\" decoding=\"async\" width=\"150\" height=\"150\" src=\"https:\/\/archives.regards.fr\/wp-content\/uploads\/2012\/03\/vuits-7a8-150x150.jpg\" class=\"attachment-thumbnail size-thumbnail\" alt=\"Expos showroom\" aria-describedby=\"gallery-1-16076\" \/><\/a>\n\t\t\t<\/div>\n\t\t\t\t<figcaption class='wp-caption-text gallery-caption' id='gallery-1-16076'>\n\t\t\t\tExpos showroom\n\t\t\t\t<\/figcaption><\/figure>\n\t\t<\/div>\n<\/p>\n","protected":false},"excerpt":{"rendered":"<p>CULTURE PARK, la chronique de Bernard Hasquenoph &#8211; <a href=\"http:\/\/www.louvrepourtous.fr\/\">louvrepourtous.fr<\/a><\/p>\n","protected":false},"author":625,"featured_media":16076,"comment_status":"open","ping_status":"open","sticky":false,"template":"","format":"standard","meta":{"_themeisle_gutenberg_block_has_review":false,"footnotes":""},"categories":[138],"tags":[357],"class_list":["post-5312","post","type-post","status-publish","format-standard","has-post-thumbnail","hentry","category-bernard-hasquenoph","tag-chronique"],"_links":{"self":[{"href":"https:\/\/archives.regards.fr\/index.php?rest_route=\/wp\/v2\/posts\/5312","targetHints":{"allow":["GET"]}}],"collection":[{"href":"https:\/\/archives.regards.fr\/index.php?rest_route=\/wp\/v2\/posts"}],"about":[{"href":"https:\/\/archives.regards.fr\/index.php?rest_route=\/wp\/v2\/types\/post"}],"author":[{"embeddable":true,"href":"https:\/\/archives.regards.fr\/index.php?rest_route=\/wp\/v2\/users\/625"}],"replies":[{"embeddable":true,"href":"https:\/\/archives.regards.fr\/index.php?rest_route=%2Fwp%2Fv2%2Fcomments&post=5312"}],"version-history":[{"count":0,"href":"https:\/\/archives.regards.fr\/index.php?rest_route=\/wp\/v2\/posts\/5312\/revisions"}],"wp:featuredmedia":[{"embeddable":true,"href":"https:\/\/archives.regards.fr\/index.php?rest_route=\/wp\/v2\/media\/16076"}],"wp:attachment":[{"href":"https:\/\/archives.regards.fr\/index.php?rest_route=%2Fwp%2Fv2%2Fmedia&parent=5312"}],"wp:term":[{"taxonomy":"category","embeddable":true,"href":"https:\/\/archives.regards.fr\/index.php?rest_route=%2Fwp%2Fv2%2Fcategories&post=5312"},{"taxonomy":"post_tag","embeddable":true,"href":"https:\/\/archives.regards.fr\/index.php?rest_route=%2Fwp%2Fv2%2Ftags&post=5312"}],"curies":[{"name":"wp","href":"https:\/\/api.w.org\/{rel}","templated":true}]}}