{"id":5310,"date":"2012-04-02T08:00:00","date_gmt":"2012-04-02T06:00:00","guid":{"rendered":"https:\/\/wp.muchomaas.com\/strindberg-en-abime5310\/"},"modified":"2012-04-02T08:00:00","modified_gmt":"2012-04-02T06:00:00","slug":"strindberg-en-abime5310","status":"publish","type":"post","link":"https:\/\/archives.regards.fr\/?p=5310","title":{"rendered":"Strindberg en ab\u00eeme"},"content":{"rendered":"<p class=\"post_excerpt\">Collectif BD<\/p>\n<p><strong>Ic\u00f4ne socialiste, fou \u00e0 lier notoire,<br \/>\nd\u2019une parano\u00efa maladive,<br \/>\nAugust Strindberg est toujours<br \/>\nautant c\u00e9l\u00e9br\u00e9 que ha\u00ef, encens\u00e9<br \/>\nque m\u00e9pris\u00e9<\/strong>. Pour le centenaire<br \/>\nde la mort de l\u2019\u00e9crivain,<br \/>\ndes auteurs de bande dessin\u00e9e<br \/>\nsu\u00e9dois ont \u00e9t\u00e9 invit\u00e9s \u00e0 se<br \/>\nlaisser traverser par cette figure<br \/>\ncontrovers\u00e9e. Ils sont partis de<br \/>\nses \u00e9crits, de sa correspondance,<br \/>\nd\u2019un instant de sa vie<br \/>\nou de l\u2019ambigu\u00eft\u00e9 de sa misogynie.<br \/>\nJoanna Rubin Dranger,<br \/>\npar exemple, a invent\u00e9 un personnage,<br \/>\n\u00ab Mlle Remarquable \u00bb,<br \/>\ntiraill\u00e9 entre l\u2019orgueil et le m\u00e9pris<br \/>\nde soi, travers\u00e9 par l\u2019image<br \/>\ndu \u00ab grand g\u00e9nie artistique \u00bb.<br \/>\nUn dessin anim\u00e9 saisissant,<br \/>\nparmi d\u2019autres. <\/p>\n","protected":false},"excerpt":{"rendered":"<p>Collectif BD<\/p>\n","protected":false},"author":1,"featured_media":0,"comment_status":"open","ping_status":"open","sticky":false,"template":"","format":"standard","meta":{"_themeisle_gutenberg_block_has_review":false,"footnotes":""},"categories":[111],"tags":[418],"class_list":["post-5310","post","type-post","status-publish","format-standard","hentry","category-nos-selections","tag-animation"],"_links":{"self":[{"href":"https:\/\/archives.regards.fr\/index.php?rest_route=\/wp\/v2\/posts\/5310","targetHints":{"allow":["GET"]}}],"collection":[{"href":"https:\/\/archives.regards.fr\/index.php?rest_route=\/wp\/v2\/posts"}],"about":[{"href":"https:\/\/archives.regards.fr\/index.php?rest_route=\/wp\/v2\/types\/post"}],"author":[{"embeddable":true,"href":"https:\/\/archives.regards.fr\/index.php?rest_route=\/wp\/v2\/users\/1"}],"replies":[{"embeddable":true,"href":"https:\/\/archives.regards.fr\/index.php?rest_route=%2Fwp%2Fv2%2Fcomments&post=5310"}],"version-history":[{"count":0,"href":"https:\/\/archives.regards.fr\/index.php?rest_route=\/wp\/v2\/posts\/5310\/revisions"}],"wp:attachment":[{"href":"https:\/\/archives.regards.fr\/index.php?rest_route=%2Fwp%2Fv2%2Fmedia&parent=5310"}],"wp:term":[{"taxonomy":"category","embeddable":true,"href":"https:\/\/archives.regards.fr\/index.php?rest_route=%2Fwp%2Fv2%2Fcategories&post=5310"},{"taxonomy":"post_tag","embeddable":true,"href":"https:\/\/archives.regards.fr\/index.php?rest_route=%2Fwp%2Fv2%2Ftags&post=5310"}],"curies":[{"name":"wp","href":"https:\/\/api.w.org\/{rel}","templated":true}]}}