{"id":5307,"date":"2012-03-07T08:00:00","date_gmt":"2012-03-07T07:00:00","guid":{"rendered":"https:\/\/wp.muchomaas.com\/trop-et-bon-a-la-fois5307\/"},"modified":"2023-06-23T23:11:00","modified_gmt":"2023-06-23T21:11:00","slug":"trop-et-bon-a-la-fois5307","status":"publish","type":"post","link":"https:\/\/archives.regards.fr\/?p=5307","title":{"rendered":"Trop et bon \u00e0 la fois"},"content":{"rendered":"<p class=\"post_excerpt\">Inspir\u00e9 par le best-seller de St\u00e9phane Hessel, le r\u00e9alisateur<br \/>\nde Gadjo Dilo, signe un film qui sonne comme un<br \/>\ncri de col\u00e8re et d\u2019espoir.<\/p>\n<p>Une s\u00e9rie de pauvres godasses abandonn\u00e9es sur<br \/>\nun rivage, les cuirs rong\u00e9s par l\u2019eau, le sel et le<br \/>\nsoleil, autant de traces et de vestiges, en voie<br \/>\nde d\u00e9gradation, des migrants qui accost\u00e8rent<br \/>\nou se noy\u00e8rent l\u00e0, c\u2019est-\u00e0-dire ici, en Europe. Voil\u00e0 les premi\u00e8res<br \/>\nimages d\u2019<em>Indignados<\/em> de Tony Gatlif, film acharn\u00e9 \u00e0<br \/>\nsuivre les p\u00e9r\u00e9grinations grecques, fran\u00e7aises ou espagnoles<br \/>\nde Betty, clandestine africaine \u00e0 la recherche d\u2019un eldorado<br \/>\noccidental en voie de fissuration extr\u00eame, croisant, ici<br \/>\nla mis\u00e8re, l\u00e0, l\u2019indignation\u2026<\/p>\n<p>Projet cin\u00e9matographique sinc\u00e8re, qui ne se donne pas un<br \/>\ngenre, mais qui prend sa libert\u00e9 \u00e0 la crois\u00e9e des chemins<br \/>\ndu documentaire, de l\u2019essai visuel et du tract militant, Indignados<br \/>\nsemble sign\u00e9 par un Dziga Vertov manouche, qui ne<br \/>\ndouterait pas un instant que les images, \u00e0 d\u00e9faut de changer<br \/>\nle monde, puissent au moins r\u00e9veiller les consciences. Ainsi<br \/>\nen va-t-il de la fa\u00e7on dont Gatlif choisit de montrer tous ceux<br \/>\nqui dorment dehors. Les matelas, les lits, les couches apparaissent<br \/>\nvides de leurs occupants, leurs noms s\u2019inscrivant \u00e0<br \/>\nl\u2019\u00e9cran. Simple et fort \u00e0 la fois.<\/p>\n<p>Plein de r\u00e9volte et de col\u00e8re, Gatlif s\u2019av\u00e8re aussi dot\u00e9 de<br \/>\nl\u2019innocence des c\u0153urs purs. Ce faisant, il manie la m\u00e9tonymie<br \/>\nvisuelle comme d\u2019autre le mat\u00e9rialisme dialectique ;<br \/>\npas toujours \u00e0 bon escient. Ainsi de ce plan o\u00f9 l\u2019on voit des<br \/>\nmilliers d\u2019oranges d\u00e9valer les rues,<br \/>\nles escaliers, fa\u00e7on mani\u00e9r\u00e9e de<br \/>\nsymboliser la d\u00e9ferlante r\u00e9volutionnaire<br \/>\ntunisienne\u2026 Mais comment<br \/>\nen vouloir \u00e0 Gatlif de parfois en<br \/>\n\u00ab faire trop \u00bb quand, dans le m\u00eame<br \/>\ntemps, on sent que pour lui \u2013 et<br \/>\npour nous aussi \u2013 on n\u2019en fait jamais<br \/>\nassez pour la dignit\u00e9 des migrants,<br \/>\ndes sans noms, des brimborions<br \/>\ndu syst\u00e8me\u2026<\/p>\n<p>Alors on se laisse embarquer dans<br \/>\nla caravane visuelle de Tony Gatlif,<br \/>\nson cort\u00e8ge de s\u00e9quences narratives,<br \/>\npo\u00e9tiques, alternant avec<br \/>\nle t\u00e9moignage d\u2019un mouvement<br \/>\n\u2013 les Indign\u00e9s \u2013 qui aura hibern\u00e9<br \/>\ntout l\u2019hiver, pour <em>in fine<\/em> assembler<br \/>\nle tout comme les diff\u00e9rentes<br \/>\npi\u00e8ces de tissu d\u2019un \u00e9trange et<br \/>\nmerveilleux habit multicolore.<br \/>\n<div id='gallery-1' class='gallery galleryid-5307 gallery-columns-3 gallery-size-thumbnail'><figure class='gallery-item'>\n\t\t\t<div class='gallery-icon landscape'>\n\t\t\t\t<a href='https:\/\/archives.regards.fr\/wp-content\/uploads\/2012\/03\/indignesc-672.jpg'><img loading=\"lazy\" decoding=\"async\" width=\"80\" height=\"55\" src=\"https:\/\/archives.regards.fr\/wp-content\/uploads\/2012\/03\/indignesc-672.jpg\" class=\"attachment-thumbnail size-thumbnail\" alt=\"Trop et bon \u00e0 la fois\" aria-describedby=\"gallery-1-16071\" \/><\/a>\n\t\t\t<\/div>\n\t\t\t\t<figcaption class='wp-caption-text gallery-caption' id='gallery-1-16071'>\n\t\t\t\tTrop et bon \u00e0 la fois\n\t\t\t\t<\/figcaption><\/figure>\n\t\t<\/div>\n<\/p>\n","protected":false},"excerpt":{"rendered":"<p>Inspir\u00e9 par le best-seller de St\u00e9phane Hessel, le r\u00e9alisateur<br \/>\nde Gadjo Dilo, signe un film qui sonne comme un<br \/>\ncri de col\u00e8re et d\u2019espoir.<\/p>\n","protected":false},"author":1,"featured_media":16071,"comment_status":"open","ping_status":"open","sticky":false,"template":"","format":"standard","meta":{"_themeisle_gutenberg_block_has_review":false,"footnotes":""},"categories":[141],"tags":[299],"class_list":["post-5307","post","type-post","status-publish","format-standard","has-post-thumbnail","hentry","category-archives-web","tag-cinema"],"_links":{"self":[{"href":"https:\/\/archives.regards.fr\/index.php?rest_route=\/wp\/v2\/posts\/5307","targetHints":{"allow":["GET"]}}],"collection":[{"href":"https:\/\/archives.regards.fr\/index.php?rest_route=\/wp\/v2\/posts"}],"about":[{"href":"https:\/\/archives.regards.fr\/index.php?rest_route=\/wp\/v2\/types\/post"}],"author":[{"embeddable":true,"href":"https:\/\/archives.regards.fr\/index.php?rest_route=\/wp\/v2\/users\/1"}],"replies":[{"embeddable":true,"href":"https:\/\/archives.regards.fr\/index.php?rest_route=%2Fwp%2Fv2%2Fcomments&post=5307"}],"version-history":[{"count":0,"href":"https:\/\/archives.regards.fr\/index.php?rest_route=\/wp\/v2\/posts\/5307\/revisions"}],"wp:featuredmedia":[{"embeddable":true,"href":"https:\/\/archives.regards.fr\/index.php?rest_route=\/wp\/v2\/media\/16071"}],"wp:attachment":[{"href":"https:\/\/archives.regards.fr\/index.php?rest_route=%2Fwp%2Fv2%2Fmedia&parent=5307"}],"wp:term":[{"taxonomy":"category","embeddable":true,"href":"https:\/\/archives.regards.fr\/index.php?rest_route=%2Fwp%2Fv2%2Fcategories&post=5307"},{"taxonomy":"post_tag","embeddable":true,"href":"https:\/\/archives.regards.fr\/index.php?rest_route=%2Fwp%2Fv2%2Ftags&post=5307"}],"curies":[{"name":"wp","href":"https:\/\/api.w.org\/{rel}","templated":true}]}}