{"id":5306,"date":"2012-03-06T08:00:00","date_gmt":"2012-03-06T07:00:00","guid":{"rendered":"https:\/\/wp.muchomaas.com\/nicolas-ferran-face-a-la-police5306\/"},"modified":"2023-06-23T23:11:00","modified_gmt":"2023-06-23T21:11:00","slug":"nicolas-ferran-face-a-la-police5306","status":"publish","type":"post","link":"https:\/\/archives.regards.fr\/?p=5306","title":{"rendered":"Nicolas Ferran: face \u00e0 la \u00ab police des sentiments \u00bb"},"content":{"rendered":"<p class=\"post_excerpt\">Annulations de mariage, arrestations,<br \/>\nexpulsions\u2026 \u00c0 travers le r\u00e9cit poignant<br \/>\nde treize couples, Nicolas Ferran, initiateur<br \/>\ndu mouvement \u00ab Les amoureux au<br \/>\nban public \u00bb d\u00e9nonce dans ce premier<br \/>\ndocumentaire militant la \u00ab chasse aux mariages<br \/>\ngris \u00bb dont sont victimes, au nom<br \/>\nd&#8217;une politique d&#8217;immigration restrictive,<br \/>\nles couples franco \u00e9trangers.<\/p>\n<p><strong>Regards.fr:<\/strong> <strong> <em>En 2010, \u00c9ric Besson, ministre de l&#8217;Immigration<br \/>\net de l&#8217;Identit\u00e9 nationale d\u00e9non\u00e7ait<br \/>\nl&#8217;\u00ab escroquerie sentimentale \u00bb et imposait<br \/>\ndans le d\u00e9bat public la \u00ab probl\u00e9matique \u00bb<br \/>\ndes mariages gris. Cette stigmatisation des<br \/>\ncouples mixtes existait-elle en ces termes<br \/>\nauparavant ?<\/em> <\/strong><\/p>\n<p><strong>Nicolas Ferran:<\/strong> C&#8217;est au d\u00e9but des ann\u00e9es 1990 avec les premi\u00e8res<br \/>\nlois Pasqua que le \u00ab spectre des mariages<br \/>\ngris \u00bb a fait irruption dans le d\u00e9bat public.<br \/>\nPetit \u00e0 petit, le discours s&#8217;est accompagn\u00e9 de<br \/>\npratiques administratives de suspicions syst\u00e9matiques<br \/>\n\u00e0 l&#8217;encontre de ces couples franco<br \/>\n\u00e9trangers.<br \/>\nCe qui est plus r\u00e9cent, c&#8217;est cette instrumentalisation<br \/>\ndu \u00ab discours de la fraude \u00bb. Depuis<br \/>\nles ann\u00e9es 2000, on constate un durcissement<br \/>\nde la loi concernant les r\u00e9sidents \u00e9trangers au<br \/>\nnom justement de cette fraude dont les Fran\u00e7ais<br \/>\nseraient victimes.<\/p>\n<p><strong>Regards.fr:<\/strong> <strong> <em>En quoi ce discours des autorit\u00e9s diff\u00e8re-t-il<br \/>\nde celui sur le mariage blanc ?<\/em> <\/strong><\/p>\n<p><strong>Nicolas Ferran:<\/strong> On est pass\u00e9 du mariage blanc, fausse union<br \/>\nconsentie par les deux parties, au mariage gris<br \/>\no\u00f9 l&#8217;\u00e9tranger abuserait des sentiments d&#8217;un<br \/>\nFran\u00e7ais pour obtenir des papiers. D&#8217;o\u00f9 l&#8217;expression<br \/>\n\u00ab escroquerie sentimentale \u00bb. Le discours<br \/>\nest malin ; l&#8217;\u00c9tat se pose en d\u00e9fenseur des Fran\u00e7ais.<br \/>\nIl veut les d\u00e9fendre des escrocs, et pour<br \/>\nse faire a \u00e9rig\u00e9 une v\u00e9ritable \u00ab police des sentiments<br \/>\n\u00bb pour leur prouver qu&#8217;ils se font abuser<br \/>\npar leur conjoint. L&#8217;offensive du gouvernement<br \/>\nest compr\u00e9hensive, le mariage mixte, c&#8217;est un<br \/>\npeu la faille de la politique d&#8217;immigration du quinquennat<br \/>\nde Sarkozy, c&#8217;est pour cela qu&#8217;il est vis\u00e9.<\/p>\n<p><strong>Regards.fr:<\/strong> <strong> <em>Combien de couples sont aujourd&#8217;hui victimes<br \/>\nde cette \u00ab chasse aux mariages gris \u00bb ?<\/em> <\/strong><\/p>\n<p><strong>Nicolas Ferran:<\/strong> Difficile d&#8217;estimer le nombre de victimes. Naturellement,<br \/>\nles individus issus du continent africain<br \/>\nsont plus touch\u00e9s que les autres. Mais tous<br \/>\nles couples sont concern\u00e9s par la pr\u00e9carisation<br \/>\ndes conditions de vie due, entre autres, \u00e0 la<br \/>\nr\u00e9duction des titres de s\u00e9jour. \u00c0 ceci s&#8217;ajoute<br \/>\nles craintes quotidiennes d&#8217;une expulsion, la difficult\u00e9<br \/>\ndes couples \u00e0 se projeter. Ils doivent se battre pour conserver leur relation intacte.<br \/>\n<div id='gallery-1' class='gallery galleryid-5306 gallery-columns-3 gallery-size-thumbnail'><figure class='gallery-item'>\n\t\t\t<div class='gallery-icon portrait'>\n\t\t\t\t<a href='https:\/\/archives.regards.fr\/wp-content\/uploads\/2012\/03\/bans-59f.jpg'><img loading=\"lazy\" decoding=\"async\" width=\"150\" height=\"150\" src=\"https:\/\/archives.regards.fr\/wp-content\/uploads\/2012\/03\/bans-59f-150x150.jpg\" class=\"attachment-thumbnail size-thumbnail\" alt=\"bans.jpg\" \/><\/a>\n\t\t\t<\/div><\/figure><figure class='gallery-item'>\n\t\t\t<div class='gallery-icon landscape'>\n\t\t\t\t<a href='https:\/\/archives.regards.fr\/wp-content\/uploads\/2012\/03\/banss-abf.jpg'><img loading=\"lazy\" decoding=\"async\" width=\"150\" height=\"150\" src=\"https:\/\/archives.regards.fr\/wp-content\/uploads\/2012\/03\/banss-abf-150x150.jpg\" class=\"attachment-thumbnail size-thumbnail\" alt=\"Nicolas Ferran: face \u00e0 la \u00ab police des sentiments \u00bb\" aria-describedby=\"gallery-1-16068\" \/><\/a>\n\t\t\t<\/div>\n\t\t\t\t<figcaption class='wp-caption-text gallery-caption' id='gallery-1-16068'>\n\t\t\t\tNicolas Ferran: face \u00e0 la \u00ab police des sentiments \u00bb\n\t\t\t\t<\/figcaption><\/figure><figure class='gallery-item'>\n\t\t\t<div class='gallery-icon landscape'>\n\t\t\t\t<a href='https:\/\/archives.regards.fr\/wp-content\/uploads\/2012\/03\/banc-391.jpg'><img loading=\"lazy\" decoding=\"async\" width=\"80\" height=\"55\" src=\"https:\/\/archives.regards.fr\/wp-content\/uploads\/2012\/03\/banc-391.jpg\" class=\"attachment-thumbnail size-thumbnail\" alt=\"Nicolas Ferran: face \u00e0 la \u00ab police des sentiments \u00bb\" aria-describedby=\"gallery-1-16069\" \/><\/a>\n\t\t\t<\/div>\n\t\t\t\t<figcaption class='wp-caption-text gallery-caption' id='gallery-1-16069'>\n\t\t\t\tNicolas Ferran: face \u00e0 la \u00ab police des sentiments \u00bb\n\t\t\t\t<\/figcaption><\/figure>\n\t\t<\/div>\n<\/p>\n","protected":false},"excerpt":{"rendered":"<p>Annulations de mariage, arrestations,<br \/>\nexpulsions\u2026 \u00c0 travers le r\u00e9cit poignant<br \/>\nde treize couples, Nicolas Ferran, initiateur<br \/>\ndu mouvement \u00ab Les amoureux au<br \/>\nban public \u00bb d\u00e9nonce dans ce premier<br \/>\ndocumentaire militant la \u00ab chasse aux mariages<br \/>\ngris \u00bb dont sont victimes, au nom<br \/>\nd&#8217;une politique d&#8217;immigration restrictive,<br \/>\nles couples franco \u00e9trangers.<\/p>\n","protected":false},"author":1,"featured_media":16067,"comment_status":"open","ping_status":"open","sticky":false,"template":"","format":"standard","meta":{"_themeisle_gutenberg_block_has_review":false,"footnotes":""},"categories":[141],"tags":[293],"class_list":["post-5306","post","type-post","status-publish","format-standard","has-post-thumbnail","hentry","category-archives-web","tag-entretien"],"_links":{"self":[{"href":"https:\/\/archives.regards.fr\/index.php?rest_route=\/wp\/v2\/posts\/5306","targetHints":{"allow":["GET"]}}],"collection":[{"href":"https:\/\/archives.regards.fr\/index.php?rest_route=\/wp\/v2\/posts"}],"about":[{"href":"https:\/\/archives.regards.fr\/index.php?rest_route=\/wp\/v2\/types\/post"}],"author":[{"embeddable":true,"href":"https:\/\/archives.regards.fr\/index.php?rest_route=\/wp\/v2\/users\/1"}],"replies":[{"embeddable":true,"href":"https:\/\/archives.regards.fr\/index.php?rest_route=%2Fwp%2Fv2%2Fcomments&post=5306"}],"version-history":[{"count":0,"href":"https:\/\/archives.regards.fr\/index.php?rest_route=\/wp\/v2\/posts\/5306\/revisions"}],"wp:featuredmedia":[{"embeddable":true,"href":"https:\/\/archives.regards.fr\/index.php?rest_route=\/wp\/v2\/media\/16067"}],"wp:attachment":[{"href":"https:\/\/archives.regards.fr\/index.php?rest_route=%2Fwp%2Fv2%2Fmedia&parent=5306"}],"wp:term":[{"taxonomy":"category","embeddable":true,"href":"https:\/\/archives.regards.fr\/index.php?rest_route=%2Fwp%2Fv2%2Fcategories&post=5306"},{"taxonomy":"post_tag","embeddable":true,"href":"https:\/\/archives.regards.fr\/index.php?rest_route=%2Fwp%2Fv2%2Ftags&post=5306"}],"curies":[{"name":"wp","href":"https:\/\/api.w.org\/{rel}","templated":true}]}}