{"id":5304,"date":"2012-03-04T09:00:00","date_gmt":"2012-03-04T08:00:00","guid":{"rendered":"https:\/\/wp.muchomaas.com\/la-force-du-refus5304\/"},"modified":"2023-06-23T23:10:59","modified_gmt":"2023-06-23T21:10:59","slug":"la-force-du-refus5304","status":"publish","type":"post","link":"https:\/\/archives.regards.fr\/?p=5304","title":{"rendered":"La force du refus"},"content":{"rendered":"<p><strong>Les dirigeants europ\u00e9ens ont-ils toute leur t\u00eate <\/strong> ? L\u2019Europe,<br \/>\nen tout cas, marche franchement sur la sienne. Voil\u00e0 des<br \/>\nd\u00e9cennies qu\u2019on lui applique la m\u00eame recette, le mariage<br \/>\nde la \u00ab concurrence libre et non fauss\u00e9e \u00bb et de la \u00ab bonne<br \/>\ngouvernance \u00bb, c\u2019est-\u00e0-dire le gouvernement des \u00e9lites<br \/>\nsans le peuple. La logique voudrait que l\u2019on change de<br \/>\nm\u00e9thode ? Pensez-vous ! On va en rajouter une louche.<\/p>\n<p>Le M\u00e9canisme europ\u00e9en de stabilit\u00e9 est en place et, dans<br \/>\nla foul\u00e9e, la constitutionnalisation de la \u00ab r\u00e8gle d\u2019or \u00bb de<br \/>\nl\u2019\u00e9quilibre budg\u00e9taire. Nous aurons droit au paquet complet<br \/>\n: discipline budg\u00e9taire, conditionnalit\u00e9 des aides \u00e0<br \/>\nla mise en place de politiques de restriction budg\u00e9taire,<br \/>\nsurveillance des politiques sociales et \u00e9conomiques, introduction<br \/>\nde la Commission de Bruxelles, de la Banque, de<br \/>\nla Banque centrale europ\u00e9enne et du FMI, programmes<br \/>\nd\u2019ajustement macro\u00e9conomiques. R\u00e9sumons : davantage<br \/>\nd\u2019aust\u00e9rit\u00e9 et davantage de \u00ab gouvernance \u00bb.<\/p>\n<p>Le choix est d\u00e9sormais tr\u00e8s simple. Ou on laisse passer,<br \/>\nou on fait tout ce qui est possible pour mettre le<br \/>\nhol\u00e0. Voter \u00ab pour \u00bb ou s\u2019abstenir, mieux encore voter<br \/>\n\u00ab pour \u00bb \u00e0 Bruxelles et s\u2019abstenir \u00e0 Paris, c\u2019est laisser la<br \/>\nmain aux forces de la droite et de la finance. C\u2019est ent\u00e9riner,<br \/>\n\u00e0 br\u00e8ve \u00e9ch\u00e9ance, la saign\u00e9e des peuples et<br \/>\nl\u2019\u00e9touffement de l\u2019Union.<\/p>\n<p>Il est des moments privil\u00e9gi\u00e9s ou l\u2019honn\u00eatet\u00e9 et la raison<br \/>\npoussent \u00e0 la simplicit\u00e9 : non. Dans les semaines<br \/>\nqui viennent, la force du refus tiendra \u00e0 deux m\u00e9thodes :<br \/>\nexiger que le peuple se d\u00e9termine souverainement, par<br \/>\nr\u00e9f\u00e9rendum ; utiliser au mieux l\u2019arme du bulletin de vote,<br \/>\nd\u2019avril \u00e0 juin.<\/p>\n<p>La droite radicalis\u00e9e a besoin d\u2019une gauche qui dise clairement<br \/>\nqu\u2019elle ne veut absolument pas du pacte Merkel-<br \/>\nSarkozy. Cette gauche doit donc gagner le 6 mai,<br \/>\nen penchant franchement \u00e0 gauche le 22 avril. Le signe<br \/>\nd\u2019avril doit \u00eatre le plus clair possible : pour une gauche<br \/>\nde refus cat\u00e9gorique du m\u00e9canisme europ\u00e9en et de sa<br \/>\nr\u00e8gle d\u2019or ; pour une gauche d\u2019alternative au d\u00e9sordre lib\u00e9ral<br \/>\neurop\u00e9en et donc pour une autre Europe ; pour une<br \/>\ngauche aspirant \u00e0 exercer toutes ses responsabilit\u00e9s,<br \/>\nmais bien \u00e0 gauche.<div id='gallery-1' class='gallery galleryid-5304 gallery-columns-3 gallery-size-thumbnail'><figure class='gallery-item'>\n\t\t\t<div class='gallery-icon landscape'>\n\t\t\t\t<a href='https:\/\/archives.regards.fr\/wp-content\/uploads\/2012\/03\/edis-1c0.jpg'><img loading=\"lazy\" decoding=\"async\" width=\"150\" height=\"150\" src=\"https:\/\/archives.regards.fr\/wp-content\/uploads\/2012\/03\/edis-1c0-150x150.jpg\" class=\"attachment-thumbnail size-thumbnail\" alt=\"La force du refus\" aria-describedby=\"gallery-1-16060\" \/><\/a>\n\t\t\t<\/div>\n\t\t\t\t<figcaption class='wp-caption-text gallery-caption' id='gallery-1-16060'>\n\t\t\t\tLa force du refus\n\t\t\t\t<\/figcaption><\/figure><figure class='gallery-item'>\n\t\t\t<div class='gallery-icon landscape'>\n\t\t\t\t<a href='https:\/\/archives.regards.fr\/wp-content\/uploads\/2012\/03\/edib-418.jpg'><img loading=\"lazy\" decoding=\"async\" width=\"150\" height=\"122\" src=\"https:\/\/archives.regards.fr\/wp-content\/uploads\/2012\/03\/edib-418-150x122.jpg\" class=\"attachment-thumbnail size-thumbnail\" alt=\"La force du refus\" aria-describedby=\"gallery-1-16061\" \/><\/a>\n\t\t\t<\/div>\n\t\t\t\t<figcaption class='wp-caption-text gallery-caption' id='gallery-1-16061'>\n\t\t\t\tLa force du refus\n\t\t\t\t<\/figcaption><\/figure><figure class='gallery-item'>\n\t\t\t<div class='gallery-icon landscape'>\n\t\t\t\t<a href='https:\/\/archives.regards.fr\/wp-content\/uploads\/2012\/03\/edic-7ce.jpg'><img loading=\"lazy\" decoding=\"async\" width=\"80\" height=\"55\" src=\"https:\/\/archives.regards.fr\/wp-content\/uploads\/2012\/03\/edic-7ce.jpg\" class=\"attachment-thumbnail size-thumbnail\" alt=\"La force du refus\" aria-describedby=\"gallery-1-16062\" \/><\/a>\n\t\t\t<\/div>\n\t\t\t\t<figcaption class='wp-caption-text gallery-caption' id='gallery-1-16062'>\n\t\t\t\tLa force du refus\n\t\t\t\t<\/figcaption><\/figure>\n\t\t<\/div>\n<\/p>\n","protected":false},"excerpt":{"rendered":"<p>Les dirigeants europ\u00e9ens ont-ils toute leur t\u00eate ? L\u2019Europe, en tout cas, marche franchement sur la sienne. Voil\u00e0 des d\u00e9cennies qu\u2019on lui applique la m\u00eame recette, le mariage de la \u00ab concurrence libre et non fauss\u00e9e \u00bb et de la \u00ab bonne gouvernance \u00bb, c\u2019est-\u00e0-dire le gouvernement des \u00e9lites sans le peuple. La logique voudrait [&hellip;]<\/p>\n","protected":false},"author":328,"featured_media":16060,"comment_status":"open","ping_status":"open","sticky":false,"template":"","format":"standard","meta":{"_themeisle_gutenberg_block_has_review":false,"footnotes":""},"categories":[141],"tags":[328],"class_list":["post-5304","post","type-post","status-publish","format-standard","has-post-thumbnail","hentry","category-archives-web","tag-editorial"],"_links":{"self":[{"href":"https:\/\/archives.regards.fr\/index.php?rest_route=\/wp\/v2\/posts\/5304","targetHints":{"allow":["GET"]}}],"collection":[{"href":"https:\/\/archives.regards.fr\/index.php?rest_route=\/wp\/v2\/posts"}],"about":[{"href":"https:\/\/archives.regards.fr\/index.php?rest_route=\/wp\/v2\/types\/post"}],"author":[{"embeddable":true,"href":"https:\/\/archives.regards.fr\/index.php?rest_route=\/wp\/v2\/users\/328"}],"replies":[{"embeddable":true,"href":"https:\/\/archives.regards.fr\/index.php?rest_route=%2Fwp%2Fv2%2Fcomments&post=5304"}],"version-history":[{"count":0,"href":"https:\/\/archives.regards.fr\/index.php?rest_route=\/wp\/v2\/posts\/5304\/revisions"}],"wp:featuredmedia":[{"embeddable":true,"href":"https:\/\/archives.regards.fr\/index.php?rest_route=\/wp\/v2\/media\/16060"}],"wp:attachment":[{"href":"https:\/\/archives.regards.fr\/index.php?rest_route=%2Fwp%2Fv2%2Fmedia&parent=5304"}],"wp:term":[{"taxonomy":"category","embeddable":true,"href":"https:\/\/archives.regards.fr\/index.php?rest_route=%2Fwp%2Fv2%2Fcategories&post=5304"},{"taxonomy":"post_tag","embeddable":true,"href":"https:\/\/archives.regards.fr\/index.php?rest_route=%2Fwp%2Fv2%2Ftags&post=5304"}],"curies":[{"name":"wp","href":"https:\/\/api.w.org\/{rel}","templated":true}]}}