{"id":5301,"date":"2012-03-04T09:00:00","date_gmt":"2012-03-04T08:00:00","guid":{"rendered":"https:\/\/wp.muchomaas.com\/au-sommaire-du-numero-19-mars-20125301\/"},"modified":"2023-06-24T17:45:44","modified_gmt":"2023-06-24T15:45:44","slug":"au-sommaire-du-numero-19-mars-20125301","status":"publish","type":"post","link":"https:\/\/archives.regards.fr\/?p=5301","title":{"rendered":"Au sommaire du num\u00e9ro 19 &#8211; mars 2012"},"content":{"rendered":"<p>Dire non au MES, \u00e0 l&#8217;aust\u00e9rit\u00e9, \u00e0 Merkozy et bien voter au printemps&#8230;<a href=\"https:\/\/wp.muchomaas.com\/numeros\/no19-mars-2012\/la-force-du-refus\">C&#8217;est <strong>l&#8217;\u00e9ditorial de Roger Martelli. <\/strong><\/a><\/p>\n<p><a href=\"https:\/\/wp.muchomaas.com\/monde\/londres-2012-chemical-j-o\">Bophal aux <strong>JO<\/strong><\/a> de Londres, <a href=\"https:\/\/wp.muchomaas.com\/monde\/les-pussy-riot-tricotent-des\">des punk f\u00e9ministes \u00e0 l&#8217;assaut de <strong>la Place Rouge<\/strong><\/a> et des <strong>arch\u00e9ologues<\/strong> qui voudraient <a href=\"https:\/\/wp.muchomaas.com\/societe\/les-archeologues-en-ont-plein-les\">qu&#8217;on arr\u00eate de leur casser les fouilles<\/a>, notre Bloc-notes. Avec <a href=\"https:\/\/wp.muchomaas.com\/migrations\/nicolas-ferran-face-a-la-police\"><strong>trois questions \u00e0 Nicolas Ferran<\/strong><\/a> des amoureux au ban public. <\/p>\n<p><a href=\"https:\/\/wp.muchomaas.com\/societe\/faut-il-autoriser-la-gestation\">Faut-il l\u00e9gif\u00e9rer sur <strong>la question des m\u00e8res porteuses<\/strong>, autrement appel\u00e9e gestation pour autrui ?<\/a> C&#8217;est <strong>la Controverse du mois<\/strong> avec <strong>Marie-Pierre Martinet<\/strong>, secr\u00e9taire g\u00e9n\u00e9rale du Mouvement fran\u00e7ais du planning familial et <strong>Malika Amaouche<\/strong>, responsable de la commission LGBT d\u2019Europe \u00e9cologie-<br \/>\nLes Verts.<\/p>\n<p>Notre premier dossier du mois est consacr\u00e9 \u00e0 <strong>la dynamique cr\u00e9\u00e9e autour de la candidature de Jean-Luc M\u00e9lenchon<\/strong>. <a href=\"https:\/\/wp.muchomaas.com\/politique\/jean-luc-melenchon-nous-elevons-le\">Le candidat du Front de gauche nous a accord\u00e9 un entretien<\/a> dans lequel il parle du PS, de son programme, du niveau de politique en France&#8230; Nous nous sommes interrog\u00e9s: <a href=\"https:\/\/wp.muchomaas.com\/politique\/rassembleur-mais-jusqu-ou\">jusqu&#8217;o\u00f9 pourra-t-il rassembler dans la s\u00e9quence \u00e9lectorale ?<\/a> Et quel avenir pour <a href=\"https:\/\/wp.muchomaas.com\/politique\/front-de-gauche-c-est-deja-demain\"><strong>quelle recomposition de la gauche radicale<\/strong><\/a>? Avec aussi <a href=\"https:\/\/wp.muchomaas.com\/politique\/paroles-de-militants\">des paroles de citoyens-votants<\/a>&#8230; pour ou contre M\u00e9lenchon.<\/p>\n<p>Cadeaux aux plus riches, autoritarisme, travail malmen\u00e9 : <strong>trois visages du sarkozysme<\/strong> d\u00e9crypt\u00e9s par <a href=\"https:\/\/wp.muchomaas.com\/politique\/la-rupture-de-la-decence\"><strong>Monique Pin\u00e7on-Charlot, Michel Pin\u00e7on<\/a>,<a href=\"https:\/\/wp.muchomaas.com\/politique\/travail-defiance-frustration-et\"> Dani\u00e8le Linhart<\/a>, <a href=\"https:\/\/wp.muchomaas.com\/politique\/la-democratie-confisquee\">Eric Fassin<\/strong> et <strong>Michel Feher<\/strong><\/a>.<\/p>\n<p><strong>Mars 1962, les accords d&#8217;Evian<\/strong> signent la fin de la guerre d&#8217;Alg\u00e9rie et le d\u00e9part des fran\u00e7ais. <strong>Cinquante plus tard, le pays bouge<\/strong> et <a href=\"https:\/\/wp.muchomaas.com\/monde\/l-algerie-aux-portes-du-printemps\">les mouvements sociaux se succ\u00e8dent mais les alg\u00e9riens tardent \u00e0 embrayer sur le printemps arabe qui touche la r\u00e9gion<\/a>. La r\u00e9volution alg\u00e9rienne qui avait  soulev\u00e9 l&#8217;espoir des peuples du Sud dans les ann\u00e9es 60 a \u00e9t\u00e9 confisqu\u00e9e par <strong>un r\u00e9gime qui continue d&#8217;user de la rente p\u00e9troli\u00e8re pour acheter la paix sociale<\/strong>,<a href=\"https:\/\/wp.muchomaas.com\/monde\/la-legitimite-vient-des-urnes-pas\"> nous a expliqu\u00e9 le chercheur <strong>Kader Abderrahim<\/strong><\/a>. La blogueuse et journaliste <strong>Ghania Mouffok<\/strong> nous livre <a href=\"https:\/\/wp.muchomaas.com\/monde\/cet-ete-nous-oublierons-l-hiver\">un r\u00e9cit de l&#8217;int\u00e9rieur du quotidien alg\u00e9rois en 2012<\/a>.<\/p>\n<p>Au mois de mars, un <a href=\"https:\/\/wp.muchomaas.com\/resistances\/forum-mondial-vs-forum-alternatif\">Forum mondial de l&#8217;eau et un forum alternatif mondial de l&#8217;eau<\/a> se tiendront \u00e0 Marseille. L&#8217;occasion pour nous de revenir sur <a href=\"https:\/\/wp.muchomaas.com\/politique\/vers-une-gestion-publique-de-l-eau\"><strong>la question de la gestion de cette ressource \u00ab bien commun de l&#8217;humanit\u00e9 \u00bb<\/strong><\/a>, aujourd&#8217;hui au c\u0153ur d&#8217;enjeux plan\u00e9taires.<\/p>\n<p>De plus en plus de salari\u00e9s d\u2019entreprises menac\u00e9es de liquidation contestent la gestion de leurs employeurs et souhaitent <strong>reprendre leur soci\u00e9t\u00e9 sous forme de SCOP<\/strong>. <a href=\"https:\/\/wp.muchomaas.com\/resistances\/scop-les-salaries-reprennent-la\">Les travailleurs veulent se r\u00e9approprier les moyens de production<\/a>. Explications.<\/p>\n<p><strong>Le dixi\u00e8me volet de notre s\u00e9rie En campagne est consacr\u00e9 aux fonctionnaires<\/strong>. Mal aim\u00e9s, souvent caricatur\u00e9s en nantis de la R\u00e9publique, <a href=\"https:\/\/wp.muchomaas.com\/societe\/fonctionnaires-boucs-emissaires\">ils font pourtant tourner les services publics auxquels les fran\u00e7ais restent tr\u00e8s attach\u00e9s<\/a>.<\/p>\n<p>Dans la rubrique Cin\u00e9, <a href=\"https:\/\/wp.muchomaas.com\/culture\/lucas-belvaux-je-suis-dans-la\">Thomas Bauder s&#8217;est entretenu avec <strong>Lucas Belvaux <\/strong><\/a> dont le nouveau film <em>38 t\u00e9moins<\/em> sortira en salles le 14 mars. Avec <a href=\"https:\/\/wp.muchomaas.com\/culture\/trop-et-bon-a-la-fois\">une critique du dernier opus de <strong>Tony Gatlif<\/strong><\/a>, <em>Indignados<\/em>.<\/p>\n<p><strong><a href=\"https:\/\/wp.muchomaas.com\/culture\/les-aventures-de-rosa-lo-et-dis-5348\">Rosa lo et Dis&#8217;gust<\/a> sont de retour dans la rubrique Cr\u00e9ations<\/strong>. Et vont au th\u00e9\u00e2tre. Et en parlent.<\/p>\n<p><a href=\"lot49.fr\/culture\/virginie-despentes-le-punk-est-une\">Nous avons rencontr\u00e9 <strong>Virginie Despentes<\/strong> pour le grand entretien<\/a> ce mois-ci. \u00c0 l\u2019occasion de la sortie en salle du film <em>Bye Bye Blondie<\/em> adapt\u00e9 du roman \u00e9ponyme, <strong>la romanci\u00e8re, prix Renaudot 2010<\/strong>, revient sur son parcours, son engagement f\u00e9ministe et les prises de position politiques qui  accompagnent son \u0153uvre.<\/p>\n<p>Ainsi que tous les rendez-vous du mensuel : les chroniques de <strong><a href=\"https:\/\/wp.muchomaas.com\/nos-regards\/leila-chaibi\/enfer-givre-et-chair-de-poule\">Le\u00efla Chaibi<\/a>, <a href=\"https:\/\/wp.muchomaas.com\/nos-regards\/arnaud-viviant\/romney-trotsky-pennac\">Arnaud Viviant<\/a>, <a href=\"https:\/\/wp.muchomaas.com\/nos-regards\/bernard-hasquenoph\/expos-showroom\">Bernard Hasquenoph<\/a>, <a href=\"https:\/\/wp.muchomaas.com\/societe\/l-avenir-de-la-tele-passe-par\">Nicolas Kssis<\/a> et <a href=\"https:\/\/wp.muchomaas.com\/nos-regards\/raphal-yem\/sarkozy-n-aime-pas-la-banlieue-je\">Raph\u00e4l Yem<\/a><\/strong>. Avec toutes nos s\u00e9lections essais et culture.<\/p>\n","protected":false},"excerpt":{"rendered":"<p>Dire non au MES, \u00e0 l&#8217;aust\u00e9rit\u00e9, \u00e0 Merkozy et bien voter au printemps&#8230;C&#8217;est l&#8217;\u00e9ditorial de Roger Martelli. Bophal aux JO de Londres, des punk f\u00e9ministes \u00e0 l&#8217;assaut de la Place Rouge et des arch\u00e9ologues qui voudraient qu&#8217;on arr\u00eate de leur casser les fouilles, notre Bloc-notes. Avec trois questions \u00e0 Nicolas Ferran des amoureux au ban [&hellip;]<\/p>\n","protected":false},"author":1,"featured_media":0,"comment_status":"closed","ping_status":"open","sticky":false,"template":"","format":"standard","meta":{"_themeisle_gutenberg_block_has_review":false,"footnotes":""},"categories":[262],"tags":[371],"class_list":["post-5301","post","type-post","status-publish","format-standard","hentry","category-archives","tag-sommaire"],"_links":{"self":[{"href":"https:\/\/archives.regards.fr\/index.php?rest_route=\/wp\/v2\/posts\/5301","targetHints":{"allow":["GET"]}}],"collection":[{"href":"https:\/\/archives.regards.fr\/index.php?rest_route=\/wp\/v2\/posts"}],"about":[{"href":"https:\/\/archives.regards.fr\/index.php?rest_route=\/wp\/v2\/types\/post"}],"author":[{"embeddable":true,"href":"https:\/\/archives.regards.fr\/index.php?rest_route=\/wp\/v2\/users\/1"}],"replies":[{"embeddable":true,"href":"https:\/\/archives.regards.fr\/index.php?rest_route=%2Fwp%2Fv2%2Fcomments&post=5301"}],"version-history":[{"count":0,"href":"https:\/\/archives.regards.fr\/index.php?rest_route=\/wp\/v2\/posts\/5301\/revisions"}],"wp:attachment":[{"href":"https:\/\/archives.regards.fr\/index.php?rest_route=%2Fwp%2Fv2%2Fmedia&parent=5301"}],"wp:term":[{"taxonomy":"category","embeddable":true,"href":"https:\/\/archives.regards.fr\/index.php?rest_route=%2Fwp%2Fv2%2Fcategories&post=5301"},{"taxonomy":"post_tag","embeddable":true,"href":"https:\/\/archives.regards.fr\/index.php?rest_route=%2Fwp%2Fv2%2Ftags&post=5301"}],"curies":[{"name":"wp","href":"https:\/\/api.w.org\/{rel}","templated":true}]}}