{"id":5295,"date":"2012-02-29T09:00:00","date_gmt":"2012-02-29T08:00:00","guid":{"rendered":"https:\/\/wp.muchomaas.com\/l-intensite-des-marges5295\/"},"modified":"2023-06-23T23:10:57","modified_gmt":"2023-06-23T21:10:57","slug":"l-intensite-des-marges5295","status":"publish","type":"post","link":"https:\/\/archives.regards.fr\/?p=5295","title":{"rendered":"L\u2019intensit\u00e9 des marges"},"content":{"rendered":"<p class=\"post_excerpt\">En revitalisant l\u2019histoire de Louis Mandrin, contrebandier<br \/>\nsous Louis XV, le cin\u00e9aste Rabah Ameur-Za\u00efmeche<br \/>\npoursuit sa route sur les chemins buissonniers d\u2019un cin\u00e9ma<br \/>\nd\u2019auteur exigeant, po\u00e9tique autant que politique.<\/p>\n<p>Il est des films qui ont en commun avec certains vins<br \/>\nde terroir d\u2019\u00eatre \u00ab natures \u00bb. Sans artifice aucun, ni adjuvant,<br \/>\npo\u00e9tiques, ne se laissant pas toujours ais\u00e9ment<br \/>\nappr\u00e9hender, \u00e2pres au premier abord, suaves ensuite,<br \/>\nsinc\u00e8res toujours, et en m\u00eame temps \u00e9minemment fragiles.<br \/>\nC\u2019est de cette cat\u00e9gorie que rel\u00e8ve <em>Les Chants de Mandrin<\/em>,<br \/>\nquatri\u00e8me opus de Rabah Ameur-Za\u00efmeche.<\/p>\n<p>N\u00e9 en Alg\u00e9rie, grandi \u00e0 l\u2019ombre des bosquets \u00e0 Montfermeil,<br \/>\nle r\u00e9alisateur d\u00e9couvert il y a dix ans avec <em>Wesh Wesh qu\u2019est<br \/>\nce qui se passe ?<\/em> s\u2019en est all\u00e9 cette fois filmer, sur les terres<br \/>\ninsoumises de Mende, Rodez et Millau, les tribulations d\u2019une<br \/>\ncommunaut\u00e9 de disciples de Louis Mandrin, brigand en rupture<br \/>\nde ban avec la soci\u00e9t\u00e9 f\u00e9odale de l\u2019avant-veille de la<br \/>\nr\u00e9volution fran\u00e7aise, mort \u00e9cartel\u00e9 en 1755. Dans ce qui ne<br \/>\ns\u2019appelle pas encore une TAZ, cette bande de vagabonds, de m\u00e9t\u00e8ques, convertis tant aux partages divers qu\u2019au <em>fair<br \/>\ntrade<\/em>, b\u00e9n\u00e9ficie du soutien intellectuel d\u2019un marquis d\u00e9cal\u00e9<br \/>\n(Jacques Nolot). Lorsqu\u2019un colporteur masse les pieds du<br \/>\nnanti, pas de choc des cultures, mais l\u2019\u00e9change humain d\u2019un<br \/>\naristocrate et d\u2019un moins que rien, dans lequel l\u2019assist\u00e9 n\u2019est<br \/>\npas celui qu\u2019on croit.<\/p>\n<p><iframe loading=\"lazy\" width=\"460\" height=\"259\" src=\"http:\/\/www.youtube.com\/embed\/oiabFrPfOsU?rel=0\" frameborder=\"0\" allowfullscreen><\/iframe><\/p>\n<p>Ici, vous vous en doutez, on est \u00e0 des ann\u00e9es lumi\u00e8res des<br \/>\nversions cin\u00e9ma de cape et d\u2019\u00e9p\u00e9e des ann\u00e9es 1950 et 1960<br \/>\n(<em>Mandrin le lib\u00e9rateur<\/em>, de R\u00e9ne Jayet en 1948, <em>Mandrin met<br \/>\nle feu aux poudres<\/em>, de Jean Paul Le Chanois, 1962). Loin de<br \/>\nla ringardise du cin\u00e9ma spectacle, Rabah Ameur-Za\u00efmeche,<br \/>\n(RAZ) signe une all\u00e9gorie politique d\u2019une extr\u00eame pauvret\u00e9<br \/>\nde moyens, et d\u2019une immense acuit\u00e9 sur les mouvements de<br \/>\ncontestations autonomes \u00e0 travers les si\u00e8cles, des premi\u00e8res<br \/>\njacqueries jusqu\u2019aux printemps arabes\u2026<\/p>\n<p>Forc\u00e9ment, <em>Les chants de Mandrin<\/em>, par-del\u00e0 la solidarit\u00e9 de<br \/>\nses membres, pose la question politique du maquis, celui des<br \/>\nbarbus de la Sierra Maestra, des fellaghas FLN, des chiapat\u00e8ques<br \/>\ndu subcommandante Marcos et des autonomes<br \/>\nde Tarnac, mais aussi celui des FARC de Colombie ou des<br \/>\ntalibans des montagnes pakistanaises. Pas d\u2019ambigu\u00eft\u00e9<br \/>\npourtant ici. La diff\u00e9rence entre progressisme et r\u00e9action<br \/>\nr\u00e9sidant dans l\u2019attention port\u00e9e<br \/>\n\u00e0 l\u2019intelligence, \u00e0 la beaut\u00e9 de la<br \/>\nlangue, \u00e0 l\u2019\u00e9criture et \u00e0 l\u2019\u00e9dition. Et<br \/>\nc\u2019est avec bonheur qu\u2019on d\u00e9couvre<br \/>\nalors Jean-Luc Nancy dans le r\u00f4le<br \/>\nde l\u2019imprimeur.<\/p>\n<p>Film militant dans le sens o\u00f9 certains<br \/>\nchoisissent de se battre ou de<br \/>\nmourir pour des id\u00e9es, <em>Les Chants<br \/>\nde Mandrin<\/em> revendique son appartenance<br \/>\nau cin\u00e9ma de l\u2019innocence<br \/>\nesth\u00e9tique, depuis la l\u00e9g\u00e8ret\u00e9 de<br \/>\nson dispositif de mise en sc\u00e8ne<br \/>\njusqu\u2019\u00e0 l\u2019air qui circule entre les<br \/>\nimages. Une fragilit\u00e9 qui constitue<br \/>\nson identit\u00e9 et fait de ce film un compagnon<br \/>\nde choix pour toutes celles<br \/>\net ceux qui savent que l\u2019existence<br \/>\nest plus intense dans les marges,<br \/>\nau bord du champ, plut\u00f4t qu\u2019au<br \/>\nmilieu du troupeau.<div id='gallery-1' class='gallery galleryid-5295 gallery-columns-3 gallery-size-thumbnail'><figure class='gallery-item'>\n\t\t\t<div class='gallery-icon landscape'>\n\t\t\t\t<a href='https:\/\/archives.regards.fr\/wp-content\/uploads\/2012\/02\/mandrinb-69c.jpg'><img loading=\"lazy\" decoding=\"async\" width=\"150\" height=\"122\" src=\"https:\/\/archives.regards.fr\/wp-content\/uploads\/2012\/02\/mandrinb-69c-150x122.jpg\" class=\"attachment-thumbnail size-thumbnail\" alt=\"L\u2019intensit\u00e9 des marges\" aria-describedby=\"gallery-1-16038\" \/><\/a>\n\t\t\t<\/div>\n\t\t\t\t<figcaption class='wp-caption-text gallery-caption' id='gallery-1-16038'>\n\t\t\t\tL\u2019intensit\u00e9 des marges\n\t\t\t\t<\/figcaption><\/figure>\n\t\t<\/div>\n<\/p>\n","protected":false},"excerpt":{"rendered":"<p>En revitalisant l\u2019histoire de Louis Mandrin, contrebandier<br \/>\nsous Louis XV, le cin\u00e9aste Rabah Ameur-Za\u00efmeche<br \/>\npoursuit sa route sur les chemins buissonniers d\u2019un cin\u00e9ma<br \/>\nd\u2019auteur exigeant, po\u00e9tique autant que politique.<\/p>\n","protected":false},"author":1,"featured_media":16038,"comment_status":"open","ping_status":"open","sticky":false,"template":"","format":"standard","meta":{"_themeisle_gutenberg_block_has_review":false,"footnotes":""},"categories":[141],"tags":[299],"class_list":["post-5295","post","type-post","status-publish","format-standard","has-post-thumbnail","hentry","category-archives-web","tag-cinema"],"_links":{"self":[{"href":"https:\/\/archives.regards.fr\/index.php?rest_route=\/wp\/v2\/posts\/5295","targetHints":{"allow":["GET"]}}],"collection":[{"href":"https:\/\/archives.regards.fr\/index.php?rest_route=\/wp\/v2\/posts"}],"about":[{"href":"https:\/\/archives.regards.fr\/index.php?rest_route=\/wp\/v2\/types\/post"}],"author":[{"embeddable":true,"href":"https:\/\/archives.regards.fr\/index.php?rest_route=\/wp\/v2\/users\/1"}],"replies":[{"embeddable":true,"href":"https:\/\/archives.regards.fr\/index.php?rest_route=%2Fwp%2Fv2%2Fcomments&post=5295"}],"version-history":[{"count":0,"href":"https:\/\/archives.regards.fr\/index.php?rest_route=\/wp\/v2\/posts\/5295\/revisions"}],"wp:featuredmedia":[{"embeddable":true,"href":"https:\/\/archives.regards.fr\/index.php?rest_route=\/wp\/v2\/media\/16038"}],"wp:attachment":[{"href":"https:\/\/archives.regards.fr\/index.php?rest_route=%2Fwp%2Fv2%2Fmedia&parent=5295"}],"wp:term":[{"taxonomy":"category","embeddable":true,"href":"https:\/\/archives.regards.fr\/index.php?rest_route=%2Fwp%2Fv2%2Fcategories&post=5295"},{"taxonomy":"post_tag","embeddable":true,"href":"https:\/\/archives.regards.fr\/index.php?rest_route=%2Fwp%2Fv2%2Ftags&post=5295"}],"curies":[{"name":"wp","href":"https:\/\/api.w.org\/{rel}","templated":true}]}}