{"id":5276,"date":"2012-02-15T17:14:52","date_gmt":"2012-02-15T16:14:52","guid":{"rendered":"https:\/\/wp.muchomaas.com\/musees-du-troisieme-type5276\/"},"modified":"2023-06-23T23:10:53","modified_gmt":"2023-06-23T21:10:53","slug":"musees-du-troisieme-type5276","status":"publish","type":"post","link":"https:\/\/archives.regards.fr\/?p=5276","title":{"rendered":"Mus\u00e9es du troisi\u00e8me type"},"content":{"rendered":"<p class=\"post_excerpt\">CULTURE PARK, la chronique de Bernard Hasquenoph &#8211; <a href=\"http:\/\/www.louvrepourtous.fr\/\">louvrepourtous.fr<\/a><\/p>\n<p><strong>Faire du ski en Seine-et-Marne sera bient\u00f4t possible.<\/strong> Gr\u00e2ce \u00e0 qui ?<br \/>\nNapol\u00e9on et Yves J\u00e9go. Quel rapport entre tout \u00e7a ? C\u2019est dans la<br \/>\nville de Montereau, dirig\u00e9e par l\u2019ancien ministre sarkozyste, qu\u2019eut<br \/>\nlieu, en 1814, une c\u00e9l\u00e8bre bataille napol\u00e9onienne. L\u2019\u00e9lu r\u00eave d\u2019y<br \/>\nimplanter un parc de loisirs dot\u00e9 d\u2019un mus\u00e9e autour de la figure<br \/>\nde l\u2019empereur \u2013 le ski \u00e9tant cens\u00e9 illustrer le passage des Alpes<br \/>\npar l\u2019arm\u00e9e napol\u00e9onienne. Ce projet grandiose vise un million d\u2019entr\u00e9es<br \/>\npar an et la cr\u00e9ation de 3 000 emplois. \u00ab <em>En utilisant \u00e0 fond<br \/>\nla marque Napol\u00e9on<\/em> \u00bb, s\u2019emballe d\u00e9j\u00e0 le maire. Il ne reste plus qu\u2019\u00e0<br \/>\nr\u00e9unir les fonds pour construire ce Las Vegas Empire.<\/p>\n<p>Avec des succ\u00e8s touristiques comme celui du Puy-du-Fou, install\u00e9<br \/>\nen Vend\u00e9e aux portes d\u2019un \u00e9comus\u00e9e depuis lors ferm\u00e9, le \u00ab parc<br \/>\n\u00e0 th\u00e8me culturel \u00bb est devenu une tendance lourde dans l\u2019industrie<br \/>\ndes loisirs. Que cet habillage soit un alibi pour remplir les caisses ou<br \/>\nl\u2019expression d\u2019une r\u00e9elle volont\u00e9 de partager un savoir, le constat est<br \/>\nle m\u00eame : entre mus\u00e9e et parc d\u2019attraction, le foss\u00e9 est en train de se<br \/>\ncombler. Le premier emprunte \u00e0 l\u2019autre ses pratiques commerciales<br \/>\nou ses visites plus interactives ; le second revendique une dimension<br \/>\n\u00e9ducative, comme \u00e0 Disneyland Paris qui propose des livrets<br \/>\np\u00e9dagogiques aux scolaires.<\/p>\n<p>Moins d\u00e9lirant que ce Napol\u00e9onland \u00e0 venir : le Mus\u00e9oParc Al\u00e9sia,<br \/>\n\u00e9manant du d\u00e9partement de la C\u00f4te-d\u2019Or, en partenariat avec<br \/>\nle minist\u00e8re de la Culture. Son ouverture est pr\u00e9vue pour mars, \u00e0<br \/>\nl\u2019emplacement du si\u00e8ge qui opposa Vercing\u00e9torix \u00e0 Jules C\u00e9sar en<br \/>\n52 avant J.-C. Les concepteurs de ce projet hybride, entre mus\u00e9e<br \/>\narch\u00e9ologique et parcours-d\u00e9couverte, immersion virtuelle et savoir<br \/>\nscientifique, esp\u00e8rent attirer 150 000 visiteurs par an. Le propos<br \/>\ntournera autour du d\u00e9tricotage du mythe identitaire national incarn\u00e9<br \/>\npar le fameux \u00ab nos anc\u00eatres les Gaulois \u00bb. En esp\u00e9rant que le<br \/>\nr\u00e9sultat ne ressemble pas \u00e0 ce que disait Georges Fr\u00eache \u00e0 propos<br \/>\nd\u2019une initiative similaire : \u00ab <em>Un m\u00e9lange ultrascientifique pour<br \/>\nles sp\u00e9cialistes comme moi et un truc pour les touristes, du style<br \/>\nar\u00e8nes en carton-p\u00e2te avec des tournois de gladiateurs bidons.<\/em> \u00bb<\/p>\n<div id='gallery-1' class='gallery galleryid-5276 gallery-columns-3 gallery-size-thumbnail'><figure class='gallery-item'>\n\t\t\t<div class='gallery-icon landscape'>\n\t\t\t\t<a href='https:\/\/archives.regards.fr\/wp-content\/uploads\/2012\/02\/nap-2b3.jpg'><img loading=\"lazy\" decoding=\"async\" width=\"150\" height=\"150\" src=\"https:\/\/archives.regards.fr\/wp-content\/uploads\/2012\/02\/nap-2b3-150x150.jpg\" class=\"attachment-thumbnail size-thumbnail\" alt=\"nap.jpg\" \/><\/a>\n\t\t\t<\/div><\/figure>\n\t\t<\/div>\n\n","protected":false},"excerpt":{"rendered":"<p>CULTURE PARK, la chronique de Bernard Hasquenoph &#8211; <a href=\"http:\/\/www.louvrepourtous.fr\/\">louvrepourtous.fr<\/a><\/p>\n","protected":false},"author":625,"featured_media":15986,"comment_status":"open","ping_status":"open","sticky":false,"template":"","format":"standard","meta":{"_themeisle_gutenberg_block_has_review":false,"footnotes":""},"categories":[138],"tags":[357],"class_list":["post-5276","post","type-post","status-publish","format-standard","has-post-thumbnail","hentry","category-bernard-hasquenoph","tag-chronique"],"_links":{"self":[{"href":"https:\/\/archives.regards.fr\/index.php?rest_route=\/wp\/v2\/posts\/5276","targetHints":{"allow":["GET"]}}],"collection":[{"href":"https:\/\/archives.regards.fr\/index.php?rest_route=\/wp\/v2\/posts"}],"about":[{"href":"https:\/\/archives.regards.fr\/index.php?rest_route=\/wp\/v2\/types\/post"}],"author":[{"embeddable":true,"href":"https:\/\/archives.regards.fr\/index.php?rest_route=\/wp\/v2\/users\/625"}],"replies":[{"embeddable":true,"href":"https:\/\/archives.regards.fr\/index.php?rest_route=%2Fwp%2Fv2%2Fcomments&post=5276"}],"version-history":[{"count":0,"href":"https:\/\/archives.regards.fr\/index.php?rest_route=\/wp\/v2\/posts\/5276\/revisions"}],"wp:featuredmedia":[{"embeddable":true,"href":"https:\/\/archives.regards.fr\/index.php?rest_route=\/wp\/v2\/media\/15986"}],"wp:attachment":[{"href":"https:\/\/archives.regards.fr\/index.php?rest_route=%2Fwp%2Fv2%2Fmedia&parent=5276"}],"wp:term":[{"taxonomy":"category","embeddable":true,"href":"https:\/\/archives.regards.fr\/index.php?rest_route=%2Fwp%2Fv2%2Fcategories&post=5276"},{"taxonomy":"post_tag","embeddable":true,"href":"https:\/\/archives.regards.fr\/index.php?rest_route=%2Fwp%2Fv2%2Ftags&post=5276"}],"curies":[{"name":"wp","href":"https:\/\/api.w.org\/{rel}","templated":true}]}}