{"id":5264,"date":"2012-02-28T08:00:00","date_gmt":"2012-02-28T07:00:00","guid":{"rendered":"https:\/\/wp.muchomaas.com\/reve-en-panne5264\/"},"modified":"2012-02-28T08:00:00","modified_gmt":"2012-02-28T07:00:00","slug":"reve-en-panne5264","status":"publish","type":"post","link":"https:\/\/archives.regards.fr\/?p=5264","title":{"rendered":"R\u00eave en panne"},"content":{"rendered":"<p class=\"post_excerpt\">Ester Benbassa<\/p>\n<p><strong>Que s\u2019est-il donc pass\u00e9 pour<br \/>\nque la France ait cess\u00e9 d\u2019\u00eatre<br \/>\nce pays r\u00eav\u00e9 et peine tant \u00e0<br \/>\nint\u00e9grer ses immigr\u00e9s ?<\/strong> C\u2019est<br \/>\nla grande question pos\u00e9e par<br \/>\nEsther Benbassa, cette sp\u00e9cialiste<br \/>\nde l\u2019histoire des religions<br \/>\net de la diversit\u00e9, nouvellement<br \/>\n\u00e9lue s\u00e9natrice \u00e9cologiste. Ponctu\u00e9<br \/>\npar son histoire personnelle,<br \/>\nson livre est simple et p\u00e9dagogique.<br \/>\n\u00c0 lire par tous ceux qui<br \/>\nn\u2019arrivent pas \u00e0 comprendre<br \/>\npourquoi ce sujet hante tant<br \/>\nle d\u00e9bat politique et provoque<br \/>\ncet immense malaise chez les<br \/>\ndamn\u00e9s de l\u2019identit\u00e9 nationale.<br \/>\nQuant \u00e0 ceux qui ont d\u00e9j\u00e0 compris,<br \/>\nil est aussi \u00e0 conseiller pour<br \/>\nles convaincre de passer \u00e0 l\u2019action,<br \/>\nle r\u00eave national en d\u00e9pend !<\/p>\n","protected":false},"excerpt":{"rendered":"<p>Ester Benbassa<\/p>\n","protected":false},"author":1,"featured_media":15977,"comment_status":"open","ping_status":"open","sticky":false,"template":"","format":"standard","meta":{"_themeisle_gutenberg_block_has_review":false,"footnotes":""},"categories":[111],"tags":[392],"class_list":["post-5264","post","type-post","status-publish","format-standard","has-post-thumbnail","hentry","category-nos-selections","tag-essai"],"_links":{"self":[{"href":"https:\/\/archives.regards.fr\/index.php?rest_route=\/wp\/v2\/posts\/5264","targetHints":{"allow":["GET"]}}],"collection":[{"href":"https:\/\/archives.regards.fr\/index.php?rest_route=\/wp\/v2\/posts"}],"about":[{"href":"https:\/\/archives.regards.fr\/index.php?rest_route=\/wp\/v2\/types\/post"}],"author":[{"embeddable":true,"href":"https:\/\/archives.regards.fr\/index.php?rest_route=\/wp\/v2\/users\/1"}],"replies":[{"embeddable":true,"href":"https:\/\/archives.regards.fr\/index.php?rest_route=%2Fwp%2Fv2%2Fcomments&post=5264"}],"version-history":[{"count":0,"href":"https:\/\/archives.regards.fr\/index.php?rest_route=\/wp\/v2\/posts\/5264\/revisions"}],"wp:featuredmedia":[{"embeddable":true,"href":"https:\/\/archives.regards.fr\/index.php?rest_route=\/wp\/v2\/media\/15977"}],"wp:attachment":[{"href":"https:\/\/archives.regards.fr\/index.php?rest_route=%2Fwp%2Fv2%2Fmedia&parent=5264"}],"wp:term":[{"taxonomy":"category","embeddable":true,"href":"https:\/\/archives.regards.fr\/index.php?rest_route=%2Fwp%2Fv2%2Fcategories&post=5264"},{"taxonomy":"post_tag","embeddable":true,"href":"https:\/\/archives.regards.fr\/index.php?rest_route=%2Fwp%2Fv2%2Ftags&post=5264"}],"curies":[{"name":"wp","href":"https:\/\/api.w.org\/{rel}","templated":true}]}}