{"id":5263,"date":"2012-03-03T08:00:00","date_gmt":"2012-03-03T07:00:00","guid":{"rendered":"https:\/\/wp.muchomaas.com\/acteurs-de-l-histoire5263\/"},"modified":"2012-03-03T08:00:00","modified_gmt":"2012-03-03T07:00:00","slug":"acteurs-de-l-histoire5263","status":"publish","type":"post","link":"https:\/\/archives.regards.fr\/?p=5263","title":{"rendered":"Acteurs de l\u2019histoire"},"content":{"rendered":"<p class=\"post_excerpt\">Antoine Germa,<br \/>\nBenjamin Lellouch,  \u00c9velyne Patlagean<\/p>\n<p><strong>Voil\u00e0 un \u00ab pav\u00e9 \u00bb de salubrit\u00e9<br \/>\nhistorique, autour de la longue<br \/>\naventure de la diaspora juive<br \/>\n\u00e0 travers les \u00e9poques et les<br \/>\nlieux o\u00f9 elle s\u2019est install\u00e9e<\/strong>.<br \/>\nAvec comme fil conducteur<br \/>\nson rapport, son apport, sa<br \/>\nd\u00e9pendance aux soci\u00e9t\u00e9s dont<br \/>\nelle devient partie prenante. Il<br \/>\ns\u2019agit donc de repenser les juifs<br \/>\n\u00ab <em>comme acteurs de l\u2019histoire<br \/>\ng\u00e9n\u00e9rale<\/em> \u00bb. Ici les auteurs sont<br \/>\ng\u00e9n\u00e9ralement des sp\u00e9cialistes<br \/>\nreconnus de leur p\u00e9riode, mais<br \/>\npas forc\u00e9ment des communaut\u00e9s<br \/>\njuives. L\u2019ouvrage d\u00e9bouche<br \/>\nsur un XXe si\u00e8cle qui connut le<br \/>\ncombat des 500 000 soldats<br \/>\njuifs de l\u2019arm\u00e9e rouge pendant<br \/>\nla Seconde Guerre mondiale.<\/p>\n","protected":false},"excerpt":{"rendered":"<p>Antoine Germa,<br \/>\nBenjamin Lellouch,  \u00c9velyne Patlagean<\/p>\n","protected":false},"author":579,"featured_media":0,"comment_status":"open","ping_status":"open","sticky":false,"template":"","format":"standard","meta":{"_themeisle_gutenberg_block_has_review":false,"footnotes":""},"categories":[111],"tags":[392],"class_list":["post-5263","post","type-post","status-publish","format-standard","hentry","category-nos-selections","tag-essai"],"_links":{"self":[{"href":"https:\/\/archives.regards.fr\/index.php?rest_route=\/wp\/v2\/posts\/5263","targetHints":{"allow":["GET"]}}],"collection":[{"href":"https:\/\/archives.regards.fr\/index.php?rest_route=\/wp\/v2\/posts"}],"about":[{"href":"https:\/\/archives.regards.fr\/index.php?rest_route=\/wp\/v2\/types\/post"}],"author":[{"embeddable":true,"href":"https:\/\/archives.regards.fr\/index.php?rest_route=\/wp\/v2\/users\/579"}],"replies":[{"embeddable":true,"href":"https:\/\/archives.regards.fr\/index.php?rest_route=%2Fwp%2Fv2%2Fcomments&post=5263"}],"version-history":[{"count":0,"href":"https:\/\/archives.regards.fr\/index.php?rest_route=\/wp\/v2\/posts\/5263\/revisions"}],"wp:attachment":[{"href":"https:\/\/archives.regards.fr\/index.php?rest_route=%2Fwp%2Fv2%2Fmedia&parent=5263"}],"wp:term":[{"taxonomy":"category","embeddable":true,"href":"https:\/\/archives.regards.fr\/index.php?rest_route=%2Fwp%2Fv2%2Fcategories&post=5263"},{"taxonomy":"post_tag","embeddable":true,"href":"https:\/\/archives.regards.fr\/index.php?rest_route=%2Fwp%2Fv2%2Ftags&post=5263"}],"curies":[{"name":"wp","href":"https:\/\/api.w.org\/{rel}","templated":true}]}}