{"id":5261,"date":"2012-02-08T08:00:00","date_gmt":"2012-02-08T07:00:00","guid":{"rendered":"https:\/\/wp.muchomaas.com\/macadam-partout5261\/"},"modified":"2012-02-08T08:00:00","modified_gmt":"2012-02-08T07:00:00","slug":"macadam-partout5261","status":"publish","type":"post","link":"https:\/\/archives.regards.fr\/?p=5261","title":{"rendered":"Macadam partout"},"content":{"rendered":"<p class=\"post_excerpt\">Eric Hamelin, Olivier Razemon<\/p>\n<p><strong>\u00ab<em> L\u2019\u00e9talement urbain, fl\u00e9au \u00e0 combattre<br \/>\nou mal n\u00e9cessaire ?<\/em> \u00bb C\u2019est<br \/>\nla question que posent d\u2019entr\u00e9e<br \/>\nde jeu Eric Hamelin, sociologue<br \/>\nurbaniste, et Olivier Razemon,<br \/>\njournaliste<\/strong>. Devant le fourmillement<br \/>\nd\u2019id\u00e9es pr\u00e9con\u00e7ues sur le sujet, ils<br \/>\ninterrogent les effets et les causes.<br \/>\nComme l\u2019id\u00e9e aberrante d\u2019implanter<br \/>\nles nouvelles gares TGV en<br \/>\npleine campagne. Les solutions ?<br \/>\nVivre au bord de l\u2019eau, faire des jardins<br \/>\nplus petits, am\u00e9liorer l\u2019habitat<br \/>\ncollectif, parfaire l\u2019intercommunalit\u00e9\u2026<br \/>\nPour Roland Castro, qui a<br \/>\nsign\u00e9 la pr\u00e9face : \u00ab <em>Ce n\u2019est pas<br \/>\nla ville, ni l\u2019urbanisation qu\u2019il faut<br \/>\ncombattre, c\u2019est la fabrique insensible<br \/>\net technique de la ville<\/em>. \u00bb<\/p>\n","protected":false},"excerpt":{"rendered":"<p>Eric Hamelin, Olivier Razemon<\/p>\n","protected":false},"author":573,"featured_media":15975,"comment_status":"open","ping_status":"open","sticky":false,"template":"","format":"standard","meta":{"_themeisle_gutenberg_block_has_review":false,"footnotes":""},"categories":[111],"tags":[392],"class_list":["post-5261","post","type-post","status-publish","format-standard","has-post-thumbnail","hentry","category-nos-selections","tag-essai"],"_links":{"self":[{"href":"https:\/\/archives.regards.fr\/index.php?rest_route=\/wp\/v2\/posts\/5261","targetHints":{"allow":["GET"]}}],"collection":[{"href":"https:\/\/archives.regards.fr\/index.php?rest_route=\/wp\/v2\/posts"}],"about":[{"href":"https:\/\/archives.regards.fr\/index.php?rest_route=\/wp\/v2\/types\/post"}],"author":[{"embeddable":true,"href":"https:\/\/archives.regards.fr\/index.php?rest_route=\/wp\/v2\/users\/573"}],"replies":[{"embeddable":true,"href":"https:\/\/archives.regards.fr\/index.php?rest_route=%2Fwp%2Fv2%2Fcomments&post=5261"}],"version-history":[{"count":0,"href":"https:\/\/archives.regards.fr\/index.php?rest_route=\/wp\/v2\/posts\/5261\/revisions"}],"wp:featuredmedia":[{"embeddable":true,"href":"https:\/\/archives.regards.fr\/index.php?rest_route=\/wp\/v2\/media\/15975"}],"wp:attachment":[{"href":"https:\/\/archives.regards.fr\/index.php?rest_route=%2Fwp%2Fv2%2Fmedia&parent=5261"}],"wp:term":[{"taxonomy":"category","embeddable":true,"href":"https:\/\/archives.regards.fr\/index.php?rest_route=%2Fwp%2Fv2%2Fcategories&post=5261"},{"taxonomy":"post_tag","embeddable":true,"href":"https:\/\/archives.regards.fr\/index.php?rest_route=%2Fwp%2Fv2%2Ftags&post=5261"}],"curies":[{"name":"wp","href":"https:\/\/api.w.org\/{rel}","templated":true}]}}