{"id":5260,"date":"2012-02-25T08:00:00","date_gmt":"2012-02-25T07:00:00","guid":{"rendered":"https:\/\/wp.muchomaas.com\/le-peuple-souverain5260\/"},"modified":"2012-02-25T08:00:00","modified_gmt":"2012-02-25T07:00:00","slug":"le-peuple-souverain5260","status":"publish","type":"post","link":"https:\/\/archives.regards.fr\/?p=5260","title":{"rendered":"Le peuple souverain"},"content":{"rendered":"<p class=\"post_excerpt\">Collectif<\/p>\n<p><strong>\u00ab <em>Savoirs d\u00e9rob\u00e9s, confisqu\u00e9s,<br \/>\natt\u00e9nu\u00e9s par les souverainet\u00e9s<br \/>\ninstitu\u00e9es en pouvoirs l\u00e9gitimes<br \/>\nou en contre-pouvoirs tout aussi<br \/>\ninstitu\u00e9s.<\/em> \u00bb<\/strong> Elles sont cruelles,<br \/>\nles crises de la repr\u00e9sentation<br \/>\npolitique. \u00ab <em>Elles font souffrir au<br \/>\nquotidien, au travail, dans les<br \/>\nentreprises, dans la rue, elles<br \/>\nexcluent, tyrannisent, harc\u00e8lent<br \/>\nle corps social et politique<\/em>. \u00bb<br \/>\nPolitiser la plainte pour lui donner<br \/>\nsa puissance active et se<br \/>\ndonner les moyens de \u00ab <em>refaire<br \/>\nune Cit\u00e9<\/em> \u00bb. M\u00e9tamorphoser le g\u00e9missement en grondement. Battre<br \/>\nen br\u00e8che les politiques de la piti\u00e9 en faveur d\u2019une politique de la<br \/>\njustice. Telles sont les ambitions de cet ouvrage collectif intitul\u00e9 <em>Est-ce<br \/>\nainsi que les hommes vivent<\/em>. Il se pr\u00e9sente comme un cahier de<br \/>\ndol\u00e9ances, dont l\u2019\u00e9tymologie renvoie \u00e0 \u00ab douleur \u00bb et \u00ab deuil \u00bb, sur le<br \/>\nmod\u00e8le des registres utilis\u00e9s en 1789 pour consigner les voeux et<br \/>\nprotestations adress\u00e9s au roi.<\/p>\n<p>Ce livre est n\u00e9 d\u2019une initiative originale, relay\u00e9e notamment par la<br \/>\nrevue <em>Vacarme<\/em> et le journal <em>L\u2019Humanit\u00e9<\/em>, qui s\u2019apparente \u00e0 un tour de<br \/>\nFrance des voix populaires. Il fait \u00e9tape dans de grandes et petites<br \/>\nvilles, en province et en r\u00e9gion parisienne, dans les banlieues et<br \/>\nles zones rurales. Bagneux, Villeurbanne, Argenteuil, Meaux, Annecy,<br \/>\nNevers, La Courneuve\u2026 \u00ab <em>C\u2019est Deauville, \u00e7a : il n\u2019y a pas de<br \/>\nclochards, \u00e7a n\u2019existe pas, il n\u2019y a pas de pauvres, pas de salari\u00e9s,<br \/>\npas d\u2019ouvriers\u2026 Il faut cacher ce qui n\u2019est pas la richesse.<br \/>\nForc\u00e9ment, \u00e7a \u00e9nerve : si tu n\u2019es pas en Dolce Gabana, si tu as<br \/>\nune Casio et pas une Rolex, tu n\u2019existes pas, tu es une tache<br \/>\nou tu es invisible, mais \u00e7a revient au m\u00eame ! <\/em> \u00bb Organis\u00e9s autour<br \/>\nde th\u00e9matiques, les t\u00e9moignages se succ\u00e8dent. \u00ab<em> Je suis un pr\u00e9caire,<br \/>\nje suis un furieux, moi ; je passe mon temps, le soir, \u00e0 mater<br \/>\nla cha\u00eene Parlementaire (LCP) pour entendre ce que les uns et<br \/>\nles autres disent<\/em> \u00bb. \u00c0 Vierzon : \u00ab <em>Plut\u00f4t que de parler devant tout<br \/>\nle monde, le chef de service envoie des mails aux coll\u00e8gues\u2026 <\/em> \u00bb<br \/>\nCes paroles errantes de \u00ab dol\u00e9ants \u00bb, ici rassembl\u00e9es, dessinent<br \/>\nun horizon commun.<\/p>\n","protected":false},"excerpt":{"rendered":"<p>Collectif<\/p>\n","protected":false},"author":573,"featured_media":15974,"comment_status":"open","ping_status":"open","sticky":false,"template":"","format":"standard","meta":{"_themeisle_gutenberg_block_has_review":false,"footnotes":""},"categories":[111],"tags":[392],"class_list":["post-5260","post","type-post","status-publish","format-standard","has-post-thumbnail","hentry","category-nos-selections","tag-essai"],"_links":{"self":[{"href":"https:\/\/archives.regards.fr\/index.php?rest_route=\/wp\/v2\/posts\/5260","targetHints":{"allow":["GET"]}}],"collection":[{"href":"https:\/\/archives.regards.fr\/index.php?rest_route=\/wp\/v2\/posts"}],"about":[{"href":"https:\/\/archives.regards.fr\/index.php?rest_route=\/wp\/v2\/types\/post"}],"author":[{"embeddable":true,"href":"https:\/\/archives.regards.fr\/index.php?rest_route=\/wp\/v2\/users\/573"}],"replies":[{"embeddable":true,"href":"https:\/\/archives.regards.fr\/index.php?rest_route=%2Fwp%2Fv2%2Fcomments&post=5260"}],"version-history":[{"count":0,"href":"https:\/\/archives.regards.fr\/index.php?rest_route=\/wp\/v2\/posts\/5260\/revisions"}],"wp:featuredmedia":[{"embeddable":true,"href":"https:\/\/archives.regards.fr\/index.php?rest_route=\/wp\/v2\/media\/15974"}],"wp:attachment":[{"href":"https:\/\/archives.regards.fr\/index.php?rest_route=%2Fwp%2Fv2%2Fmedia&parent=5260"}],"wp:term":[{"taxonomy":"category","embeddable":true,"href":"https:\/\/archives.regards.fr\/index.php?rest_route=%2Fwp%2Fv2%2Fcategories&post=5260"},{"taxonomy":"post_tag","embeddable":true,"href":"https:\/\/archives.regards.fr\/index.php?rest_route=%2Fwp%2Fv2%2Ftags&post=5260"}],"curies":[{"name":"wp","href":"https:\/\/api.w.org\/{rel}","templated":true}]}}