{"id":5253,"date":"2012-02-12T21:31:16","date_gmt":"2012-02-12T20:31:16","guid":{"rendered":"https:\/\/wp.muchomaas.com\/ou-s-arretera-melenchon5253\/"},"modified":"2023-06-23T23:10:50","modified_gmt":"2023-06-23T21:10:50","slug":"ou-s-arretera-melenchon5253","status":"publish","type":"post","link":"https:\/\/archives.regards.fr\/?p=5253","title":{"rendered":"O\u00f9 s\u2019arr\u00eatera M\u00e9lenchon ?"},"content":{"rendered":"<p class=\"post_excerpt\">Lanc\u00e9 dans la course de la pr\u00e9sidentielle<br \/>\ndepuis un bon moment, Jean-Luc M\u00e9lenchon<br \/>\nparviendra-t-il \u00e0 s\u00e9duire au-del\u00e0<br \/>\ndes convaincus ?<\/p>\n<p>Parti t\u00f4t, d\u00e8s le printemps dernier<br \/>\napr\u00e8s sa d\u00e9signation par<br \/>\nle PCF, Jean Luc Melenchon<br \/>\na lanc\u00e9 sa campagne avec la<br \/>\npublication d\u2019un essai court,<br \/>\n<em>Qu\u2019ils s\u2019en aillent tous<\/em>, devenu un best-seller.<br \/>\nRapidement aussi, il b\u00e9n\u00e9ficie du retrait surprise<br \/>\nd\u2019Olivier Besancenot : M\u00e9lenchon parvient<br \/>\n\u00e0 s\u2019imposer comme le candidat du rassemblement<br \/>\nde la gauche du PS. Le spectre de l\u2019\u00e9miettement<br \/>\nde 2007 semble conjur\u00e9\u2026 D\u00e8s septembre,<br \/>\nil encha\u00eene : meeting \u00e0 la f\u00eate de l\u2019Huma,<br \/>\nlarge diffusion du programme partag\u00e9 du Front<br \/>\nde gauche, cr\u00e9ation d\u2019assembl\u00e9es citoyennes<br \/>\nr\u00e9unissant des militants de tous horizons soutenant<br \/>\nsa candidature, \u00e9largissement du Front<br \/>\nde gauche \u00e0 de nouvelles forces\u2026 Avec cette flottille, le candidat du Front de gauche r\u00e9ussit \u00e0<br \/>\npasser le gros temps des primaires socialistes<br \/>\net \u00e0 maintenir son existence politique. La perc\u00e9e<br \/>\nde Montebourg lui donne m\u00eame un surcro\u00eet<br \/>\nd\u2019esp\u00e9rance, voire de l\u00e9gitimit\u00e9 dans l\u2019\u00e9lectorat<br \/>\nde gauche.<\/p>\n<p>Sa prestation sur France 2 le 12 janvier lors de<br \/>\nl\u2019\u00e9mission \u00ab Des paroles et des actes \u00bb lui a peut-\u00eatre<br \/>\nservi de catalyseur. Avec une tr\u00e8s bonne<br \/>\naudience, pr\u00e8s de 3,2 millions de t\u00e9l\u00e9spectateurs<br \/>\nhapp\u00e9s par son dynamisme, il emballe les<br \/>\nmilitants encore septiques et fait une perc\u00e9e<br \/>\naupr\u00e8s de ceux qui suivent de loin la campagne.<br \/>\n\u00ab <em>Il ferait un bon candidat, ce gars-l\u00e0 <\/em> \u00bb. Cette<br \/>\nr\u00e9flexion souvent entendue rappelle la perc\u00e9e<br \/>\naupr\u00e8s du grand public d\u2019Olivier Besancenot<br \/>\nen 2002 qui \u00ab d\u00e9colla \u00bb avec ses passages t\u00e9l\u00e9.<br \/>\nM\u00e9lenchon, candidat d\u2019un regroupement de<br \/>\nforces pas toujours d\u2019accord sur tous les sujets,<br \/>\na r\u00e9ussi \u00e0 tenir l\u2019\u00e9quilibre des positions sans se<br \/>\nfaire aspirer par la recherche d\u2019un consensus<br \/>\ncastrateur. \u00c0 la bonne heure ! Cette strat\u00e9gie<br \/>\n\u00e9tait la bonne pour une \u00e9lection hyperpersonnalis\u00e9e<br \/>\ncomme le scrutin pr\u00e9sidentiel. Elle ne vaut<br \/>\npas forc\u00e9ment durablement\u2026 Jean-Luc M\u00e9lenchon<br \/>\nparvient plut\u00f4t bien \u00e0 se faire entendre de<br \/>\ntrois \u00e9lectorats, celui qui vote ou votait communiste,<br \/>\ncelui qui s\u2019impatiente de voir le PS englu\u00e9<br \/>\ndans la recherche du triple A perdu, et, enfin<br \/>\ncelui qu\u2019Eva Joly ne parvient pas tout \u00e0 fait \u00e0<br \/>\nconvaincre \u00e0 la suite de l\u2019accord EELV\/PS. Le<br \/>\ntout cumul\u00e9 fait monter les intentions de vote en<br \/>\nsa faveur. Il reste dans la course.<\/p>\n<h2>Rassembler \u00e0 gauche<\/h2>\n<p>Le plus dur est fait ; mais le laminage pr\u00e9visible des candidats de l\u2019extr\u00eame<br \/>\ngauche lui impose de repr\u00e9senter toute la<br \/>\ngauche radicale, d\u2019alternative ou anticapitaliste.<br \/>\nSon score sera lu \u00e0 cette aune. Faire mieux que<br \/>\nl\u2019un ou l\u2019autre des candidats de 2007 n\u2019est pas<br \/>\nle challenge. Il aura r\u00e9ussi s\u2019il parvient \u00e0 totaliser<br \/>\nle potentiel de cet espace et si possible \u00e0<br \/>\nl\u2019\u00e9largir. Bref, r\u00e9unir autour de 10 % des suffrages<br \/>\n\u00e0 la fin avril. La route est encore longue.<br \/>\nPour cela, il lui faut ancrer les r\u00e9cents gains, et<br \/>\nsurtout r\u00e9sister au rouleau compresseur du vote<br \/>\nutile. Paradoxe : plus la campagne de Fran\u00e7ois<br \/>\nHollande est d\u00e9cevante, plus Jean-Luc M\u00e9lenchon<br \/>\nrisque de subir la pression en faveur du<br \/>\nvote utile. C\u2019est m\u00eame l\u2019argument massue du<br \/>\ncandidat socialiste pour capter des \u00e9lecteurs<br \/>\nde gauche toujours traumatis\u00e9s par le souvenir<br \/>\nde 2002. Le possible retrait d\u2019Eva Joly pourrait<br \/>\navoir un effet lui aussi paradoxal sur la campagne<br \/>\ndu candidat du Front de gauche. Ouvertement<br \/>\nenvisag\u00e9 face aux m\u00e9diocres r\u00e9sultats<br \/>\nde la campagne qui affaiblissent EELV politiquement<br \/>\n(et financi\u00e8rement), ce d\u00e9sistement<br \/>\nserait argument\u00e9 par la crainte de ne pas voir<br \/>\nla gauche pr\u00e9sente au second tour. Alors m\u00eame<br \/>\nqu\u2019il augmenterait le score de Hollande, la pression<br \/>\nsur M\u00e9lenchon pourrait aussi s\u2019accro\u00eetre :<br \/>\nl\u2019union de toute la gauche pour contrer le danger<br \/>\nd\u2019une \u00e9limination au premier tour l\u2019emporterait<br \/>\nsur tout autre argument. <div id='gallery-1' class='gallery galleryid-5253 gallery-columns-3 gallery-size-thumbnail'><figure class='gallery-item'>\n\t\t\t<div class='gallery-icon landscape'>\n\t\t\t\t<a href='https:\/\/archives.regards.fr\/wp-content\/uploads\/2012\/02\/melc-59b.jpg'><img loading=\"lazy\" decoding=\"async\" width=\"80\" height=\"55\" src=\"https:\/\/archives.regards.fr\/wp-content\/uploads\/2012\/02\/melc-59b.jpg\" class=\"attachment-thumbnail size-thumbnail\" alt=\"O\u00f9 s\u2019arr\u00eatera M\u00e9lenchon ?\" aria-describedby=\"gallery-1-15956\" \/><\/a>\n\t\t\t<\/div>\n\t\t\t\t<figcaption class='wp-caption-text gallery-caption' id='gallery-1-15956'>\n\t\t\t\tO\u00f9 s\u2019arr\u00eatera M\u00e9lenchon ?\n\t\t\t\t<\/figcaption><\/figure>\n\t\t<\/div>\n<\/p>\n","protected":false},"excerpt":{"rendered":"<p>Lanc\u00e9 dans la course de la pr\u00e9sidentielle<br \/>\ndepuis un bon moment, Jean-Luc M\u00e9lenchon<br \/>\nparviendra-t-il \u00e0 s\u00e9duire au-del\u00e0<br \/>\ndes convaincus ?<\/p>\n","protected":false},"author":464,"featured_media":15956,"comment_status":"open","ping_status":"open","sticky":false,"template":"","format":"standard","meta":{"_themeisle_gutenberg_block_has_review":false,"footnotes":""},"categories":[141],"tags":[290,295],"class_list":["post-5253","post","type-post","status-publish","format-standard","has-post-thumbnail","hentry","category-archives-web","tag-elections","tag-nupes"],"_links":{"self":[{"href":"https:\/\/archives.regards.fr\/index.php?rest_route=\/wp\/v2\/posts\/5253","targetHints":{"allow":["GET"]}}],"collection":[{"href":"https:\/\/archives.regards.fr\/index.php?rest_route=\/wp\/v2\/posts"}],"about":[{"href":"https:\/\/archives.regards.fr\/index.php?rest_route=\/wp\/v2\/types\/post"}],"author":[{"embeddable":true,"href":"https:\/\/archives.regards.fr\/index.php?rest_route=\/wp\/v2\/users\/464"}],"replies":[{"embeddable":true,"href":"https:\/\/archives.regards.fr\/index.php?rest_route=%2Fwp%2Fv2%2Fcomments&post=5253"}],"version-history":[{"count":0,"href":"https:\/\/archives.regards.fr\/index.php?rest_route=\/wp\/v2\/posts\/5253\/revisions"}],"wp:featuredmedia":[{"embeddable":true,"href":"https:\/\/archives.regards.fr\/index.php?rest_route=\/wp\/v2\/media\/15956"}],"wp:attachment":[{"href":"https:\/\/archives.regards.fr\/index.php?rest_route=%2Fwp%2Fv2%2Fmedia&parent=5253"}],"wp:term":[{"taxonomy":"category","embeddable":true,"href":"https:\/\/archives.regards.fr\/index.php?rest_route=%2Fwp%2Fv2%2Fcategories&post=5253"},{"taxonomy":"post_tag","embeddable":true,"href":"https:\/\/archives.regards.fr\/index.php?rest_route=%2Fwp%2Fv2%2Ftags&post=5253"}],"curies":[{"name":"wp","href":"https:\/\/api.w.org\/{rel}","templated":true}]}}