{"id":5247,"date":"2012-02-05T09:00:00","date_gmt":"2012-02-05T08:00:00","guid":{"rendered":"https:\/\/wp.muchomaas.com\/quand-je-vois-les-schmits-je-cours5247\/"},"modified":"2023-06-23T23:10:48","modified_gmt":"2023-06-23T21:10:48","slug":"quand-je-vois-les-schmits-je-cours5247","status":"publish","type":"post","link":"https:\/\/archives.regards.fr\/?p=5247","title":{"rendered":"\u00ab Quand je vois les schmits je cours. Et tout le monde aussi \u00bb Tony, 13 ans, La Courneuve."},"content":{"rendered":"<p class=\"post_excerpt\">QUARTIERS LIBRES, la chronique de Raph\u00e4l Yem.<\/p>\n<p><strong>\u00ab <em>Police! Personne ne bouge ! <\/em> \u00bb En effet,<br \/>\npas grand monde n\u2019a boug\u00e9.<\/strong> \u00c0 part<br \/>\nles collectifs d\u2019habitants des quartiers<br \/>\nconcern\u00e9s par la mort de l\u2019un des leurs. Wissam<br \/>\nEl Yamni, 30 ans, du quartier de La Gauthi\u00e8re<br \/>\n\u00e0 Clermont-Ferrand, est d\u00e9c\u00e9d\u00e9 une semaine<br \/>\napr\u00e8s son interpellation polici\u00e8re lors du<br \/>\nr\u00e9veillon. Dix jours plus tard, \u00e0 Aulnay-sous-Bois,<br \/>\nc\u2019\u00e9tait le tour d\u2019Abdelilah, 25 ans, victime d\u2019une<br \/>\ncrise cardiaque lors d\u2019un contr\u00f4le de police,<br \/>\nalors qu\u2019il se trouvait dans le hall d\u2019un immeuble<br \/>\nde la cit\u00e9 Balagny avec deux potes. Des \u00e9v\u00e9nements<br \/>\ntragiques qui sont en fait devenus<br \/>\nbanals, comme les chiens \u00e9cras\u00e9s. Ali Ziri \u00e0 Argenteuil,<br \/>\nAbdelhakim Ajimi \u00e0 Grasse, Abou Bakari<br \/>\nTandia arr\u00eat\u00e9 dans un foyer de Courbevoie,<br \/>\nMamadou Marega \u00e0 Colombes, Lamine Dieng<br \/>\ndans le 20e arrondissement de Paris, sans<br \/>\noublier les gamins qui tracent pour semer les<br \/>\npoliciers : Moushin et Laramy \u00e0 Villiers-le-Bel,<br \/>\nZyed et Bouna \u00e0 Clichy-sous-bois. Les dossiers<br \/>\ntra\u00eenent depuis des ann\u00e9es, la justice n\u2019est pas<br \/>\nrendue, le deuil des familles et des amis est<br \/>\nimpossible. Bien fait pour eux, ils n\u2019avaient qu\u2019\u00e0<br \/>\npas \u00eatre \u00ab de banlieue \u00bb. Dans tous ces cas,<br \/>\ndes habitants qui ont assist\u00e9 \u00e0 ces d\u00e9rapages<br \/>\nd\u00e9noncent des violences contre les personnes.<br \/>\nDans nos quartiers, la police fait peur. Sa mission<br \/>\nde protection, on l\u2019a oubli\u00e9e. La police de<br \/>\nproximit\u00e9 n\u2019existerait plus, remplac\u00e9e par une<br \/>\npolice de propagande. \u00c0 croire qu\u2019elle n\u2019est l\u00e0<br \/>\nque pour provoquer, humilier, pour contr\u00f4ler \u00e0<br \/>\nr\u00e9p\u00e9tition, au faci\u00e8s, des contr\u00f4les de \u00absoumission \u00bb, comme les appelle le rappeur Sefyu\u2026<br \/>\nSelon une \u00e9tude du CNRS, ces contr\u00f4les<br \/>\nabusifs sont subis prioritairement par ceux qui<br \/>\nsont per\u00e7us comme \u00ab jeunes \u00bb (onze fois plus),<br \/>\n\u00ab noirs \u00bb (six fois plus que les \u00ab blancs \u00bb), ou<br \/>\n\u00ab arabes \u00bb (huit fois plus). Et ce n\u2019est pas \u00e7a, le<br \/>\ncontrat r\u00e9publicain, garant d\u2019\u00e9galit\u00e9.<\/p>\n<p>Nous aussi nous avons le droit \u00e0 une police<br \/>\naux c\u00f4t\u00e9s des habitants, pas contre les habitants.<br \/>\nPour que les Bleus ne nous en donnent<br \/>\npas : nous voulons des agents exp\u00e9riment\u00e9s,<br \/>\nde terrain, qui ne sont pas l\u00e0 pour r\u00e9gler des<br \/>\ncomptes personnels, qui travaillent de concert<br \/>\navec le reste du tissu social local et qui s\u2019investissent<br \/>\ndans la vie de la cit\u00e9. Une police<br \/>\nqui ne soit pas le bras arm\u00e9 de la communication<br \/>\ngouvernementale ! Ok, ce n\u2019est pas la<br \/>\nd\u00e9finition sarkozyste de la police qui, rappelez-<br \/>\nvous, avait remis dans le rang le commissariat<br \/>\ndu quartier de Bellefontaine \u00e0 Toulouse<br \/>\nqui avait pris l\u2019initiative d\u2019organiser un tournoi<br \/>\nde foot avec les jeunes du coin. Pourtant, \u00e0<br \/>\ncette \u00e9poque, dans ce quartier, aucune bavure<br \/>\npolici\u00e8re n\u2019est \u00e0 regretter\u2026 Pour que tout cela<br \/>\nne recommence pas. Je demande \u00e0 notre ministre<br \/>\nde l\u2019Int\u00e9rieur de lire et de comprendre<br \/>\nce qu\u2019il y avait sur cette banderole tenue par<br \/>\ndes m\u00e8res de familles le jour de la marche en<br \/>\nsouvenir de Wissam : \u00ab <em>Gu\u00e9ant, reconnais que<br \/>\nla police a tu\u00e9. <\/em> \u00bb<div id='gallery-1' class='gallery galleryid-5247 gallery-columns-3 gallery-size-thumbnail'><figure class='gallery-item'>\n\t\t\t<div class='gallery-icon landscape'>\n\t\t\t\t<a href='https:\/\/archives.regards.fr\/wp-content\/uploads\/2012\/02\/bacc-858.jpg'><img loading=\"lazy\" decoding=\"async\" width=\"80\" height=\"55\" src=\"https:\/\/archives.regards.fr\/wp-content\/uploads\/2012\/02\/bacc-858.jpg\" class=\"attachment-thumbnail size-thumbnail\" alt=\"\u00ab Quand je vois les schmits je cours. Et tout le monde aussi \u00bb Tony, 13 ans, La Courneuve.\" aria-describedby=\"gallery-1-15937\" \/><\/a>\n\t\t\t<\/div>\n\t\t\t\t<figcaption class='wp-caption-text gallery-caption' id='gallery-1-15937'>\n\t\t\t\t\u00ab Quand je vois les schmits je cours. Et tout le monde aussi \u00bb Tony, 13 ans, La Courneuve.\n\t\t\t\t<\/figcaption><\/figure><figure class='gallery-item'>\n\t\t\t<div class='gallery-icon landscape'>\n\t\t\t\t<a href='https:\/\/archives.regards.fr\/wp-content\/uploads\/2012\/02\/bac-cbd.jpg'><img loading=\"lazy\" decoding=\"async\" width=\"150\" height=\"150\" src=\"https:\/\/archives.regards.fr\/wp-content\/uploads\/2012\/02\/bac-cbd-150x150.jpg\" class=\"attachment-thumbnail size-thumbnail\" alt=\"bac.jpg\" \/><\/a>\n\t\t\t<\/div><\/figure>\n\t\t<\/div>\n<\/p>\n","protected":false},"excerpt":{"rendered":"<p>QUARTIERS LIBRES, la chronique de Raph\u00e4l Yem.<\/p>\n","protected":false},"author":1,"featured_media":15937,"comment_status":"open","ping_status":"open","sticky":false,"template":"","format":"standard","meta":{"_themeisle_gutenberg_block_has_review":false,"footnotes":""},"categories":[134],"tags":[357],"class_list":["post-5247","post","type-post","status-publish","format-standard","has-post-thumbnail","hentry","category-raphal-yem","tag-chronique"],"_links":{"self":[{"href":"https:\/\/archives.regards.fr\/index.php?rest_route=\/wp\/v2\/posts\/5247","targetHints":{"allow":["GET"]}}],"collection":[{"href":"https:\/\/archives.regards.fr\/index.php?rest_route=\/wp\/v2\/posts"}],"about":[{"href":"https:\/\/archives.regards.fr\/index.php?rest_route=\/wp\/v2\/types\/post"}],"author":[{"embeddable":true,"href":"https:\/\/archives.regards.fr\/index.php?rest_route=\/wp\/v2\/users\/1"}],"replies":[{"embeddable":true,"href":"https:\/\/archives.regards.fr\/index.php?rest_route=%2Fwp%2Fv2%2Fcomments&post=5247"}],"version-history":[{"count":0,"href":"https:\/\/archives.regards.fr\/index.php?rest_route=\/wp\/v2\/posts\/5247\/revisions"}],"wp:featuredmedia":[{"embeddable":true,"href":"https:\/\/archives.regards.fr\/index.php?rest_route=\/wp\/v2\/media\/15937"}],"wp:attachment":[{"href":"https:\/\/archives.regards.fr\/index.php?rest_route=%2Fwp%2Fv2%2Fmedia&parent=5247"}],"wp:term":[{"taxonomy":"category","embeddable":true,"href":"https:\/\/archives.regards.fr\/index.php?rest_route=%2Fwp%2Fv2%2Fcategories&post=5247"},{"taxonomy":"post_tag","embeddable":true,"href":"https:\/\/archives.regards.fr\/index.php?rest_route=%2Fwp%2Fv2%2Ftags&post=5247"}],"curies":[{"name":"wp","href":"https:\/\/api.w.org\/{rel}","templated":true}]}}