{"id":5246,"date":"2012-02-11T10:00:00","date_gmt":"2012-02-11T09:00:00","guid":{"rendered":"https:\/\/wp.muchomaas.com\/j-aime-pas-le-sarkozysme5246\/"},"modified":"2023-06-23T23:10:48","modified_gmt":"2023-06-23T21:10:48","slug":"j-aime-pas-le-sarkozysme5246","status":"publish","type":"post","link":"https:\/\/archives.regards.fr\/?p=5246","title":{"rendered":"J\u2019aime pas le sarkozysme t\u00e9l\u00e9visuel"},"content":{"rendered":"<p><strong>L&#8217;ouvrage de Fr\u00e9d\u00e9ric Martel, <em>J\u2019aime pas<br \/>\nle sarkozysme culturel<\/em>, (\u00e9d. Flammarion),<br \/>\nappliquant \u00e0 la politique du Pr\u00e9sident<br \/>\nle principe du <em>like<\/em> de Facebook, peut<br \/>\nd\u00e9sar\u00e7onner, voire agacer ceux qui n\u2019y voient<br \/>\nqu\u2019une s\u00e9rie de r\u00e8glements de comptes personnels<\/strong>.<br \/>\nPourtant, derri\u00e8re le d\u00e9roul\u00e9 des d\u00e9nonciations<br \/>\n<em>ad hominem<\/em> de celui qui assume<br \/>\nse la jouer \u00ab<em>bitchy<\/em> \u00bb face \u00e0 un syst\u00e8me qui<br \/>\nne recule devant aucun coup tordu, ce bon<br \/>\nconnaisseur du \u00ab <em>soft power<\/em> \u00bb d\u00e9roule au fil<br \/>\ndes pages le portrait acide d\u2019un mode de fonctionnement<br \/>\nm\u00e9diatique (on ne peut pas parler<br \/>\nd\u2019instrumentalisation puisque tout le monde<br \/>\nest consentant) qui explique en grande partie<br \/>\npourquoi nous risquons de voir repasser<br \/>\nl\u2019ancien maire de Neuilly \u00e0 l\u2019\u00c9lys\u00e9e. Et pour<br \/>\nce qui nous concerne ici, la t\u00e9l\u00e9vision occupe<br \/>\nune place centrale sur cet \u00e9chiquier, un univers<br \/>\nqui fait sens, guid\u00e9 par un homme qui ne se<br \/>\ncontente pas de balancer du storytelling mais<br \/>\nsait aussi infuser les id\u00e9es fortes de sa droite<br \/>\n\u00ab nouvelle \u00bb. Car, qui pourra en douter, en cinq<br \/>\nans la France a chang\u00e9, pour le pire certes<br \/>\npuisqu\u2019ind\u00e9niablement de nombreuses digues,<br \/>\nqui avaient tenu bon jusque-l\u00e0, ont fini par sauter.<br \/>\nEt c\u2019est dans le petit \u00e9cran, en grande partie,<br \/>\nque l\u2019affaire est mise en sc\u00e8ne.<\/p>\n<p>Le premier point tient dans la dimension affinitaire<br \/>\ndes r\u00e9seaux sarkozystes au sein des<br \/>\ngrands groupes audiovisuels. Loin de se<br \/>\ncontenter de faire pression afin que tel ou tel<br \/>\nde ses petits favoris d\u00e9barque dans une \u00e9mission,<br \/>\nle \u00ab petit Nicolas \u00bb dispose, entre Bollor\u00e9<br \/>\net Bouygues, d\u2019un cercle influent d\u2019amis qui lui<br \/>\nveulent du bien. Et contrairement \u00e0 ce que l\u2019on<br \/>\na pu voir dans la presse \u00e9crite, de <em>Prisma<\/em> au<br \/>\n<em>JDD<\/em>, gu\u00e8re besoin d\u2019en venir \u00e0 exiger des t\u00eates,<br \/>\nsauf pour des questions futiles de vie priv\u00e9e.<br \/>\nUn poids lourd comme TF1 (encore aujourd\u2019hui<br \/>\nmalgr\u00e9 la concurrence de la TNT) insuffle une<br \/>\nnouvelle vision de la soci\u00e9t\u00e9 de mani\u00e8re suffisamment<br \/>\nperverse et hom\u00e9opathique pour que<br \/>\nla <em>pravda<\/em> r\u00e9ac du PAF n\u2019ait pas toujours besoin<br \/>\nde souligner le trait (mettons de c\u00f4t\u00e9 l\u2019attach\u00e9<br \/>\nde presse gouvernemental qu\u2019est devenu Jean-<br \/>\nPierre Pernaut).<\/p>\n<p>La multidiffusion de s\u00e9ries anxiog\u00e8nes comme<br \/>\n<em>Les experts<\/em>, la t\u00e9l\u00e9r\u00e9alit\u00e9 pr\u00e9sentant un visage<br \/>\nhumiliant (fautes de fran\u00e7ais, comportements<br \/>\n\u00ab immoraux \u00bb, etc.) de gens souvent issus des<br \/>\nmilieux dits populaires, etc., y suffisent amplement.<br \/>\nM6 de ce point de vue ajoute aussi sa<br \/>\npierre \u00e0 l\u2019\u00e9difice, y compris via ses \u00e9missions<br \/>\nculinaires.<\/p>\n<p>L\u2019autre dimension fondamentale de ce sarkozysme<br \/>\nt\u00e9l\u00e9visuel concerne la guerre ouverte<br \/>\ncontre France T\u00e9l\u00e9vision, consid\u00e9r\u00e9e comme<br \/>\nun acteur g\u00eanant pour les int\u00e9r\u00eats du \u00ab priv\u00e9 \u00bb.<br \/>\nLa volont\u00e9 de nommer le pr\u00e9sident du service<br \/>\npublic audiovisuel correspond finalement assez<br \/>\n\u00e0 la conception d\u2019un \u00c9tat irr\u00e9prochable selon<br \/>\nl\u2019actuel magistrat supr\u00eame: plut\u00f4t que de r\u00e9tablir<br \/>\nl\u2019ind\u00e9pendance r\u00e9publicaine, autant mettre<br \/>\nnoir sur blanc la l\u00e9gitimit\u00e9 de l\u2019abus de pouvoir.<br \/>\nEn 2012, cette arm\u00e9e mexicaine p\u00e8sera de<br \/>\ntoute son importance. Quand on a de son<br \/>\nc\u00f4t\u00e9 TF1 et M6, pourquoi s\u2019emb\u00eater \u00e0 contr\u00f4ler<br \/>\nles soir\u00e9es th\u00e9matiques d\u2019Arte ? Autrement<br \/>\ndit, pourquoi faire campagne quand la t\u00e9l\u00e9<br \/>\ntravaille pour vous ?<br \/>\n<div id='gallery-1' class='gallery galleryid-5246 gallery-columns-3 gallery-size-thumbnail'><figure class='gallery-item'>\n\t\t\t<div class='gallery-icon landscape'>\n\t\t\t\t<a href='https:\/\/archives.regards.fr\/wp-content\/uploads\/2012\/02\/jpps-726.jpg'><img loading=\"lazy\" decoding=\"async\" width=\"150\" height=\"150\" src=\"https:\/\/archives.regards.fr\/wp-content\/uploads\/2012\/02\/jpps-726-150x150.jpg\" class=\"attachment-thumbnail size-thumbnail\" alt=\"J\u2019aime pas le sarkozysme t\u00e9l\u00e9visuel\" aria-describedby=\"gallery-1-15933\" \/><\/a>\n\t\t\t<\/div>\n\t\t\t\t<figcaption class='wp-caption-text gallery-caption' id='gallery-1-15933'>\n\t\t\t\tJ\u2019aime pas le sarkozysme t\u00e9l\u00e9visuel\n\t\t\t\t<\/figcaption><\/figure><figure class='gallery-item'>\n\t\t\t<div class='gallery-icon landscape'>\n\t\t\t\t<a href='https:\/\/archives.regards.fr\/wp-content\/uploads\/2012\/02\/jppb-2fe.jpg'><img loading=\"lazy\" decoding=\"async\" width=\"150\" height=\"122\" src=\"https:\/\/archives.regards.fr\/wp-content\/uploads\/2012\/02\/jppb-2fe-150x122.jpg\" class=\"attachment-thumbnail size-thumbnail\" alt=\"J\u2019aime pas le sarkozysme t\u00e9l\u00e9visuel\" aria-describedby=\"gallery-1-15934\" \/><\/a>\n\t\t\t<\/div>\n\t\t\t\t<figcaption class='wp-caption-text gallery-caption' id='gallery-1-15934'>\n\t\t\t\tJ\u2019aime pas le sarkozysme t\u00e9l\u00e9visuel\n\t\t\t\t<\/figcaption><\/figure><figure class='gallery-item'>\n\t\t\t<div class='gallery-icon landscape'>\n\t\t\t\t<a href='https:\/\/archives.regards.fr\/wp-content\/uploads\/2012\/02\/jppc-128.jpg'><img loading=\"lazy\" decoding=\"async\" width=\"80\" height=\"55\" src=\"https:\/\/archives.regards.fr\/wp-content\/uploads\/2012\/02\/jppc-128.jpg\" class=\"attachment-thumbnail size-thumbnail\" alt=\"J\u2019aime pas le sarkozysme t\u00e9l\u00e9visuel\" aria-describedby=\"gallery-1-15935\" \/><\/a>\n\t\t\t<\/div>\n\t\t\t\t<figcaption class='wp-caption-text gallery-caption' id='gallery-1-15935'>\n\t\t\t\tJ\u2019aime pas le sarkozysme t\u00e9l\u00e9visuel\n\t\t\t\t<\/figcaption><\/figure>\n\t\t<\/div>\n<\/p>\n","protected":false},"excerpt":{"rendered":"<p>L&#8217;ouvrage de Fr\u00e9d\u00e9ric Martel, J\u2019aime pas le sarkozysme culturel, (\u00e9d. Flammarion), appliquant \u00e0 la politique du Pr\u00e9sident le principe du like de Facebook, peut d\u00e9sar\u00e7onner, voire agacer ceux qui n\u2019y voient qu\u2019une s\u00e9rie de r\u00e8glements de comptes personnels. Pourtant, derri\u00e8re le d\u00e9roul\u00e9 des d\u00e9nonciations ad hominem de celui qui assume se la jouer \u00abbitchy \u00bb [&hellip;]<\/p>\n","protected":false},"author":579,"featured_media":15933,"comment_status":"open","ping_status":"open","sticky":false,"template":"","format":"standard","meta":{"_themeisle_gutenberg_block_has_review":false,"footnotes":""},"categories":[141],"tags":[357],"class_list":["post-5246","post","type-post","status-publish","format-standard","has-post-thumbnail","hentry","category-archives-web","tag-chronique"],"_links":{"self":[{"href":"https:\/\/archives.regards.fr\/index.php?rest_route=\/wp\/v2\/posts\/5246","targetHints":{"allow":["GET"]}}],"collection":[{"href":"https:\/\/archives.regards.fr\/index.php?rest_route=\/wp\/v2\/posts"}],"about":[{"href":"https:\/\/archives.regards.fr\/index.php?rest_route=\/wp\/v2\/types\/post"}],"author":[{"embeddable":true,"href":"https:\/\/archives.regards.fr\/index.php?rest_route=\/wp\/v2\/users\/579"}],"replies":[{"embeddable":true,"href":"https:\/\/archives.regards.fr\/index.php?rest_route=%2Fwp%2Fv2%2Fcomments&post=5246"}],"version-history":[{"count":0,"href":"https:\/\/archives.regards.fr\/index.php?rest_route=\/wp\/v2\/posts\/5246\/revisions"}],"wp:featuredmedia":[{"embeddable":true,"href":"https:\/\/archives.regards.fr\/index.php?rest_route=\/wp\/v2\/media\/15933"}],"wp:attachment":[{"href":"https:\/\/archives.regards.fr\/index.php?rest_route=%2Fwp%2Fv2%2Fmedia&parent=5246"}],"wp:term":[{"taxonomy":"category","embeddable":true,"href":"https:\/\/archives.regards.fr\/index.php?rest_route=%2Fwp%2Fv2%2Fcategories&post=5246"},{"taxonomy":"post_tag","embeddable":true,"href":"https:\/\/archives.regards.fr\/index.php?rest_route=%2Fwp%2Fv2%2Ftags&post=5246"}],"curies":[{"name":"wp","href":"https:\/\/api.w.org\/{rel}","templated":true}]}}