{"id":5244,"date":"2012-02-14T16:42:09","date_gmt":"2012-02-14T15:42:09","guid":{"rendered":"https:\/\/wp.muchomaas.com\/orelsan-plus-rien-ne-m-etonne5244\/"},"modified":"2023-06-23T23:10:47","modified_gmt":"2023-06-23T21:10:47","slug":"orelsan-plus-rien-ne-m-etonne5244","status":"publish","type":"post","link":"https:\/\/archives.regards.fr\/?p=5244","title":{"rendered":"Orelsan: \u00ab Plus rien ne m&#8217;\u00e9tonne \u00bb"},"content":{"rendered":"<p class=\"post_excerpt\">\nPropuls\u00e9 par le buzz du titre youtube aux<br \/>\naccents misogynes \u00ab Sale Pute \u00bb, Orelsan,<br \/>\nartiste disque d&#8217;or, entame la tourn\u00e9e de<br \/>\npr\u00e9sentation d&#8217;un dernier album m\u00fbrement<br \/>\nrapp\u00e9. Dans <em>Le Chant des Sir\u00e8nes<\/em>,<br \/>\nle jeune Normand chante le malaise d&#8217;une<br \/>\ng\u00e9n\u00e9ration \u00ab blas\u00e9e \u00bb en qu\u00eate de sens.<\/p>\n<p><strong>Regards.fr:<\/strong> <strong> <em>\u00c0 travers certains titres de l&#8217;album comme<br \/>\n\u00ab Suicide social \u00bb, tu approches avec cynisme<br \/>\ndes th\u00e9matiques politiques, craches sur le<br \/>\nsyst\u00e8me, mais toujours avec un air blas\u00e9.<br \/>\nAvec le tableau sombre que tu d\u00e9peins pourquoi<br \/>\ntes paroles n&#8217;appellent pas \u00e0 la r\u00e9volte<br \/>\nou l&#8217;engagement ?<\/em> <\/strong><\/p>\n<p><strong>Orelsan:<\/strong> J&#8217;\u00e9cris sur les choses simples inspir\u00e9es du quotidien,<br \/>\nde mes sentiments. Mes textes ne sont<br \/>\npas politis\u00e9s. Quand j&#8217;\u00e9cris mes textes, je suis<br \/>\ndans un \u00e9tat d&#8217;esprit particulier, quand je chante<br \/>\n\u00ab Plus rien ne m&#8217;\u00e9tonne \u00bb (titre de l&#8217;album ndlr),<br \/>\nje ne sais m\u00eame pas si le quotidien que je<br \/>\nchante me choque ou si je suis r\u00e9sign\u00e9, je ne<br \/>\nsuis pas psy. Mais \u00e7a reste de la fiction. Si je<br \/>\nsuis porte-parole, c&#8217;est de moi-m\u00eame.<\/p>\n<p><strong>Regards.fr:<\/strong> <strong> <em>On te pr\u00e9sente pourtant souvent comme le<br \/>\nrepr\u00e9sentant des jeunes g\u00e9n\u00e9rations issues<br \/>\nde la classe moyenne. Tu t&#8217;y retrouves ?<\/em> <\/strong><\/p>\n<p><strong>Orelsan:<\/strong> \u00c7a me flatte si on trouve mes paroles suffisamment<br \/>\nbien \u00e9crites pour en retirer un discours.<br \/>\nCertains de ces jeunes se retrouvent dans mes<br \/>\ntextes. Mais plus on me met dans une case et<br \/>\nplus j&#8217;essaie d&#8217;en sortir. Je suis forc\u00e9ment influenc\u00e9<br \/>\npar mes origines sociales. Mes parents<br \/>\ntravaillaient pour l&#8217;\u00e9ducation nationale. Et quand<br \/>\nj&#8217;\u00e9tais ado, en \u00e9coutant du rap \u2013 j&#8217;aimais bien<br \/>\nle c\u00f4t\u00e9 rebelle \u2013 je me suis aussi construit en<br \/>\nopposition \u00e0 mon environnement.<\/p>\n<p><strong>Regards.fr:<\/strong> <strong> <em>Face aux accusations de sexisme et la censure<br \/>\ndont tu as fait l&#8217;objet avec le titre \u00ab Sale<br \/>\npute \u00bb en 2009, tu d\u00e9fendais le caract\u00e8re fictif<br \/>\nde tes chansons. La chanson est une forme<br \/>\nde prise de parole publique, et inclut donc<br \/>\nune certaine responsabilit\u00e9, non ?<\/em> <\/strong><\/p>\n<p><strong>Orelsan:<\/strong> Je comprends que \u00e7a ait pu blesser et choquer<br \/>\net je le regrette sinc\u00e8rement. Avec la pol\u00e9mique,<br \/>\nj&#8217;ai fait expr\u00e8s de dispara\u00eetre quelques mois,<br \/>\nc&#8217;\u00e9tait un passage oblig\u00e9. Mais j&#8217;ai \u00e9volu\u00e9 et<br \/>\nje n&#8217;aurais jamais \u00e9crit la chanson de la m\u00eame<br \/>\nmani\u00e8re aujourd&#8217;hui, c&#8217;est clair. Apr\u00e8s \u00e7a reste<br \/>\nune d\u00e9marche artistique, et c&#8217;est le support qui<br \/>\ncompte. Les gens qui \u00e9coutent mes albums<br \/>\nne sont pas cons. Ce n\u2019est pas parce qu&#8217;on<br \/>\nregarde Orange M\u00e9canique qu&#8217;on va se mettre<br \/>\n\u00e0 attaquer les gens avec un couteau en sortant<br \/>\ndans la rue.<br \/>\n<div id='gallery-1' class='gallery galleryid-5244 gallery-columns-3 gallery-size-thumbnail'><figure class='gallery-item'>\n\t\t\t<div class='gallery-icon landscape'>\n\t\t\t\t<a href='https:\/\/archives.regards.fr\/wp-content\/uploads\/2012\/02\/orelb-058.jpg'><img loading=\"lazy\" decoding=\"async\" width=\"150\" height=\"122\" src=\"https:\/\/archives.regards.fr\/wp-content\/uploads\/2012\/02\/orelb-058-150x122.jpg\" class=\"attachment-thumbnail size-thumbnail\" alt=\"Orelsan: \u00ab Plus rien ne m&#039;\u00e9tonne \u00bb\" aria-describedby=\"gallery-1-15926\" \/><\/a>\n\t\t\t<\/div>\n\t\t\t\t<figcaption class='wp-caption-text gallery-caption' id='gallery-1-15926'>\n\t\t\t\tOrelsan: \u00ab Plus rien ne m&#8217;\u00e9tonne \u00bb\n\t\t\t\t<\/figcaption><\/figure><figure class='gallery-item'>\n\t\t\t<div class='gallery-icon landscape'>\n\t\t\t\t<a href='https:\/\/archives.regards.fr\/wp-content\/uploads\/2012\/02\/orelc-38e.jpg'><img loading=\"lazy\" decoding=\"async\" width=\"80\" height=\"55\" src=\"https:\/\/archives.regards.fr\/wp-content\/uploads\/2012\/02\/orelc-38e.jpg\" class=\"attachment-thumbnail size-thumbnail\" alt=\"Orelsan: \u00ab Plus rien ne m&#039;\u00e9tonne \u00bb\" aria-describedby=\"gallery-1-15927\" \/><\/a>\n\t\t\t<\/div>\n\t\t\t\t<figcaption class='wp-caption-text gallery-caption' id='gallery-1-15927'>\n\t\t\t\tOrelsan: \u00ab Plus rien ne m&#8217;\u00e9tonne \u00bb\n\t\t\t\t<\/figcaption><\/figure>\n\t\t<\/div>\n<\/p>\n","protected":false},"excerpt":{"rendered":"<p>Propuls\u00e9 par le buzz du titre youtube aux<br \/>\naccents misogynes \u00ab Sale Pute \u00bb, Orelsan,<br \/>\nartiste disque d&#8217;or, entame la tourn\u00e9e de<br \/>\npr\u00e9sentation d&#8217;un dernier album m\u00fbrement<br \/>\nrapp\u00e9. Dans <em>Le Chant des Sir\u00e8nes<\/em>,<br \/>\nle jeune Normand chante le malaise d&#8217;une<br \/>\ng\u00e9n\u00e9ration \u00ab blas\u00e9e \u00bb en qu\u00eate de sens.<\/p>\n","protected":false},"author":1,"featured_media":15926,"comment_status":"open","ping_status":"open","sticky":false,"template":"","format":"standard","meta":{"_themeisle_gutenberg_block_has_review":false,"footnotes":""},"categories":[141],"tags":[293],"class_list":["post-5244","post","type-post","status-publish","format-standard","has-post-thumbnail","hentry","category-archives-web","tag-entretien"],"_links":{"self":[{"href":"https:\/\/archives.regards.fr\/index.php?rest_route=\/wp\/v2\/posts\/5244","targetHints":{"allow":["GET"]}}],"collection":[{"href":"https:\/\/archives.regards.fr\/index.php?rest_route=\/wp\/v2\/posts"}],"about":[{"href":"https:\/\/archives.regards.fr\/index.php?rest_route=\/wp\/v2\/types\/post"}],"author":[{"embeddable":true,"href":"https:\/\/archives.regards.fr\/index.php?rest_route=\/wp\/v2\/users\/1"}],"replies":[{"embeddable":true,"href":"https:\/\/archives.regards.fr\/index.php?rest_route=%2Fwp%2Fv2%2Fcomments&post=5244"}],"version-history":[{"count":0,"href":"https:\/\/archives.regards.fr\/index.php?rest_route=\/wp\/v2\/posts\/5244\/revisions"}],"wp:featuredmedia":[{"embeddable":true,"href":"https:\/\/archives.regards.fr\/index.php?rest_route=\/wp\/v2\/media\/15926"}],"wp:attachment":[{"href":"https:\/\/archives.regards.fr\/index.php?rest_route=%2Fwp%2Fv2%2Fmedia&parent=5244"}],"wp:term":[{"taxonomy":"category","embeddable":true,"href":"https:\/\/archives.regards.fr\/index.php?rest_route=%2Fwp%2Fv2%2Fcategories&post=5244"},{"taxonomy":"post_tag","embeddable":true,"href":"https:\/\/archives.regards.fr\/index.php?rest_route=%2Fwp%2Fv2%2Ftags&post=5244"}],"curies":[{"name":"wp","href":"https:\/\/api.w.org\/{rel}","templated":true}]}}