{"id":5242,"date":"2012-01-31T07:00:00","date_gmt":"2012-01-31T06:00:00","guid":{"rendered":"https:\/\/wp.muchomaas.com\/au-sommaire-du-numero-18-fevrier5242\/"},"modified":"2023-06-24T17:45:55","modified_gmt":"2023-06-24T15:45:55","slug":"au-sommaire-du-numero-18-fevrier5242","status":"publish","type":"post","link":"https:\/\/archives.regards.fr\/?p=5242","title":{"rendered":"Au sommaire du num\u00e9ro 18 &#8211; f\u00e9vrier 2012"},"content":{"rendered":"<p>A moins de trois mois du premier tour de l&#8217;\u00e9lection pr\u00e9sidentielle, <a href=\"https:\/\/wp.muchomaas.com\/politique\/tout-redevient-possible\">tout redevient possible<\/a>, c&#8217;est <strong>notre \u00e9dito de f\u00e9vrier<\/strong>.<\/p>\n<p><strong>Dans le bloc-notes<\/strong>, ce mois-ci, on parle du fameux <a href=\"https:\/\/wp.muchomaas.com\/politique\/crif-la-mauvaise-soupe-de\">repas annuel du <strong>Crif<\/strong><\/a>, <a href=\"https:\/\/wp.muchomaas.com\/monde\/senegal-you-la-politique-et-les\">du candidat  <strong>Youssou N&#8217;Dour<\/strong><\/a> et on donne la parole \u00e0 <a href=\"https:\/\/wp.muchomaas.com\/culture\/orelsan-plus-rien-ne-m-etonne\"><strong>Orelsan<\/strong>, rappeur middle-class<\/a>.<\/p>\n<p><strong>Le d\u00e9cryptage M\u00e9dias s&#8217;attaque au <em>personal branding.<\/em> <\/strong> Ou <a href=\"https:\/\/wp.muchomaas.com\/societe\/rien-a-brander\">quand les journalistes sont somm\u00e9s de s&#8217;exposer et de se vendre comme des marques<\/a>, logo compris.<\/p>\n<p><strong>Alain Garrigou<\/strong>, professeur en sciences-politiques \u00e0 l\u2019universit\u00e9 Paris X, et <strong>Jean-Daniel L\u00e9vy<\/strong>, directeur du d\u00e9partement Opinion et Corporate de<br \/>\nl\u2019institut Harris Interactive France d\u00e9battent <a href=\"https:\/\/wp.muchomaas.com\/politique\/sondages-miroirs-de-l-opinion\">des sondages. Repr\u00e9sentatifs, ou pas? Fid\u00e8le au sentiment de \u00ab l&#8217;opinion publique \u00bb, ou pas?<\/a> <strong>C&#8217;est la Controverse de f\u00e9vrier<\/strong>.<\/p>\n<p><strong>A-t-on encore le droit d&#8217;\u00eatre malade?<\/strong> C&#8217;est la question soulev\u00e9e dans <strong>notre dossier du mois<\/strong>. De plus en plus, <a href=\"https:\/\/wp.muchomaas.com\/societe\/la-sante-ca-se-merite\">les citoyens se retrouvent livr\u00e9s \u00e0 leur propre sort en mati\u00e8re de sant\u00e9 et de soins<\/a>. Une tendance dont <strong>les effets sont accentu\u00e9s par l&#8217;aggravation des in\u00e9galit\u00e9s sociales<\/strong>: <a href=\"https:\/\/wp.muchomaas.com\/societe\/selon-que-vous-serez-puissant-ou\">les conditions socio-\u00e9conomiques d\u00e9terminent l\u2019\u00e9tat de sant\u00e9 des individus<\/a> et <a href=\"https:\/\/wp.muchomaas.com\/societe\/des-amis-medecins-m-avaient\">l\u2019acc\u00e8s \u00e0 des soins de qualit\u00e9<\/a>. Face \u00e0 cette situation, la question de la sant\u00e9 est un enjeu de campagne. <a href=\"https:\/\/wp.muchomaas.com\/politique\/tout-un-programme\">Tour d&#8217;horizon des pr\u00e9conisations des candidats en lice<\/a>.<br \/>\n<strong>Du \u00ab programme de m\u00e9dicalisation des syst\u00e8mes d\u2019information \u00bb, \u00e0 la TVA sociale<\/strong>, <a href=\"https:\/\/wp.muchomaas.com\/societe\/la-sante-sous-de-mauvais-auspices\">chronologie de l&#8217;inexorable d\u00e9gradation du syst\u00e8me fran\u00e7ais<\/a>.<\/p>\n<p>Les fran\u00e7ais peuvent se pr\u00e9parer \u00e0 <strong>un printemps plein de surprises<\/strong>&#8230; A moins de trois mois du premier tour, rien n&#8217;indique que le duel attendu <strong>Sarkozy-Hollande<\/strong> est assur\u00e9 d&#8217;avoir lieu. <a href=\"https:\/\/wp.muchomaas.com\/politique\/dans-les-urnes-une-jacquerie-se\">Une jacquerie s&#8217;annonce dans les urnes<\/a>, sans que l&#8217;on sache encore <a href=\"https:\/\/wp.muchomaas.com\/politique\/quels-seront-les-candidats\">quels en seront les contours<\/a>. Dans ce contexte, <a href=\"https:\/\/wp.muchomaas.com\/politique\/la-droite-trop-divisee\">la droite appara\u00eet divis\u00e9e<\/a>, tandis que <a href=\"https:\/\/wp.muchomaas.com\/politique\/ou-s-arretera-melenchon\"><strong>Jean-Luc M\u00e9lenchon<\/strong> r\u00e9alise, lui, un d\u00e9but de campagne prometteur<\/a>. Pour aller jusqu&#8217;o\u00f9?<\/p>\n<p><strong>\u00c0 Toulouse<\/strong>, <a href=\"https:\/\/wp.muchomaas.com\/societe\/sdf-des-travailleurs-sociaux\">des travailleurs sociaux affol\u00e9s par l\u2019augmentation du nombre de morts parmi les SDF ont d\u00e9cid\u00e9 d\u2019ouvrir un squat<\/a>. Reportage.<\/p>\n<p>En Russie, ces derni\u00e8res semaines, on est descendu dans la rue. <strong>Beaucoup y ont voulu y d\u00e9celer <a href=\"https:\/\/wp.muchomaas.com\/monde\/l-hiver-russe-peine-a-eclore\">l&#8217;arriv\u00e9e d&#8217;un Hiver russe, pendant nordique du printemps arabe<\/a><\/strong>. Mais si il y a bien un mouvement de contestation, l&#8217;ampleur n&#8217;est pas la m\u00eame. D&#8217;autant que c\u00f4t\u00e9 Kremlin, on s&#8217;appr\u00eate \u00e0 repartir pour un tour: \u00e0 un mois des \u00e9lections, <a href=\"https:\/\/wp.muchomaas.com\/monde\/au-kremlin-la-corporation-remplace\">entretien avec <strong>Tania Rakhmanova<\/strong>, auteure d&#8217;un ouvrage sur <strong>l&#8217;empire Poutine<\/strong><\/a>.<\/p>\n<p><strong>Sale temps pour la presse mexicaine.<\/strong> Souvent prise <a href=\"https:\/\/wp.muchomaas.com\/monde\/la-presse-mexicaine-entre-deux\">sous les feux des narcos, elle doit faire preuve de courage pour remplir sa mission d&#8217;informer <\/a> dans un pays o\u00f9 le pouvoir ne fait rien pour la prot\u00e9ger.<\/p>\n<p><strong>Notre s\u00e9rie en Campagne<\/strong> revient ce mois-ci sur <a href=\"https:\/\/wp.muchomaas.com\/politique\/fraude-sociale-aubaine-de-campagne\">la traque aux vilains fraudeurs, \u00e0 la fraude sociale. Une v\u00e9ritable aubaine de campagne<\/a>. Reportage \u00e0 Gennevilliers, en r\u00e9gion parisienne.<\/p>\n<p><a href=\"https:\/\/wp.muchomaas.com\/culture\/la-fin-des-cinemas-independants\"><strong>Les cin\u00e9mas ind\u00e9pendants<\/strong> peuvent-ils survivre encore longtemps?<\/a> Si les films d&#8217;auteurs susceptibles de drainer du public continuent de leur pr\u00e9f\u00e9rer les multiplexes, \u00e7a va \u00eatre dur&#8230;<\/p>\n<p><strong>Refonder l&#8217;\u00e9cole, oui, mais en tirant sur la gauche, c&#8217;est mieux<\/strong>. A travers la lecture critique de quatre ouvrages r\u00e9cemment parus, <a href=\"https:\/\/wp.muchomaas.com\/idees\/quelle-ecole-pour-demain\"><strong>Id\u00e9es de f\u00e9vrier<\/strong> s&#8217;int\u00e9resse \u00e0 l&#8217;\u00e9cole de demain<\/a>.<\/p>\n<p>Dans <strong>la rubrique cin\u00e9<\/strong>, Thomas Bauder parle de deux personnages dont la rencontre aurait probablement fait des \u00e9tincelles: <a href=\"https:\/\/wp.muchomaas.com\/culture\/maggie-cool\">la britannique contemporaine <strong>Margaret Thatcher<\/strong><\/a> et <a href=\"https:\/\/wp.muchomaas.com\/culture\/l-intensite-des-marges\">le fran\u00e7ais, bandit tr\u00e8s moderne, <strong>Mandrin<\/strong><\/a>.<\/p>\n<p><strong>Cr\u00e9ations<\/strong> s&#8217;attarde sur <a href=\"https:\/\/wp.muchomaas.com\/culture\/lady-gaga-nouvel-objet\">le ph\u00e9nom\u00e8ne <strong>Lady Gaga<\/strong><\/a>, \u00ab objet culturel fort int\u00e9ressant \u00bb&#8230;<\/p>\n<p>&#8230; Et <a href=\"https:\/\/wp.muchomaas.com\/idees\/edwy-plenel-pour-une-radicalite\"><strong>Edwy Plenel<\/strong> est l&#8217;invit\u00e9 de notre grand entretien<\/a>. Mod\u00e8les \u00e9conomiques de la presse en ligne, antisarkozysme, \u00e9tat de la gauche&#8230; <strong>le patron de <em>M\u00e9diapart<\/em> nous a tout dit.<\/strong><\/p>\n<p>Ainsi que tous les rendez-vous du mensuel : les chroniques de <strong><a href=\"https:\/\/wp.muchomaas.com\/nos-regards\/arnaud-viviant\/cocos-rotatifs-h-g-wells-et-nizan\">Arnaud Viviant<\/a>, <a href=\"https:\/\/wp.muchomaas.com\/societe\/j-aime-pas-le-sarkozysme\">Nicolas Kssis<\/a>, <a href=\"https:\/\/wp.muchomaas.com\/nos-regards\/raphal-yem\/quand-je-vois-les-schmits-je-cours\">Raph\u00e4l Yem<\/a><\/strong>. Avec toutes nos s\u00e9lections essais et culture.<\/p>\n","protected":false},"excerpt":{"rendered":"<p>A moins de trois mois du premier tour de l&#8217;\u00e9lection pr\u00e9sidentielle, tout redevient possible, c&#8217;est notre \u00e9dito de f\u00e9vrier. Dans le bloc-notes, ce mois-ci, on parle du fameux repas annuel du Crif, du candidat Youssou N&#8217;Dour et on donne la parole \u00e0 Orelsan, rappeur middle-class. Le d\u00e9cryptage M\u00e9dias s&#8217;attaque au personal branding. Ou quand les [&hellip;]<\/p>\n","protected":false},"author":1,"featured_media":0,"comment_status":"closed","ping_status":"open","sticky":false,"template":"","format":"standard","meta":{"_themeisle_gutenberg_block_has_review":false,"footnotes":""},"categories":[262],"tags":[371],"class_list":["post-5242","post","type-post","status-publish","format-standard","hentry","category-archives","tag-sommaire"],"_links":{"self":[{"href":"https:\/\/archives.regards.fr\/index.php?rest_route=\/wp\/v2\/posts\/5242","targetHints":{"allow":["GET"]}}],"collection":[{"href":"https:\/\/archives.regards.fr\/index.php?rest_route=\/wp\/v2\/posts"}],"about":[{"href":"https:\/\/archives.regards.fr\/index.php?rest_route=\/wp\/v2\/types\/post"}],"author":[{"embeddable":true,"href":"https:\/\/archives.regards.fr\/index.php?rest_route=\/wp\/v2\/users\/1"}],"replies":[{"embeddable":true,"href":"https:\/\/archives.regards.fr\/index.php?rest_route=%2Fwp%2Fv2%2Fcomments&post=5242"}],"version-history":[{"count":0,"href":"https:\/\/archives.regards.fr\/index.php?rest_route=\/wp\/v2\/posts\/5242\/revisions"}],"wp:attachment":[{"href":"https:\/\/archives.regards.fr\/index.php?rest_route=%2Fwp%2Fv2%2Fmedia&parent=5242"}],"wp:term":[{"taxonomy":"category","embeddable":true,"href":"https:\/\/archives.regards.fr\/index.php?rest_route=%2Fwp%2Fv2%2Fcategories&post=5242"},{"taxonomy":"post_tag","embeddable":true,"href":"https:\/\/archives.regards.fr\/index.php?rest_route=%2Fwp%2Fv2%2Ftags&post=5242"}],"curies":[{"name":"wp","href":"https:\/\/api.w.org\/{rel}","templated":true}]}}