{"id":5235,"date":"2012-01-28T09:00:00","date_gmt":"2012-01-28T08:00:00","guid":{"rendered":"https:\/\/wp.muchomaas.com\/tournee-palestinienne5235\/"},"modified":"2012-01-28T09:00:00","modified_gmt":"2012-01-28T08:00:00","slug":"tournee-palestinienne5235","status":"publish","type":"post","link":"https:\/\/archives.regards.fr\/?p=5235","title":{"rendered":"Tourn\u00e9e palestinienne"},"content":{"rendered":"<p><strong>L&#8217;ensemble national de musiques arabes de Palestine, dirig\u00e9 par Ramzi Aburedwan, donne une s\u00e9rie de repr\u00e9sentations en France<\/strong>. Dans le cadre de cette tourn\u00e9e, il va se produire <strong>dimanche 29 janvier \u00e0 Stains<\/strong> (espace Paul \u00e9luard), <strong>lundi 30 \u00e0 Bagnolet<\/strong>, ( Cin&#8217;Hoche) <strong>et mardi 31 \u00e0 Vitry sur seine<\/strong> (th\u00e9\u00e2tre Jean Vilar). <\/p>\n<p>Port\u00e9 par l&#8217;association Al Kamandjati (http:\/\/www.alkamandjati.com), ce beau projet, soutenu par l&#8217;Union europ\u00e9enne, repose sur une immense ambition d&#8217;\u00e9ducation populaire : permettre aux enfants des camps palestiniens d&#8217;acc\u00e9der \u00e0 la musique. <\/p>\n","protected":false},"excerpt":{"rendered":"<p>L&#8217;ensemble national de musiques arabes de Palestine, dirig\u00e9 par Ramzi Aburedwan, donne une s\u00e9rie de repr\u00e9sentations en France. Dans le cadre de cette tourn\u00e9e, il va se produire dimanche 29 janvier \u00e0 Stains (espace Paul \u00e9luard), lundi 30 \u00e0 Bagnolet, ( Cin&#8217;Hoche) et mardi 31 \u00e0 Vitry sur seine (th\u00e9\u00e2tre Jean Vilar). Port\u00e9 par l&#8217;association [&hellip;]<\/p>\n","protected":false},"author":1,"featured_media":0,"comment_status":"open","ping_status":"open","sticky":false,"template":"","format":"standard","meta":{"_themeisle_gutenberg_block_has_review":false,"footnotes":""},"categories":[111],"tags":[],"class_list":["post-5235","post","type-post","status-publish","format-standard","hentry","category-nos-selections"],"_links":{"self":[{"href":"https:\/\/archives.regards.fr\/index.php?rest_route=\/wp\/v2\/posts\/5235","targetHints":{"allow":["GET"]}}],"collection":[{"href":"https:\/\/archives.regards.fr\/index.php?rest_route=\/wp\/v2\/posts"}],"about":[{"href":"https:\/\/archives.regards.fr\/index.php?rest_route=\/wp\/v2\/types\/post"}],"author":[{"embeddable":true,"href":"https:\/\/archives.regards.fr\/index.php?rest_route=\/wp\/v2\/users\/1"}],"replies":[{"embeddable":true,"href":"https:\/\/archives.regards.fr\/index.php?rest_route=%2Fwp%2Fv2%2Fcomments&post=5235"}],"version-history":[{"count":0,"href":"https:\/\/archives.regards.fr\/index.php?rest_route=\/wp\/v2\/posts\/5235\/revisions"}],"wp:attachment":[{"href":"https:\/\/archives.regards.fr\/index.php?rest_route=%2Fwp%2Fv2%2Fmedia&parent=5235"}],"wp:term":[{"taxonomy":"category","embeddable":true,"href":"https:\/\/archives.regards.fr\/index.php?rest_route=%2Fwp%2Fv2%2Fcategories&post=5235"},{"taxonomy":"post_tag","embeddable":true,"href":"https:\/\/archives.regards.fr\/index.php?rest_route=%2Fwp%2Fv2%2Ftags&post=5235"}],"curies":[{"name":"wp","href":"https:\/\/api.w.org\/{rel}","templated":true}]}}