{"id":5234,"date":"2012-01-23T14:00:00","date_gmt":"2012-01-23T13:00:00","guid":{"rendered":"https:\/\/wp.muchomaas.com\/senat-vs-nounous-voilees5234\/"},"modified":"2023-06-23T23:10:46","modified_gmt":"2023-06-23T21:10:46","slug":"senat-vs-nounous-voilees5234","status":"publish","type":"post","link":"https:\/\/archives.regards.fr\/?p=5234","title":{"rendered":"S\u00e9nat vs nounous voil\u00e9es"},"content":{"rendered":"<p class=\"post_excerpt\">Mardi 17 janvier, le S\u00e9nat a adopt\u00e9 le texte de loi visant \u00e0 \u00e9tendre l&#8217;obligation de neutralit\u00e9 religieuse aux structures priv\u00e9es en charge de la petite enfance. Les nounous sont d\u00e9sormais interdites de voile en France. Un grand progr\u00e8s de civilisation que l&#8217;on doit au nouveau S\u00e9nat de gauche! Une tribune de Laurent L\u00e9vy.<\/p>\n<p>Ils ne savent d\u00e9cid\u00e9ment plus quoi inventer\u2026 Le dernier coup aura \u00e9t\u00e9 port\u00e9, comme une action d\u2019\u00e9clat, par un S\u00e9nat \u00e0 peine pass\u00e9 \u00e0 gauche. Il y a d\u2019abord eu la loi du 15 mars 2004, excluant de l\u2019\u00e9cole les jeunes musulmanes portant un foulard et provoquant quelques centaines de d\u00e9scolarisations. C\u2019est dans sa foul\u00e9e, apr\u00e8s les d\u00e9rives conduisant \u00e0 interdire aux mamans voil\u00e9es d\u2019accompagner les sorties scolaires, que s\u2019inscrit la nouvelle proposition de loi\u00a0: il s\u2019agit \u00e0 pr\u00e9sent d\u2019emp\u00eacher les femmes \u00ab\u00a0voil\u00e9es\u00a0\u00bb d\u2019\u00eatre nounous \u00e0 domicile. Entre temps, au nom d\u2019un pr\u00e9tendu \u00ab\u00a0ordre public soci\u00e9tal\u00a0\u00bb, on a interdit le port du \u00ab\u00a0voile int\u00e9gral\u00a0\u00bb, artillerie lourde et liberticide contre quelques comportements ultra-marginaux. On peut dire que la R\u00e9publique ne m\u00e9nage pas ses efforts pour lutter contre les hordes mahom\u00e9tanes.<\/p>\n<p>Le S\u00e9nat, donc, a adopt\u00e9 une proposition de loi imposant aux assistant-e-s maternel-le-s une \u00ab\u00a0<em>obligation de neutralit\u00e9 en mati\u00e8re religieuse<\/em>\u00a0\u00bb, sauf stipulation contraire de leur contrat de travail. Encore une nouveaut\u00e9, au passage\u00a0: la discrimination l\u00e9gale pour raisons religieuses. Pour qui ne comprendrait pas que ce qui est en cause n\u2019est pas l\u2019\u00e9ventualit\u00e9 de cours de cat\u00e9chisme donn\u00e9s contre l\u2019avis des parents \u00e0 leurs bambins de six mois, il n\u2019est que de jeter un coup d\u2019\u0153il aux d\u00e9bats parlementaires. Ce dont il s\u2019agit est une fois de plus l\u2019adage \u00ab\u00a0cachez ce foulard que je ne saurais voir\u00a0\u00bb. Le simple port d\u2019un foulard est consid\u00e9r\u00e9, au S\u00e9nat, comme une atteinte \u00e0 la \u00ab\u00a0neutralit\u00e9\u00a0\u00bb religieuse. Et il doit \u00eatre clair qu\u2019un enfant qui ne pourrait voir la chevelure de sa nounou risquerait de se retrouver tellement traumatis\u00e9 qu\u2019il finirait par commettre quelque attentat-suicide.<\/p>\n<p>Bref, la premi\u00e8re initiative marquante de la gauche s\u00e9natoriale majoritaire pourrait pr\u00eater \u00e0 rire si n\u2019\u00e9tait en cause le gagne-pain de centaines de femmes d\u00e9j\u00e0 durement touch\u00e9es par la foulardophobie ambiante et les autres manifestations du racisme et de l\u2019islamophobie.<\/p>\n<p>S\u2019agissant des assistant-e-s maternel-le-s agr\u00e9\u00e9-e-s, le S\u00e9nat (de gauche) pr\u00e9voit express\u00e9ment que \u00ab\u00a0<em>une personne portant des tenues \u00e0 caract\u00e8re religieux ou ayant chez elle des signes religieux (tableaux, photos, sculptures&#8230;) ne serait pas autoris\u00e9e \u00e0 exercer la profession d&#8217;assistant maternel.<\/em>\u00a0\u00bb Demander en quoi un tableau ou une photo peut constituer un \u00ab\u00a0signe religieux\u00a0\u00bb serait sans doute une question oiseuse. Quels tableaux\u00a0? Quelles photos\u00a0? Esther Benbassa ironisait \u00e0 bon droit \u2013 mais en vain \u2013 au cours du d\u00e9bat sur le caract\u00e8re religieux de beaucoup de tableaux, comme Judith et Holopherne ou une photo de La Mecque ou de J\u00e9rusalem\u00a0; elle aurait pu ajouter les reproductions de l\u2019Ang\u00e9lus de Millet. Il faudrait pousser loin l\u2019inquisition pour s\u2019assurer qu\u2019il n\u2019y a aucune trace, m\u00eame bien cach\u00e9e, d\u2019opinions religieuses au domicile des assistantes maternelles.<br \/>\nEncore a-t-on \u00e9chapp\u00e9 (et encore, de tr\u00e8s peu si l\u2019on en croit l\u2019initiatrice de cette proposition de loi en personne) \u00e0 l\u2019obligation de neutralit\u00e9 politique\u00a0: il n\u2019e\u00fbt pas fait bon \u00eatre abonn\u00e9e \u00e0 <em>Regards<\/em>, \u00e0 <em>Politis<\/em>, au <em>Monde Diplomatique<\/em> ou \u00e0 <em>l\u2019Humanit\u00e9<\/em> pour exercer le m\u00e9tier de nounou\u00a0!<br \/>\nInquisition\u00a0: c\u2019est bien de cela qu\u2019il s\u2019agit. Dans les ann\u00e9es cinquante du si\u00e8cle dernier, on exigeait aux \u00c9tats-Unis des fonctionnaires ou des dirigeants syndicaux un \u00ab\u00a0serment de loyaut\u00e9\u00a0\u00bb attestant qu\u2019ils n\u2019\u00e9taient pas membres du parti communiste.  L\u2019ennemi a chang\u00e9 de visage, c\u2019est d\u00e9sormais la femme voil\u00e9e, mais la logique est la m\u00eame. On peut toujours gloser sur la mont\u00e9e des communautarismes\u00a0: on ne fera que les renforcer en poursuivant cette permanente mise \u00e0 l\u2019index des musulmanes et des musulmans.<\/p>\n<p>Le groupe communiste du S\u00e9nat s\u2019est abstenu sur ce vote. EELV a vot\u00e9 contre. Et au PG, qui n\u2019a pas de s\u00e9nateur, on se f\u00e9licite chaudement de l\u2019adoption de ce texte scandaleux, dont Marine Le Pen avait r\u00eav\u00e9, et que \u00ab\u00a0la gauche\u00a0\u00bb a fait. On se f\u00e9licitera moins chaudement des r\u00e9actions naturelles de l\u2019\u00e9lectorat des quartiers populaires. Des d\u00e9cennies d\u2019interdiction du foulard en Tunisie ont conduit \u00e0 la victoire des islamistes aux premi\u00e8res \u00e9lections libres du pays. Si la gauche fran\u00e7aise voulait \u00e9loigner les populations issues de notre histoire coloniale des combats pour l\u2019\u00e9mancipation de toutes et de tous, elle ne s\u2019y prendrait pas autrement.<\/p>\n<div id='gallery-1' class='gallery galleryid-5234 gallery-columns-3 gallery-size-thumbnail'><figure class='gallery-item'>\n\t\t\t<div class='gallery-icon landscape'>\n\t\t\t\t<a href='https:\/\/archives.regards.fr\/wp-content\/uploads\/2012\/02\/voiles-ac5.jpg'><img loading=\"lazy\" decoding=\"async\" width=\"150\" height=\"150\" src=\"https:\/\/archives.regards.fr\/wp-content\/uploads\/2012\/02\/voiles-ac5-150x150.jpg\" class=\"attachment-thumbnail size-thumbnail\" alt=\"S\u00e9nat vs nounous voil\u00e9es\" aria-describedby=\"gallery-1-15908\" \/><\/a>\n\t\t\t<\/div>\n\t\t\t\t<figcaption class='wp-caption-text gallery-caption' id='gallery-1-15908'>\n\t\t\t\tS\u00e9nat vs nounous voil\u00e9es\n\t\t\t\t<\/figcaption><\/figure><figure class='gallery-item'>\n\t\t\t<div class='gallery-icon landscape'>\n\t\t\t\t<a href='https:\/\/archives.regards.fr\/wp-content\/uploads\/2012\/02\/voilec-ccb.jpg'><img loading=\"lazy\" decoding=\"async\" width=\"80\" height=\"55\" src=\"https:\/\/archives.regards.fr\/wp-content\/uploads\/2012\/02\/voilec-ccb.jpg\" class=\"attachment-thumbnail size-thumbnail\" alt=\"S\u00e9nat vs nounous voil\u00e9es\" aria-describedby=\"gallery-1-15909\" \/><\/a>\n\t\t\t<\/div>\n\t\t\t\t<figcaption class='wp-caption-text gallery-caption' id='gallery-1-15909'>\n\t\t\t\tS\u00e9nat vs nounous voil\u00e9es\n\t\t\t\t<\/figcaption><\/figure>\n\t\t<\/div>\n\n","protected":false},"excerpt":{"rendered":"<p>Mardi 17 janvier, le S\u00e9nat a adopt\u00e9 le texte de loi visant \u00e0 \u00e9tendre l&#8217;obligation de neutralit\u00e9 religieuse aux structures priv\u00e9es en charge de la petite enfance. Les nounous sont d\u00e9sormais interdites de voile en France. Un grand progr\u00e8s de civilisation que l&#8217;on doit au nouveau S\u00e9nat de gauche! Une tribune de Laurent L\u00e9vy.<\/p>\n","protected":false},"author":1,"featured_media":15908,"comment_status":"open","ping_status":"open","sticky":false,"template":"","format":"standard","meta":{"_themeisle_gutenberg_block_has_review":false,"footnotes":""},"categories":[141],"tags":[350],"class_list":["post-5234","post","type-post","status-publish","format-standard","has-post-thumbnail","hentry","category-archives-web","tag-racisme"],"_links":{"self":[{"href":"https:\/\/archives.regards.fr\/index.php?rest_route=\/wp\/v2\/posts\/5234","targetHints":{"allow":["GET"]}}],"collection":[{"href":"https:\/\/archives.regards.fr\/index.php?rest_route=\/wp\/v2\/posts"}],"about":[{"href":"https:\/\/archives.regards.fr\/index.php?rest_route=\/wp\/v2\/types\/post"}],"author":[{"embeddable":true,"href":"https:\/\/archives.regards.fr\/index.php?rest_route=\/wp\/v2\/users\/1"}],"replies":[{"embeddable":true,"href":"https:\/\/archives.regards.fr\/index.php?rest_route=%2Fwp%2Fv2%2Fcomments&post=5234"}],"version-history":[{"count":0,"href":"https:\/\/archives.regards.fr\/index.php?rest_route=\/wp\/v2\/posts\/5234\/revisions"}],"wp:featuredmedia":[{"embeddable":true,"href":"https:\/\/archives.regards.fr\/index.php?rest_route=\/wp\/v2\/media\/15908"}],"wp:attachment":[{"href":"https:\/\/archives.regards.fr\/index.php?rest_route=%2Fwp%2Fv2%2Fmedia&parent=5234"}],"wp:term":[{"taxonomy":"category","embeddable":true,"href":"https:\/\/archives.regards.fr\/index.php?rest_route=%2Fwp%2Fv2%2Fcategories&post=5234"},{"taxonomy":"post_tag","embeddable":true,"href":"https:\/\/archives.regards.fr\/index.php?rest_route=%2Fwp%2Fv2%2Ftags&post=5234"}],"curies":[{"name":"wp","href":"https:\/\/api.w.org\/{rel}","templated":true}]}}