{"id":5232,"date":"2012-01-27T10:00:00","date_gmt":"2012-01-27T09:00:00","guid":{"rendered":"https:\/\/wp.muchomaas.com\/peuple-en-berne-politique-en-panne5232\/"},"modified":"2023-06-23T23:10:45","modified_gmt":"2023-06-23T21:10:45","slug":"peuple-en-berne-politique-en-panne5232","status":"publish","type":"post","link":"https:\/\/archives.regards.fr\/?p=5232","title":{"rendered":"Peuple en berne, politique en panne"},"content":{"rendered":"<p class=\"post_excerpt\">\nCurieux, cette subite<br \/>\npassion pour le<br \/>\npeuple\u2026 Il est aux<br \/>\nabonn\u00e9s absents, il ne s\u2019int\u00e9resse<br \/>\npas \u00e0 la politique, il<br \/>\nne va pas du bon c\u00f4t\u00e9. Le<br \/>\nprobl\u00e8me est qu\u2019il ne suffit<br \/>\npas de dire aux cat\u00e9gories<br \/>\npopulaires qu\u2019on les aime<br \/>\npour qu\u2019elles se sentent mobilis\u00e9es.<\/p>\n<p><strong><em>Le peuple,<br \/>\ndedans, dehors<\/strong><\/em><\/p>\n<p>Certains d\u00e9couvrent la lune.<br \/>\nLe peuple absent de la politique<br \/>\norganis\u00e9e ? C\u2019est une<br \/>\nconstante de l\u2019histoire politique.<br \/>\nAu fond, la d\u00e9mocratie moderne<br \/>\nna\u00eet pour une part de sa mise<br \/>\n\u00e0 l\u2019\u00e9cart, l\u00e9gale ou symbolique.<br \/>\nDepuis 1789, le peuple est souverain<br \/>\n\u00ab en droit \u00bb ; en pratique,<br \/>\nsa souverainet\u00e9 est d\u00e8s le d\u00e9part<br \/>\nsubordonn\u00e9e \u00e0 la capacit\u00e9<br \/>\nde discernement et \u00e0 l\u2019esprit<br \/>\nde responsabilit\u00e9 ; donc \u00e0 l\u2019instruction<br \/>\net \u00e0 la propri\u00e9t\u00e9. La barri\u00e8re<br \/>\ndu montant de l\u2019imp\u00f4t (le<br \/>\n\u00ab cens \u00bb, disait-on au d\u00e9but du<br \/>\nxixe si\u00e8cle) a \u00e9t\u00e9 lev\u00e9e en 1848,<br \/>\npuis celle du sexe en 1944,<br \/>\nmais restent ces barri\u00e8res symboliques<br \/>\nqu\u2019un politologue avis\u00e9<br \/>\n(Daniel Gaxie) d\u00e9signa nagu\u00e8re<br \/>\ncomme un \u00ab <em>cens cach\u00e9<\/em> \u00bb.<\/p>\n<p>L\u2019histoire politique fran\u00e7aise est<br \/>\nainsi, d\u00e8s l\u2019origine, celle d\u2019une<br \/>\ncontradiction entre la marginalit\u00e9<br \/>\npopulaire entretenue par<br \/>\nla \u00ab repr\u00e9sentation \u00bb \u2013 et aujourd\u2019hui<br \/>\npar la \u00ab gouvernance \u00bb<br \/>\n(le pouvoir des comp\u00e9tents)<br \/>\n\u2013 et sa participation massive<br \/>\ndans une soci\u00e9t\u00e9 politique qui<br \/>\nn\u2019est jamais parvenue \u00e0 effacer<br \/>\nson origine pl\u00e9b\u00e9ienne-d\u00e9mocratique-<br \/>\nr\u00e9volutionnaire. La<br \/>\ncontradiction d\u00e9bouche sur<br \/>\nune oscillation. Il est des moments<br \/>\no\u00f9 les cat\u00e9gories populaires<br \/>\ns\u2019impliquent civiquement<br \/>\n(m\u00eame si c\u2019est en proportion<br \/>\nmoindre) et d\u2019autres o\u00f9 elles<br \/>\nse d\u00e9sengagent. Tendanciellement,<br \/>\nles ann\u00e9es 1930-1970<br \/>\nont \u00e9t\u00e9 une p\u00e9riode de forte implication<br \/>\ncitoyenne. Pourquoi ?<br \/>\nParce que la politique avait du<br \/>\nsens pour des millions de gens.<br \/>\nOn se mobilisait civiquement,<br \/>\nparce que l\u2019on croyait qu\u2019il le fallait,<br \/>\nsoit pour changer la soci\u00e9t\u00e9,<br \/>\nsoit pour \u00e9viter sa r\u00e9volution.<\/p>\n<p><strong><em>Le peuple n\u2019existe<br \/>\npas\u2009: il se construit<\/strong><\/em><\/p>\n<p>Les cat\u00e9gories populaires ne se<br \/>\nsentent concern\u00e9es par la politique<br \/>\nque si celle-ci a du sens et<br \/>\nque l\u2019on peut peser sur elle. Or<br \/>\nles \u00ab pl\u00e9b\u00e9iens \u00bb ne se sentent<br \/>\nindividuellement habilit\u00e9s \u00e0 le<br \/>\nfaire que s\u2019ils forment un peuple<br \/>\npolitique rassembl\u00e9, et pas<br \/>\nseulement un agr\u00e9gat de cat\u00e9gories<br \/>\nsocialement subalternes<br \/>\net dispers\u00e9es. Les p\u00e9riodes de<br \/>\npolitisation populaire forte et<br \/>\nde participation civique intense<br \/>\nont correspondu en g\u00e9n\u00e9ral<br \/>\n\u00e0 des p\u00e9riodes d\u2019unification.<br \/>\nTenu en lisi\u00e8re de la cit\u00e9 par son<br \/>\nincomp\u00e9tence suppos\u00e9e ou sa<br \/>\nsauvagerie latente (\u00ab classes<br \/>\nlaborieuses, classes dangereuses<br \/>\n\u00bb), le peuple s\u2019est impos\u00e9<br \/>\ncomme acteur en m\u00eame temps qu\u2019il se rassemblait en<br \/>\n\u00ab mouvement \u00bb, pour obtenir<br \/>\nsa reconnaissance l\u00e9gale (statuts<br \/>\net protection) et sa dignit\u00e9<br \/>\nsymbolique.<\/p>\n<p>On dira qu\u2019il est plus facile de<br \/>\nrassembler un peuple lorsqu\u2019il<br \/>\nexiste un noyau d\u2019agr\u00e9gation<br \/>\nvisible (le monde ouvrier) et une<br \/>\nactivit\u00e9 concentr\u00e9e dominante<br \/>\n(l\u2019industrie). Mais il ne manque<br \/>\npas, dans le monde contemporain,<br \/>\nd\u2019\u00e9l\u00e9ments objectivement<br \/>\nunifiants, soit n\u00e9gativement (les<br \/>\nfacteurs d\u2019exploitation et de<br \/>\ndomination des classes subalternes),<br \/>\nsoit positivement (les<br \/>\ndemandes de partage, de mise<br \/>\nen commun, de ressources<br \/>\net d\u2019institutions adapt\u00e9es \u00e0<br \/>\nla vie moderne).<\/p>\n<h2>Peuple politique<\/h2>\n<p>Ni les adversaires que l\u2019on d\u00e9nonce<br \/>\nni les besoins que l\u2019on<br \/>\nexprime n\u2019ont encore la force<br \/>\nd\u2019agr\u00e9gation qu\u2019eurent autrefois<br \/>\nles projets de la \u00ab Sociale \u00bb,<br \/>\nsoit \u00e0 l\u2019\u00e9chelle nationale (le projet<br \/>\nr\u00e9publicain), soit \u00e0 l\u2019\u00e9chelle<br \/>\nmondiale (le projet internationaliste).<br \/>\nIl ne sert \u00e0 rien de pleurer<br \/>\nsur le pauvre peuple absent<br \/>\nvers lequel il faudrait \u00ab se tourner<br \/>\n\u00bb. La seule question qui<br \/>\nvaille la peine est : comment la<br \/>\npolitique contribue-t-elle \u00e0 permettre<br \/>\naux diff\u00e9rentes composantes<br \/>\ndu peuple aujourd\u2019hui<br \/>\ndispers\u00e9 (dans ses statuts, ses<br \/>\nactivit\u00e9s, ses origines), de se<br \/>\nconstituer en communaut\u00e9 de<br \/>\nprojet partag\u00e9 ? Comment ?<br \/>\nSurtout pas en acceptant les<br \/>\nlogiques \u00e9conomico-sociales<br \/>\ndominantes.<\/p>\n<p>Mais la politique contribue \u00e0<br \/>\nl\u2019\u00e9laboration de communaut\u00e9s<br \/>\nde destin si ses formes organis\u00e9es<br \/>\nle lui permettent. Pour<br \/>\ns\u2019unifier et faire valoir ses droits,<br \/>\nle peuple dispose de ses institutions<br \/>\n: des associations puis<br \/>\ndes syndicats, des soci\u00e9t\u00e9s<br \/>\npuis des partis. C\u2019est par le<br \/>\nsyst\u00e8me partisan coupl\u00e9 \u00e0 la<br \/>\nvivacit\u00e9 du mouvement ouvrier,<br \/>\nque la d\u00e9mocratie \u00ab bourgeoise<br \/>\n\u00bb \u00e9chappa un temps<br \/>\n\u00e0 l\u2019h\u00e9g\u00e9monie \u00e9crasante des<br \/>\nnotables.<\/p>\n<p>Or toute forme qui se reproduit<br \/>\n\u00e0 l\u2019identique tend \u00e0 se r\u00e9p\u00e9ter<br \/>\net \u00e0 s\u2019\u00e9touffer. La politique a<br \/>\npeu de chance de redevenir<br \/>\npopulaire si elle ne s\u2019interroge<br \/>\npas : sur son espace de d\u00e9ploiement<br \/>\n(ce n\u2019est plus \u00ab avant<br \/>\ntout \u00bb la nation), sur son champ<br \/>\nd\u2019action (l\u2019\u00e9conomique, le social,<br \/>\nle politique se recomposent<br \/>\nsans se dissoudre) et sur ses<br \/>\nstructures (la \u00ab forme parti \u00bb est<br \/>\nen question).<\/p>\n<p>La d\u00e9mocratie est \u00e0 relancer,<br \/>\ndonc \u00e0 refonder. Or de<br \/>\nce travail, le peuple restera<br \/>\naux portes de la vie politique.<br \/>\nEt la soci\u00e9t\u00e9 tout enti\u00e8re sera<br \/>\nen panne.<div id='gallery-1' class='gallery galleryid-5232 gallery-columns-3 gallery-size-thumbnail'><figure class='gallery-item'>\n\t\t\t<div class='gallery-icon landscape'>\n\t\t\t\t<a href='https:\/\/archives.regards.fr\/wp-content\/uploads\/2012\/01\/pp1-b1c.jpg'><img loading=\"lazy\" decoding=\"async\" width=\"150\" height=\"150\" src=\"https:\/\/archives.regards.fr\/wp-content\/uploads\/2012\/01\/pp1-b1c-150x150.jpg\" class=\"attachment-thumbnail size-thumbnail\" alt=\"pp1.jpg\" srcset=\"https:\/\/archives.regards.fr\/wp-content\/uploads\/2012\/01\/pp1-b1c-150x150.jpg 150w, https:\/\/archives.regards.fr\/wp-content\/uploads\/2012\/01\/pp1-b1c-300x300.jpg 300w, https:\/\/archives.regards.fr\/wp-content\/uploads\/2012\/01\/pp1-b1c.jpg 460w\" sizes=\"auto, (max-width: 150px) 100vw, 150px\" \/><\/a>\n\t\t\t<\/div><\/figure>\n\t\t<\/div>\n<\/p>\n","protected":false},"excerpt":{"rendered":"<p>Curieux, cette subite<br \/>\npassion pour le<br \/>\npeuple\u2026 Il est aux<br \/>\nabonn\u00e9s absents, il ne s\u2019int\u00e9resse<br \/>\npas \u00e0 la politique, il<br \/>\nne va pas du bon c\u00f4t\u00e9. Le<br \/>\nprobl\u00e8me est qu\u2019il ne suffit<br \/>\npas de dire aux cat\u00e9gories<br \/>\npopulaires qu\u2019on les aime<br \/>\npour qu\u2019elles se sentent mobilis\u00e9es.<\/p>\n","protected":false},"author":328,"featured_media":15903,"comment_status":"open","ping_status":"open","sticky":false,"template":"","format":"standard","meta":{"_themeisle_gutenberg_block_has_review":false,"footnotes":""},"categories":[141],"tags":[291],"class_list":["post-5232","post","type-post","status-publish","format-standard","has-post-thumbnail","hentry","category-archives-web","tag-analyse"],"_links":{"self":[{"href":"https:\/\/archives.regards.fr\/index.php?rest_route=\/wp\/v2\/posts\/5232","targetHints":{"allow":["GET"]}}],"collection":[{"href":"https:\/\/archives.regards.fr\/index.php?rest_route=\/wp\/v2\/posts"}],"about":[{"href":"https:\/\/archives.regards.fr\/index.php?rest_route=\/wp\/v2\/types\/post"}],"author":[{"embeddable":true,"href":"https:\/\/archives.regards.fr\/index.php?rest_route=\/wp\/v2\/users\/328"}],"replies":[{"embeddable":true,"href":"https:\/\/archives.regards.fr\/index.php?rest_route=%2Fwp%2Fv2%2Fcomments&post=5232"}],"version-history":[{"count":0,"href":"https:\/\/archives.regards.fr\/index.php?rest_route=\/wp\/v2\/posts\/5232\/revisions"}],"wp:featuredmedia":[{"embeddable":true,"href":"https:\/\/archives.regards.fr\/index.php?rest_route=\/wp\/v2\/media\/15903"}],"wp:attachment":[{"href":"https:\/\/archives.regards.fr\/index.php?rest_route=%2Fwp%2Fv2%2Fmedia&parent=5232"}],"wp:term":[{"taxonomy":"category","embeddable":true,"href":"https:\/\/archives.regards.fr\/index.php?rest_route=%2Fwp%2Fv2%2Fcategories&post=5232"},{"taxonomy":"post_tag","embeddable":true,"href":"https:\/\/archives.regards.fr\/index.php?rest_route=%2Fwp%2Fv2%2Ftags&post=5232"}],"curies":[{"name":"wp","href":"https:\/\/api.w.org\/{rel}","templated":true}]}}