{"id":5222,"date":"2012-01-17T14:51:13","date_gmt":"2012-01-17T13:51:13","guid":{"rendered":"https:\/\/wp.muchomaas.com\/eva-joly-les-pieds-dans-le-tapis5222\/"},"modified":"2023-06-23T23:10:43","modified_gmt":"2023-06-23T21:10:43","slug":"eva-joly-les-pieds-dans-le-tapis5222","status":"publish","type":"post","link":"https:\/\/archives.regards.fr\/?p=5222","title":{"rendered":"Eva Joly, les pieds dans le tapis"},"content":{"rendered":"<p class=\"post_excerpt\">Le parti des \u00e9cologistes perdrait-il son \u00e2me au jeu de la pr\u00e9sidentielle?<br \/>\nEntre une candidate rel\u00e9gu\u00e9e \u00e0 la question du nucl\u00e9aire et<br \/>\nles concessions faites au PS en \u00e9change de quelques d\u00e9put\u00e9s, le parti<br \/>\nsemble fragilis\u00e9 et les militants quelque peu d\u00e9sorient\u00e9s.<\/p>\n<p>Au d\u00e9part, rien ne pr\u00e9disposait<br \/>\ncette candidature \u00e0 de tels<br \/>\nsoubresauts. D\u00e8s l\u2019\u00e9t\u00e9 2010,<br \/>\nEva Joly, aur\u00e9ol\u00e9e du r\u00e9sultat<br \/>\nd\u2019Europe \u00e9cologie-les Verts aux<br \/>\n\u00e9lections europ\u00e9ennes (16,3 %) \u00e9tait apparue<br \/>\ncomme une \u00e9vidence. \u00c0 Clermont-Ferrand, sous<br \/>\nun cagnard suffoquant, C\u00e9cile Duflot n\u2019avait<br \/>\nd\u2019yeux que pour celle qui devait sortir les \u00e9colos<br \/>\ndes habituels petits scores \u00e0 la pr\u00e9sidentielle. La<br \/>\nsecr\u00e9taire du parti se souvenait encore am\u00e8rement<br \/>\ndu r\u00e9sultat de Dominique Voynet en 2007<br \/>\n(1,53 %), pour laquelle elle s\u2019\u00e9tait d\u00e9pens\u00e9e<br \/>\nsans compter.<\/p>\n<p>Eva Joly, la juge, la nouvelle recrue, pouvait<br \/>\n\u00e9largir le socle \u00e9lectoral. Pas vraiment \u00e9colo et<br \/>\nencore moins alternative, elle est impos\u00e9e dans<br \/>\nle jeu \u00e9colo par Daniel Cohn-Bendit qui voulait<br \/>\nappliquer la le\u00e7on des Gr\u00fcnen allemands : le<br \/>\nsucc\u00e8s politique suppose de rompre avec un<br \/>\nfond culturel jug\u00e9 trop marginal, mouvementiste,<br \/>\nfolklo. L\u2019objectif est d\u2019acc\u00e9der au pouvoir en<br \/>\nposition de force et pour cela les Verts doivent<br \/>\ndevenir un \u00ab vrai \u00bb parti g\u00e9n\u00e9raliste, cr\u00e9dible, s\u00e9rieux.<br \/>\nDCB sugg\u00e8re de n\u00e9gocier avec le PS des<br \/>\ncirconscriptions et, coh\u00e9rent, de faire l\u2019impasse<br \/>\nsur la candidature \u00e0 la pr\u00e9sidentielle : il sait bien<br \/>\nqu\u2019on ne peut \u00eatre d\u00e9pendant et concurrent.<br \/>\nMais la base des Verts est si d\u00e9sireuse de porter<br \/>\nses couleurs, de faire entendre ses id\u00e9es et<br \/>\nses engagements ! La candidature d\u2019Eva Joly<br \/>\nparaissait un compromis entre ces exigences de<br \/>\nnormalisation et d\u2019existence autonome.<\/p>\n<h2>Des d\u00e9put\u00e9s \u00e0 tout prix<\/h2>\n<p>Sauf que\u2026 La plupart des dirigeants d\u2019EELV<br \/>\npensant que Nicolas Hulot pouvait faire encore<br \/>\nmieux qu\u2019Eva, la d\u00e9laiss\u00e8rent. Au final, elle gagne<br \/>\nsa qualification gr\u00e2ce au soutien de la gauche<br \/>\ndes Verts, r\u00e9tive \u00e0 la candidature du trop incertain<br \/>\net tr\u00e8s m\u00e9diatique animateur d\u2019\u00ab Ushuaia \u00bb.<br \/>\nUne dr\u00f4le d\u2019alliance se scelle alors entre la<br \/>\ngauche des verts, une partie des environnementalistes<br \/>\nallergiques \u00e0 Hulot et celle qui fut un<br \/>\ntemps approch\u00e9e par Bayrou. Cette dualit\u00e9 est<br \/>\nrepr\u00e9sent\u00e9e au sommet de la campagne avec<br \/>\nle couple Yannick Jadot, ancien de Greenpeace,<br \/>\net Sergio Coronado, issu de la gauche du parti\u2026<br \/>\nCe mariage de circonstance ne cesse de<br \/>\nproduire un message politique brouill\u00e9 : dans la<br \/>\nm\u00eame s\u00e9quence, Eva Joly peut attaquer durement<br \/>\nle candidat socialiste \u00ab <em>il est du bois dont<br \/>\non fait les marionnettes<\/em> \u00bb, le critiquer sur sa<br \/>\ngauche, et saluer le courage du candidat Bayrou<br \/>\nlorsqu\u2019il annonce des coupes claires dans les<br \/>\nbudgets sociaux [[Yannick Jadot a quitt\u00e9 le poste de directeur de<br \/>\ncampagne d\u2019Eva Joly.]]. \u00c9tait-ce un moment d\u2019\u00e9garement<br \/>\nou la traduction d\u2019une r\u00e9elle incertitude<br \/>\nsur le positionnement politique de la candidate ?<br \/>\nPour clarifier ce positionnement, Eva Joly<br \/>\nne peut pas compter sur ses amis du parti. D\u00e9termin\u00e9s \u00e0 sortir enfin de la marginalit\u00e9 politique,<br \/>\nles dirigeants d\u2019EELV sont tout occup\u00e9s \u00e0<br \/>\nla n\u00e9gociation d\u2019un accord avec le PS. Eva Joly<br \/>\nse sent tenue \u00e0 l\u2019\u00e9cart de ces n\u00e9gociations. Les<br \/>\ndirigeants du parti ont surtout en t\u00eate l\u2019objectif<br \/>\nlanc\u00e9 par le strat\u00e8ge Cohn Bendit : former un<br \/>\ngroupe pivot au parlement, sortir en juin 2012<br \/>\navec 50 d\u00e9put\u00e9s ! Le score \u00e0 la pr\u00e9sidentielle<br \/>\nest de fait rel\u00e9gu\u00e9 au second plan\u2026 Pour obtenir<br \/>\nce groupe de parlementaires, compte tenu de<br \/>\nl\u2019injuste scrutin majoritaire, il faut un accord avec<br \/>\nle PS. \u00c0 la demande des \u00e9cologistes, l\u2019accord<br \/>\ndoit \u00eatre programmatique pour \u00eatre \u00e9lectoral. Ils<br \/>\navalent alors de belles couleuvres : pas de sortie<br \/>\ndu nucl\u00e9aire mais une simple r\u00e9duction, acter le<br \/>\nd\u00e9saccord sur l\u2019a\u00e9roport de Notre-Dame des-<br \/>\nLandes, la retraite, la dette et le reste\u2026<\/p>\n<p>Que feront les \u00e9cologistes en cas de victoire<br \/>\nde la gauche ? notamment en ce qui concerne<br \/>\nla participation \u00e0 un gouvernement pr\u00f4nant une<br \/>\npolitique d\u2019aust\u00e9rit\u00e9. \u00ab <em>Cette question n\u2019a pas<br \/>\nencore \u00e9t\u00e9 r\u00e9ellement d\u00e9battue<\/em> \u00bb, reconna\u00eet<br \/>\nEmmanuelle Cosse [[Emmanuelle Cosse est aussi membre du comit\u00e9<br \/>\nde r\u00e9daction de Regards.]]. L\u2019\u00e9lue r\u00e9gionale \u00e9cologiste<br \/>\nne cache pas que le d\u00e9bat sera rude et ne<br \/>\nrecouvrira pas forc\u00e9ment les lignes de clivages<br \/>\nhabituelles du parti\u2026<\/p>\n<h2>Une candidate isol\u00e9e<\/h2>\n<p>La signature de l\u2019accord avec le PS met la candidature<br \/>\nd\u2019Eva Joly en porte-\u00e0-faux. La candidate,<br \/>\nfaiblement \u00e9colo, et qui s\u2019est marqu\u00e9e tant\u00f4t<br \/>\n\u00e0 gauche et tant\u00f4t \u00e0 droite du PS, est maintenant<br \/>\ncantonn\u00e9e au discours antinucl\u00e9aire. Elle<br \/>\nest pri\u00e9e de cesser les attaques contre Fran\u00e7ois<br \/>\nHollande et ses prises de distance avec le<br \/>\nprogramme socialiste. EELV veut faire sa mue<br \/>\ng\u00e9n\u00e9raliste mais se retrouve coinc\u00e9e dans le pr\u00e9<br \/>\ncarr\u00e9 environnementaliste.<\/p>\n<p>L\u2019accord pour les l\u00e9gislatives est donc sign\u00e9,<br \/>\nmais le parti tarde \u00e0 dire s\u2019il participera au gouvernement<br \/>\nen cas de victoire de la gauche. Enfin,<br \/>\npour s\u2019assurer le plus haut score possible au<br \/>\npremier tour de la pr\u00e9sidentielle, le PS aura les moyens de faire pression afin qu\u2019Eva Joly jette<br \/>\nl\u2019\u00e9ponge, en mena\u00e7ant d\u2019entraver l\u2019\u00e9lection de<br \/>\nquelques d\u00e9put\u00e9s EELV. Les militants, ballott\u00e9s,<br \/>\nne savent plus quelle campagne mener\u2026 Bref,<br \/>\non avait une candidate \u00e0 No\u00ebl reste \u00e0 savoir si, le<br \/>\n26 avril, elle aura surv\u00e9cu \u00e0 cette accumulation<br \/>\nde contradictions. <\/p>\n<div id='gallery-1' class='gallery galleryid-5222 gallery-columns-3 gallery-size-thumbnail'><figure class='gallery-item'>\n\t\t\t<div class='gallery-icon landscape'>\n\t\t\t\t<a href='https:\/\/archives.regards.fr\/wp-content\/uploads\/2012\/01\/jolys-33a.jpg'><img loading=\"lazy\" decoding=\"async\" width=\"150\" height=\"150\" src=\"https:\/\/archives.regards.fr\/wp-content\/uploads\/2012\/01\/jolys-33a-150x150.jpg\" class=\"attachment-thumbnail size-thumbnail\" alt=\"Eva Joly, les pieds dans le tapis\" aria-describedby=\"gallery-1-15880\" \/><\/a>\n\t\t\t<\/div>\n\t\t\t\t<figcaption class='wp-caption-text gallery-caption' id='gallery-1-15880'>\n\t\t\t\tEva Joly, les pieds dans le tapis\n\t\t\t\t<\/figcaption><\/figure><figure class='gallery-item'>\n\t\t\t<div class='gallery-icon landscape'>\n\t\t\t\t<a href='https:\/\/archives.regards.fr\/wp-content\/uploads\/2012\/01\/jolyb-6e2.jpg'><img loading=\"lazy\" decoding=\"async\" width=\"150\" height=\"122\" src=\"https:\/\/archives.regards.fr\/wp-content\/uploads\/2012\/01\/jolyb-6e2-150x122.jpg\" class=\"attachment-thumbnail size-thumbnail\" alt=\"Eva Joly, les pieds dans le tapis\" aria-describedby=\"gallery-1-15881\" \/><\/a>\n\t\t\t<\/div>\n\t\t\t\t<figcaption class='wp-caption-text gallery-caption' id='gallery-1-15881'>\n\t\t\t\tEva Joly, les pieds dans le tapis\n\t\t\t\t<\/figcaption><\/figure>\n\t\t<\/div>\n\n","protected":false},"excerpt":{"rendered":"<p>Le parti des \u00e9cologistes perdrait-il son \u00e2me au jeu de la pr\u00e9sidentielle?<br \/>\nEntre une candidate rel\u00e9gu\u00e9e \u00e0 la question du nucl\u00e9aire et<br \/>\nles concessions faites au PS en \u00e9change de quelques d\u00e9put\u00e9s, le parti<br \/>\nsemble fragilis\u00e9 et les militants quelque peu d\u00e9sorient\u00e9s.<\/p>\n","protected":false},"author":464,"featured_media":15880,"comment_status":"open","ping_status":"open","sticky":false,"template":"","format":"standard","meta":{"_themeisle_gutenberg_block_has_review":false,"footnotes":""},"categories":[141],"tags":[290,295],"class_list":["post-5222","post","type-post","status-publish","format-standard","has-post-thumbnail","hentry","category-archives-web","tag-elections","tag-nupes"],"_links":{"self":[{"href":"https:\/\/archives.regards.fr\/index.php?rest_route=\/wp\/v2\/posts\/5222","targetHints":{"allow":["GET"]}}],"collection":[{"href":"https:\/\/archives.regards.fr\/index.php?rest_route=\/wp\/v2\/posts"}],"about":[{"href":"https:\/\/archives.regards.fr\/index.php?rest_route=\/wp\/v2\/types\/post"}],"author":[{"embeddable":true,"href":"https:\/\/archives.regards.fr\/index.php?rest_route=\/wp\/v2\/users\/464"}],"replies":[{"embeddable":true,"href":"https:\/\/archives.regards.fr\/index.php?rest_route=%2Fwp%2Fv2%2Fcomments&post=5222"}],"version-history":[{"count":0,"href":"https:\/\/archives.regards.fr\/index.php?rest_route=\/wp\/v2\/posts\/5222\/revisions"}],"wp:featuredmedia":[{"embeddable":true,"href":"https:\/\/archives.regards.fr\/index.php?rest_route=\/wp\/v2\/media\/15880"}],"wp:attachment":[{"href":"https:\/\/archives.regards.fr\/index.php?rest_route=%2Fwp%2Fv2%2Fmedia&parent=5222"}],"wp:term":[{"taxonomy":"category","embeddable":true,"href":"https:\/\/archives.regards.fr\/index.php?rest_route=%2Fwp%2Fv2%2Fcategories&post=5222"},{"taxonomy":"post_tag","embeddable":true,"href":"https:\/\/archives.regards.fr\/index.php?rest_route=%2Fwp%2Fv2%2Ftags&post=5222"}],"curies":[{"name":"wp","href":"https:\/\/api.w.org\/{rel}","templated":true}]}}