{"id":5212,"date":"2012-01-12T14:41:21","date_gmt":"2012-01-12T13:41:21","guid":{"rendered":"https:\/\/wp.muchomaas.com\/j-ai-ma-carte-d-electeur-mais-elle5212\/"},"modified":"2023-06-23T23:10:41","modified_gmt":"2023-06-23T21:10:41","slug":"j-ai-ma-carte-d-electeur-mais-elle5212","status":"publish","type":"post","link":"https:\/\/archives.regards.fr\/?p=5212","title":{"rendered":"\u00ab J\u2019ai ma carte d\u2019\u00e9lecteur, mais elle est moins importante que ma carte bancaire ou ma carte Vitale. \u00bb Nora, 20 ans, H\u00e9rouville Saint-Clair (14)"},"content":{"rendered":"<p class=\"post_excerpt\">QUARTIERS LIBRES, la chronique de Raph\u00e4l Yem.<\/p>\n<p><strong>Nora est une \u00ab racaille \u00bb \u00e0 nettoyer<br \/>\nau Karcher \u2013 quand y\u2019en a un \u00e7a<br \/>\nva, c\u2019est quand y\u2019en a plusieurs que<br \/>\n\u00e7a pose des probl\u00e8mes \u2013 qui avait jusqu\u2019au<br \/>\n30 d\u00e9cembre pour s\u2019inscrire sur les listes<br \/>\n\u00e9lectorales<\/strong>. Encore une fois, et malgr\u00e9 le travail<br \/>\ndes associations de quartiers, l\u2019\u00e9meute esp\u00e9r\u00e9e<br \/>\nn\u2019a pas d\u00e9ferl\u00e9 dans les mairies. D\u2019abord<br \/>\nparce qu\u2019aujourd\u2019hui, pour les plus jeunes, les<br \/>\ninscriptions sont automatiques, comme pour<br \/>\nNora. Mais aussi, parce que pour avoir envie<br \/>\nde s\u2019inscrire, encore faut-il avoir envie de voter.<br \/>\n\u00c0 chaque \u00e9lection, c\u2019est la m\u00eame chose, voire<br \/>\nc\u2019est de pire en pire. Et pourtant, \u00e0 en juger<br \/>\npar le nombre d\u2019associations, de mobilisations<br \/>\nlocales, de cr\u00e9ateurs culturels, la chose<br \/>\npolitique derri\u00e8re le p\u00e9riph\u2019 est bien vivante<br \/>\net dynamique. Il ne faut donc pas croire que<br \/>\nles banlieusards se d\u00e9sint\u00e9ressent du d\u00e9bat<br \/>\npublic, c\u2019est juste qu\u2019ils se m\u00e9fient des<br \/>\npoliticiens, que la crise globale les pousse \u00e0<br \/>\nl\u2019urgence (payer les factures, les relances,<br \/>\nle loyer, les courses, se soigner) et qu\u2019on les<br \/>\nen \u00e9carte. Mieux, ils deviennent les ennemis<br \/>\nde la R\u00e9publique. Nicolas Sarkoy les voit<br \/>\nen tricheurs, adeptes de \u00ab fraude sociale \u00bb,<br \/>\n\u00e0 la fois victimes et coupables d\u2019ins\u00e9curit\u00e9.<br \/>\nMarine Le Pen les a affich\u00e9s en pyromanes.<br \/>\nLe PS et ses satellites n\u2019ont pas l\u00e2ch\u00e9 leur<br \/>\nton paternaliste, couscous au miel. Et je ne<br \/>\nsuis pas s\u00fbr d\u2019avoir un jour la chance de voir<br \/>\nsi\u00e9ger au Parlement et au S\u00e9nat une<br \/>\njuste proportion de d\u00e9put\u00e9s ou de s\u00e9nateurs<br \/>\nde gauche issus des quartiers<br \/>\npopulaires. Rares sont les formations politiques<br \/>\nqui ont saisi l\u2019importance de prioriser leurs<br \/>\nprogrammes en direction des quartiers<br \/>\npopulaires partout en France.<\/p>\n<p>L\u2019issue sera politique. Mais il ne faut surtout pas<br \/>\noublier le mouvement social. Il n\u2019est pas que<br \/>\ndans les manifs, au point qu\u2019on pourrait croire,<br \/>\n\u00e0 tort, qu\u2019il est confisqu\u00e9 par les syndicats et<br \/>\nleurs banderoles \u00e0 l\u2019ancienne. Ce que nous<br \/>\nfaisons dans les quartiers vaut tout autant,<br \/>\nvoire plus, que le bulletin gliss\u00e9 dans l\u2019urne.<div id='gallery-1' class='gallery galleryid-5212 gallery-columns-3 gallery-size-thumbnail'><figure class='gallery-item'>\n\t\t\t<div class='gallery-icon landscape'>\n\t\t\t\t<a href='https:\/\/archives.regards.fr\/wp-content\/uploads\/2012\/01\/vits-30a.jpg'><img loading=\"lazy\" decoding=\"async\" width=\"150\" height=\"150\" src=\"https:\/\/archives.regards.fr\/wp-content\/uploads\/2012\/01\/vits-30a-150x150.jpg\" class=\"attachment-thumbnail size-thumbnail\" alt=\"\u00ab J\u2019ai ma carte d\u2019\u00e9lecteur, mais elle est moins importante que ma carte bancaire ou ma carte Vitale. \u00bb Nora, 20 ans, H\u00e9rouville Saint-Clair (14)\" aria-describedby=\"gallery-1-15858\" \/><\/a>\n\t\t\t<\/div>\n\t\t\t\t<figcaption class='wp-caption-text gallery-caption' id='gallery-1-15858'>\n\t\t\t\t\u00ab J\u2019ai ma carte d\u2019\u00e9lecteur, mais elle est moins importante que ma carte bancaire ou ma carte Vitale. \u00bb Nora, 20 ans, H\u00e9rouville Saint-Clair (14)\n\t\t\t\t<\/figcaption><\/figure><figure class='gallery-item'>\n\t\t\t<div class='gallery-icon landscape'>\n\t\t\t\t<a href='https:\/\/archives.regards.fr\/wp-content\/uploads\/2012\/01\/vitb-6d2.jpg'><img loading=\"lazy\" decoding=\"async\" width=\"150\" height=\"122\" src=\"https:\/\/archives.regards.fr\/wp-content\/uploads\/2012\/01\/vitb-6d2-150x122.jpg\" class=\"attachment-thumbnail size-thumbnail\" alt=\"\u00ab J\u2019ai ma carte d\u2019\u00e9lecteur, mais elle est moins importante que ma carte bancaire ou ma carte Vitale. \u00bb Nora, 20 ans, H\u00e9rouville Saint-Clair (14)\" aria-describedby=\"gallery-1-15859\" \/><\/a>\n\t\t\t<\/div>\n\t\t\t\t<figcaption class='wp-caption-text gallery-caption' id='gallery-1-15859'>\n\t\t\t\t\u00ab J\u2019ai ma carte d\u2019\u00e9lecteur, mais elle est moins importante que ma carte bancaire ou ma carte Vitale. \u00bb Nora, 20 ans, H\u00e9rouville Saint-Clair (14)\n\t\t\t\t<\/figcaption><\/figure><figure class='gallery-item'>\n\t\t\t<div class='gallery-icon landscape'>\n\t\t\t\t<a href='https:\/\/archives.regards.fr\/wp-content\/uploads\/2012\/01\/vit-66d.jpg'><img loading=\"lazy\" decoding=\"async\" width=\"150\" height=\"150\" src=\"https:\/\/archives.regards.fr\/wp-content\/uploads\/2012\/01\/vit-66d-150x150.jpg\" class=\"attachment-thumbnail size-thumbnail\" alt=\"vit.jpg\" \/><\/a>\n\t\t\t<\/div><\/figure><figure class='gallery-item'>\n\t\t\t<div class='gallery-icon landscape'>\n\t\t\t\t<a href='https:\/\/archives.regards.fr\/wp-content\/uploads\/2012\/01\/vitac-646.jpg'><img loading=\"lazy\" decoding=\"async\" width=\"80\" height=\"55\" src=\"https:\/\/archives.regards.fr\/wp-content\/uploads\/2012\/01\/vitac-646.jpg\" class=\"attachment-thumbnail size-thumbnail\" alt=\"\u00ab J\u2019ai ma carte d\u2019\u00e9lecteur, mais elle est moins importante que ma carte bancaire ou ma carte Vitale. \u00bb Nora, 20 ans, H\u00e9rouville Saint-Clair (14)\" aria-describedby=\"gallery-1-15861\" \/><\/a>\n\t\t\t<\/div>\n\t\t\t\t<figcaption class='wp-caption-text gallery-caption' id='gallery-1-15861'>\n\t\t\t\t\u00ab J\u2019ai ma carte d\u2019\u00e9lecteur, mais elle est moins importante que ma carte bancaire ou ma carte Vitale. \u00bb Nora, 20 ans, H\u00e9rouville Saint-Clair (14)\n\t\t\t\t<\/figcaption><\/figure>\n\t\t<\/div>\n<\/p>\n","protected":false},"excerpt":{"rendered":"<p>QUARTIERS LIBRES, la chronique de Raph\u00e4l Yem.<\/p>\n","protected":false},"author":1,"featured_media":15858,"comment_status":"open","ping_status":"open","sticky":false,"template":"","format":"standard","meta":{"_themeisle_gutenberg_block_has_review":false,"footnotes":""},"categories":[134],"tags":[357],"class_list":["post-5212","post","type-post","status-publish","format-standard","has-post-thumbnail","hentry","category-raphal-yem","tag-chronique"],"_links":{"self":[{"href":"https:\/\/archives.regards.fr\/index.php?rest_route=\/wp\/v2\/posts\/5212","targetHints":{"allow":["GET"]}}],"collection":[{"href":"https:\/\/archives.regards.fr\/index.php?rest_route=\/wp\/v2\/posts"}],"about":[{"href":"https:\/\/archives.regards.fr\/index.php?rest_route=\/wp\/v2\/types\/post"}],"author":[{"embeddable":true,"href":"https:\/\/archives.regards.fr\/index.php?rest_route=\/wp\/v2\/users\/1"}],"replies":[{"embeddable":true,"href":"https:\/\/archives.regards.fr\/index.php?rest_route=%2Fwp%2Fv2%2Fcomments&post=5212"}],"version-history":[{"count":0,"href":"https:\/\/archives.regards.fr\/index.php?rest_route=\/wp\/v2\/posts\/5212\/revisions"}],"wp:featuredmedia":[{"embeddable":true,"href":"https:\/\/archives.regards.fr\/index.php?rest_route=\/wp\/v2\/media\/15858"}],"wp:attachment":[{"href":"https:\/\/archives.regards.fr\/index.php?rest_route=%2Fwp%2Fv2%2Fmedia&parent=5212"}],"wp:term":[{"taxonomy":"category","embeddable":true,"href":"https:\/\/archives.regards.fr\/index.php?rest_route=%2Fwp%2Fv2%2Fcategories&post=5212"},{"taxonomy":"post_tag","embeddable":true,"href":"https:\/\/archives.regards.fr\/index.php?rest_route=%2Fwp%2Fv2%2Ftags&post=5212"}],"curies":[{"name":"wp","href":"https:\/\/api.w.org\/{rel}","templated":true}]}}