{"id":5206,"date":"2012-01-04T16:37:51","date_gmt":"2012-01-04T15:37:51","guid":{"rendered":"https:\/\/wp.muchomaas.com\/cedric-kahn-mon-film-est-anti5206\/"},"modified":"2023-06-23T23:10:40","modified_gmt":"2023-06-23T21:10:40","slug":"cedric-kahn-mon-film-est-anti5206","status":"publish","type":"post","link":"https:\/\/archives.regards.fr\/?p=5206","title":{"rendered":"C\u00e9dric Kahn:  \u00abMon film est anti-mat\u00e9rialiste, limite d\u00e9croissant\u2026\u00bb"},"content":{"rendered":"<p class=\"post_excerpt\"><em>Une Vie meilleure<\/em>, le dernier film de C\u00e9dric Kahn sort ce mercredi sur les \u00e9crans. Rencontre avec un r\u00e9alisateur qui propose d&#8217;\u00ab<em>abandonner [nos] r\u00eaves d\u2019entrepreneur<\/em>\u00bb pour \u00ab<em>devenir des nomades de notre propre vie<\/em>\u00bb<\/p>\n<p><strong>Regards.fr:<\/strong> <strong> <em>Une vie meilleure est-il un film militant ?<\/em> <\/strong><\/p>\n<p><strong>C\u00e9dric Kahn:<\/strong> Oui et non. Oui parce que je me suis mis en face de mes id\u00e9es, de mes convictions, et que j\u2019ai mis du temps pour oser le faire: depuis vingt ans que je fais des films j\u2019ai beaucoup tourn\u00e9 autour du pot. Il y a toujours eu des th\u00e9matiques sociales dans mes films, mais elles \u00e9taient cach\u00e9es, \u00e7a n\u2019\u00e9tait jamais affirm\u00e9 comme tel. <\/p>\n<p>Et non, \u00e7a n\u2019est pas vraiment un film militant, parce que je rentre dans l\u2019histoire par les personnages, et que ces personnages, eux, n\u2019ont pas tellement de conscience politique, ils sont assez na\u00effs, ce sont des pions du syst\u00e8me.<\/p>\n<p>Je pense que ce film d\u00e9gage une vraie philosophie de vie, montre une \u00e9mancipation des personnages, m\u00eame si eux n\u2019en ont pas conscience. Je ne crois pas qu&#8217;ils seraient capables de th\u00e9oriser comme je le fais moi.<br \/>\nDans ce sens l\u00e0, c\u2019est donc encore moins un film de militants, on ne voit pas des gens au combat, les personnages ne sont pas politis\u00e9s. Et, dans le fond\u2026 moi non plus\u00a0! <\/p>\n<p><strong>Regards.fr:<\/strong> <strong> <em>Le film tient quand m\u00eame un discours politique, notamment sur le surendettement&#8230;<\/em> <\/strong><\/p>\n<p><strong>C\u00e9dric Kahn:<\/strong> Le surendettement est une p\u00e9rip\u00e9tie. Le discours du film, s\u2019il y en a un, est plut\u00f4t clairement anticapitaliste. Il montre que ce syst\u00e8me qu\u2019on nous a vendu comme celui de l\u2019am\u00e9lioration de la vie pour tous, a en fait cr\u00e9\u00e9 un foss\u00e9 impossible \u00e0 combler entre les gens qui ont de l\u2019argent et ceux qui n\u2019en n&#8217;ont pas.<\/p>\n<p>Le film part d\u2019un constat tr\u00e8s simple: les pauvres paient tout plus cher. J&#8217;ai pens\u00e9 aux subprimes, aux cr\u00e9dits \u00e0 la consommation pour le mec qui veut acheter un frigidaire ou une voiture et je me suis dit: &#8220;il n\u2019y a que les riches qui font des bonnes affaires&#8221;. En fait, la pauvret\u00e9 est devenue un terrain de sp\u00e9culation formidable: des gens tr\u00e8s \u00ab\u00a0ing\u00e9nieux\u00a0\u00bb ont compris qu\u2019on pouvait faire plus d\u2019argent en gagnant 1 euro sur le dos de beaucoup de pauvres, plut\u00f4t que 10 euros sur le dos de quelques riches. Et \u00e0 partir du moment o\u00f9 la pauvret\u00e9 devient un terrain de sp\u00e9culation, c\u2019est quasiment impossible de changer de condition sociale.<\/p>\n<p><strong>Regards.fr:<\/strong> <strong> <em>Pourtant, tes personnages tentent par tous les moyens de s&#8217;\u00e9lever, de s&#8217;en sortir. Est-ce que cette \u00e9nergie qu&#8217;ils ont dans ton film est une cl\u00e9 de la r\u00e9ussite ?<\/em> <\/strong><\/p>\n<p><strong>C\u00e9dric Kahn:<\/strong> Le constat du film c\u2019est qu\u2019ils n\u2019y arrivent pas. Ils n\u2019y arrivent pas tant qu\u2019ils sont dans un id\u00e9al petit bourgeois, tant qu\u2019ils veulent acc\u00e9der au r\u00eave, \u00e0 l\u2019id\u00e9al de la soci\u00e9t\u00e9 de consommation, c\u2019est \u00e0 dire poss\u00e9der, \u00eatre propri\u00e9taire, \u00eatre son propre patron, gagner de l\u2019argent et avoir une \u00ab\u00a0belle situation\u00a0\u00bb. Tant que leur id\u00e9al de vie est encod\u00e9 de cette mani\u00e8re-l\u00e0, \u00e7a ne marche pas pour eux. Et je pense profond\u00e9ment que cet id\u00e9al qui nous est vendu, ce bonheur l\u00e0, nous ali\u00e8ne. Et bizarrement les personnages se sauvent dans le d\u00e9nuement. C\u2019est \u00e0 partir du moment o\u00f9 le personnage de Guillaume Canet n\u2019a plus rien qu\u2019il commence \u00e0 avoir une intelligence de vie. Et lorsque le gars se retrouve avec rien, et personne pour l\u2019aider, qu\u2019est ce qu\u2019il lui reste\u00a0? Les yeux d\u2019un enfant pos\u00e9s sur lui. Et cet enfant lui dit juste\u00a0: \u00ab\u00a0sois vivant\u00a0\u00bb, \u00ab\u00a0amuse toi\u00a0\u00bb. Alors \u00e7a commence par une beuverie, une fille qu\u2019on croise dans un coin, et puis une cagnotte qu\u2019on se fait, et puis un match de foot qu\u2019on va regarder\u2026 C\u2019est comme \u00e7a que mon h\u00e9ros se reconstruit\u00a0: par des petits bonheurs, des petites victoires, mais qui ont une saveur incroyable vu les \u00e9preuves qu\u2019il a travers\u00e9es. Pour moi la philosophie du film est vraiment l\u00e0\u00a0: la reconstruction dans la simplicit\u00e9.<\/p>\n<p><strong>Regards.fr:<\/strong> <strong> <em>Un des moments jouissifs du film, c&#8217;est cette sc\u00e8ne au cours de laquelle Guillaume Canet vole le marchand de sommeil, l&#8217;exploiteur de la mis\u00e8re humaine. Est-ce que selon toi, voler des voleurs, \u00e7a participe de la solution aux probl\u00e8mes qui se posent \u00e0 lui ?<\/em> <\/strong><\/p>\n<p><strong>C\u00e9dric Kahn:<\/strong> Oui. En tous cas, lorsqu\u2019on est dans une situation difficile, la fronti\u00e8re entre la l\u00e9galit\u00e9 et l\u2019ill\u00e9galit\u00e9 est tr\u00e8s mince. L\u2019acte qu\u2019il commet n\u2019en fait pas un type malhonn\u00eate, d\u2019autant plus qu\u2019avant cette sc\u00e8ne il \u00abapprend l\u2019honn\u00eatet\u00e9\u00bb \u00e0 l\u2019enfant, lui donne \u00e7a comme r\u00e8gle de vie, alors que l\u2019enfant qui ne poss\u00e8de pas les m\u00eames codes, est d\u2019embl\u00e9e transgressif. Je voulais montrer que la fronti\u00e8re est tr\u00e8s mince, et que parfois on n\u2019a pas d\u2019autre choix. Je peux comprendre que dans une situation limite, on en passe par l\u2019ill\u00e9galit\u00e9.<\/p>\n<p><strong>Regards.fr:<\/strong> <strong> <em>Comment fait-on pour repr\u00e9senter \u00e0 l&#8217;\u00e9cran un jeune salari\u00e9 qui gal\u00e8re? Par quoi passe la caract\u00e9risation du personnage ?<\/em> <\/strong><\/p>\n<p><strong>C\u00e9dric Kahn:<\/strong> En prenant Guillaume et en l\u2019habillant comme un \u00ab\u00a0n\u2019importe qui\u00a0\u00bb je voulais montrer que c\u2019est l\u2019histoire de tout le monde. C\u2019est un employ\u00e9, un salari\u00e9, un smicard, c\u2019est un mec, voil\u00e0, qui n\u2019est pas un mis\u00e9reux. C\u2019est l\u2019histoire d\u2019un lambda qui commet des imprudences, et puis qui a trop d\u2019envies. Donc, justement, je n&#8217;ai pas voulu sp\u00e9cialement le caract\u00e9riser.<\/p>\n<p><strong>Regards.fr:<\/strong> <strong> <em>Pourquoi \u00e9tait-il important que le personnage principal bosse dans la restauration? Parce que c&#8217;est un boulot qui se fait enferm\u00e9 entre quatre murs ?<\/em> <\/strong><\/p>\n<p><strong>C\u00e9dric Kahn:<\/strong> Oui, il y a de \u00e7a. Elle travaille elle aussi en sous-sol, dans la bo\u00eete. Leur r\u00eave de vie \u00e0 la campagne, c\u2019est un r\u00eave un peu irr\u00e9el, un peu comme dans un conte, avec la maison d\u2019Hansel et Gretel qui a l\u2019air enchant\u00e9e alors que c\u2019est un pi\u00e8ge\u2026 Elle dit\u00a0: \u00ab\u00a0j\u2019en ai marre de vivre comme un rat, de passer de mon appartement, au m\u00e9tro et \u00e0 mon travail\u00a0\u00bb.<br \/>\nCe que j\u2019aime dans le m\u00e9tier de cuistot, c\u2019est qu&#8217;il est \u00e0 mi chemin entre l\u2019entreprise et la passion. Un peu comme le cin\u00e9ma, en fait. Avec une confrontation de la cr\u00e9ation et de la r\u00e9alit\u00e9 \u00e9conomique qui est forte. Donc \u00e0 une petite \u00e9chelle, monter son restau, c\u2019est comme monter un film, sauf qu\u2019ici, ce serait un film qui se casse la gueule\u2026<\/p>\n<p><strong>Regards.fr:<\/strong> <strong> <em>Souvent, dans les films qui parlent du travail, de la mis\u00e8re, de la d\u00e9gradation des conditions \u00e9conomiques, on fait appel \u00e0 des com\u00e9diens pas connus, vierges de toute image. Tu as choisi de faire le contraire avec un casting \u00ab bankable \u00bb et deux acteurs, Guillaume Canet et Le\u00efla Bekhti, identifi\u00e9s dans un cin\u00e9ma plus grand public. Pourquoi?<\/em> <\/strong><\/p>\n<p><strong>C\u00e9dric Kahn:<\/strong> Je trouvais int\u00e9ressant qu\u2019ils am\u00e8nent leur notori\u00e9t\u00e9, leur c\u00f4te d\u2019amour aupr\u00e8s du public. Si on renverse le truc, \u00e0 eux deux, ils peuvent attirer des spectateurs qui ne viendraient pas a priori voir un film comme cela. Je trouve bien que ce cin\u00e9ma l\u00e0, de propos, de combat, de conscience, sorte un peu du ghetto. <\/p>\n<p>Mais cela, je te le raconte en me pla\u00e7ant \u00e0 l\u2019ext\u00e9rieur du projet, c\u2019est presque un discours de producteur, ce que je ne suis pas. De l\u2019int\u00e9rieur, c\u2019est vrai que je me suis pos\u00e9 beaucoup de questions, notamment de savoir si je ne devais pas faire ce film de fa\u00e7on plus \u00ab\u00a0pauvre\u00a0\u00bb avec des acteurs inconnus, afin d&#8217;accentuer l\u2019effet de r\u00e9el, d\u00e9j\u00e0 tr\u00e8s fort dans le film. Et puis finalement, je me suis dit que c\u2019\u00e9tait plus audacieux de le tenter avec un couple identifi\u00e9: des acteurs jeunes, beaux, glamours et c\u00e9l\u00e8bres dans une histoire comme celle l\u00e0, si ils sont bons et r\u00e9ussissent \u00e0 faire oublier leur statut au point que l&#8217;on y croit, le pari est gagn\u00e9.<br \/>\nEt en fait, selon moi, c\u2019est gagn\u00e9 d\u00e8s la premi\u00e8re sc\u00e8ne, d\u00e8s qu\u2019ils se branchent. Pourquoi\u00a0? Comment ? Je sais pas\u00a0! Parce que ce sont de bons com\u00e9diens, je crois\u2026 M\u00eame si les r\u00f4les sont bien \u00e9crits, qu\u2019il y a un travail de d\u00e9cor qui les porte, ils y sont all\u00e9s, se sont d\u00e9poil\u00e9s pour incarner le truc. Ils sont arriv\u00e9s sans masques et sont rentr\u00e9s dans les personnages.<\/p>\n<p><strong>Regards.fr:<\/strong> <strong> <em>Quand on a une histoire de gens simples incarn\u00e9s par des &#8220;vedettes&#8221;, on les filme comme des stars ou comme de simples com\u00e9diens ?<\/em> <\/strong><\/p>\n<p><strong>C\u00e9dric Kahn:<\/strong> Je les filme comme des gens lambda. Et avec empathie. J\u2019essaie toujours d&#8217;\u00eatre du c\u00f4t\u00e9 de mes personnages. \u00c7a commence, \u00e9videmment, par ne pas les regarder comme des stars, parce que sinon c\u2019est foutu, je suis certain de ne pas y arriver. Mais pour moi, ce n\u2019est pas tr\u00e8s compliqu\u00e9, parce que j\u2019ai tendance \u00e0 regarder tout le monde comme des gens lambda! J&#8217;ai beaucoup de mal \u00e0 voir les gens \u00e0 travers leur statut social. Je peux \u00eatre en face d\u2019un ministre et lui raconter des conneries. \u00c7a peu friser l\u2019insolence ou la maladresse, mais j\u2019ai une esp\u00e8ce de d\u00e9contraction sociale, c\u2019est vrai.<\/p>\n<p><strong>Regards.fr:<\/strong> <strong> <em>Dans le dossier de presse, il est fait mention des Dardennes, c&#8217;est une filiation?<\/em> <\/strong><\/p>\n<p><strong>C\u00e9dric Kahn:<\/strong> Non, c\u2019est juste une admiration. Je trouve leur cin\u00e9ma remarquable \u00e0 tous les niveaux. Si on prend ind\u00e9pendamment le sc\u00e9nario, la direction d\u2019acteur ou la mise en sc\u00e8ne, c\u2019est d\u00e9j\u00e0 en soi remarquable. Sans compter la coh\u00e9rence qu\u2019il y a dans leur filmographie et que moi je n\u2019ai pas du tout. Donc aucune filiation avec eux, je suis juste un admirateur.<br \/>\nAu cin\u00e9ma, je d\u00e9teste lorsque le metteur en sc\u00e8ne est tout puissant, quand il est devant, au dessus, en distanciation; ce que je trouve beau c\u2019est lorsque le personnage court devant le film. Outre les Dardennes, c\u2019est ce qu\u2019on avait tr\u00e8s fortement aussi avec Pialat, cette impression que le personnage est plus fort que le film. C\u2019est aussi ce que j\u2019essaie de faire. C\u2019est pour \u00e7a que je consid\u00e8re que <em>Une vie meilleure<\/em> n\u2019est pas un film de constat, mais un film de personnages. Le personnage est devant l\u2019histoire, il est plus fort que le contexte.<\/p>\n<p><strong>Regards.fr:<\/strong> <strong> <em>Ce r\u00eave de guinguette a d\u00e9j\u00e0 \u00e9t\u00e9 trait\u00e9 par Julien Duvivier avant-guerre dans<\/em> La belle \u00e9quipe&#8230; <em>A quel cin\u00e9ma as-tu pens\u00e9 en tournant<\/em> Une vie meilleure ? <\/strong><\/p>\n<p><strong>C\u00e9dric Kahn:<\/strong>  En tout cas pas \u00e0 <em>La belle \u00e9quipe<\/em>, m\u00eame si on m\u2019en parle tout le temps, tout simplement parce que je ne connais pas ce film&#8230;  Le seul que j\u2019avais en t\u00eate, m\u00eame si on en est tr\u00e8s loin, c\u2019est <em>Le voleur de bicyclette<\/em> de De Sica. Ce film me bouleverse et j\u2019avais tout le temps l\u2019image de ce type qui cherche son v\u00e9lo avec son son gamin derri\u00e8re lui; et ce gamin qui le regarde, au point que la perte de dignit\u00e9 se fait dans les yeux de son propre enfant&#8230; C&#8217;est la trag\u00e9die du film. <\/p>\n<p><strong>Regards.fr:<\/strong> <strong> <em>Et<\/em> Gloria? <\/strong><\/p>\n<p><strong>C\u00e9dric Kahn:<\/strong> Ah ben, ouaip\u00a0! Le th\u00e8me d\u2019<em>Une vie meilleure<\/em>, c\u2019est <em>Gloria<\/em> \u00e0 l\u2019envers. J\u2019ai toujours voulu raconter une histoire d\u2019un gamin et d\u2019un homme qui n\u2019ont pas de liens de sang et vont s\u2019adopter; et effectivement je pensais \u00e0 ce Casavettes \u00e0 l\u2019envers, avec un homme.<\/p>\n<p><strong>Regards.fr:<\/strong> <strong> <em>D&#8217;ailleurs lorsque tu filmes Saint Denis, on a le sentiment d&#8217;\u00eatre \u00e0 New York, un New York<\/em> working class, <em>multicolore&#8230;<\/em> <\/strong><\/p>\n<p><strong>C\u00e9dric Kahn:<\/strong> Pourtant je n&#8217;ai pas trich\u00e9. On a tourn\u00e9 sans figurants, dans la rue. C\u2019est une sorte de Harlem parisien. D\u00e8s que tu sors du p\u00e9riph tu bascules dans un autre monde. A Paris, filmer \u00e7a devient compliqu\u00e9\u00a0: les gens r\u00e2lent, les acteurs sont reconnus imm\u00e9diatement, alors qu\u2019\u00e0 Saint Denis on a eu aucun probl\u00e8me. On a tourn\u00e9 dans la rue, en steadycam avec Guillaume Canet. Les gens ne le reconnaissait pas la plupart du temps. De ce point de vue l\u00e0, c\u2019est vrai qu\u2019on \u00e9tait carr\u00e9ment dans un autre monde, comme si on avait tourn\u00e9 aux Etats Unis.<\/p>\n<p><strong>Regards.fr:<\/strong> <strong> <em>On se souvient que<\/em> Welcome <em>de Lioret avait cr\u00e9\u00e9 un d\u00e9bat dans la soci\u00e9t\u00e9 fran\u00e7aise autour de la traque polici\u00e8re des migrants et des aidants du littoral nord. Ton film a-t-il vocation \u00e0 alimenter le d\u00e9bat sur le surendettement et la spirale du d\u00e9classement \u00e0 4 mois de la pr\u00e9sidentielle ?<\/em> <\/strong><\/p>\n<p><strong>C\u00e9dric Kahn:<\/strong> Je n\u2019ai pas l\u2019impression que mon film se pr\u00eate \u00e0 une r\u00e9cup\u00e9ration politique. Avec <em>Welcome<\/em>, le d\u00e9bat politique n\u2019avait pas grand rapport avec le film lui m\u00eame, qui parlait d\u2019un gamin voulant traverser la manche pour aller voir sa petite copine, et d\u2019un ma\u00eetre-nageur pas du tout politis\u00e9, qui, pour r\u00e9cup\u00e9rer sa nana, se mettait \u00e0 s\u2019int\u00e9resser \u00e0 un sans-papiers. C\u2019est le discours politique qui est venu se greffer sur un film qui revendiquait le romanesque et je ne suis pas certain que <em>Welcome<\/em> avait \u00e9t\u00e9 con\u00e7u pour favoriser un d\u00e9bat public. A contrario lorsque Lioret tourne <em>Toutes nos envies<\/em>, il le fait avec la volont\u00e9\u00a0de susciter le d\u00e9bat, et l\u00e0\u2026 \u00e7a ne marche pas\u00a0! Parce que \u00e7a ne se contr\u00f4le pas. Qu\u2019un film\u00a0suscite un d\u00e9bat politique dans l\u2019opinion, cela \u00e9chappe compl\u00e8tement au r\u00e9alisateur. Et puis, selon moi ce n\u2019est pas la fonction premi\u00e8re d\u2019un film\u00a0: sa fonction premi\u00e8re c\u2019est d\u2019\u00eatre du cin\u00e9ma, point barre.<\/p>\n<p>Moi, ce que mon film propose \u00e0 la rigueur, c\u2019est d\u2019abandonner ce r\u00eave d\u2019entrepreneur et de devenir des nomades de notre propre vie. De ce point de vue l\u00e0, le film pr\u00f4ne un certain d\u00e9nuement, qu\u2019il faut chercher le bonheur ailleurs que dans ce qui nous est encod\u00e9, ailleurs que dans la consommation et les biens mat\u00e9riels. Et moi je pense qu\u2019il y a un bonheur possible sans cela. Dans ses fondamentaux, le film est plus anti mat\u00e9rialiste qu\u2019anti social, limite d\u00e9croissant\u2026<\/p>\n<p><strong>Regards.fr:<\/strong> <strong> <em>Changer la vie ?<\/em> <\/strong><\/p>\n<p><strong>C\u00e9dric Kahn:<\/strong> Surtout ne pas avoir peur. La peur, c\u2019est ce qui maintient les gens dans un \u00e9tat de soumission. Dans mon film, finalement les plus grands moment de d\u00e9nuements sont ceux avec le plus de bonheur. Franchement, il n\u2019y aucune raison d\u2019avoir peur\u00a0!<\/p>\n<div id='gallery-1' class='gallery galleryid-5206 gallery-columns-3 gallery-size-thumbnail'><figure class='gallery-item'>\n\t\t\t<div class='gallery-icon landscape'>\n\t\t\t\t<a href='https:\/\/archives.regards.fr\/wp-content\/uploads\/2012\/01\/viec-2-f83.jpg'><img loading=\"lazy\" decoding=\"async\" width=\"80\" height=\"55\" src=\"https:\/\/archives.regards.fr\/wp-content\/uploads\/2012\/01\/viec-2-f83.jpg\" class=\"attachment-thumbnail size-thumbnail\" alt=\"C\u00e9dric Kahn: \u00abMon film est anti-mat\u00e9rialiste, limite d\u00e9croissant\u2026\u00bb\" aria-describedby=\"gallery-1-15841\" \/><\/a>\n\t\t\t<\/div>\n\t\t\t\t<figcaption class='wp-caption-text gallery-caption' id='gallery-1-15841'>\n\t\t\t\tC\u00e9dric Kahn:  \u00abMon film est anti-mat\u00e9rialiste, limite d\u00e9croissant\u2026\u00bb\n\t\t\t\t<\/figcaption><\/figure>\n\t\t<\/div>\n\n","protected":false},"excerpt":{"rendered":"<p><em>Une Vie meilleure<\/em>, le dernier film de C\u00e9dric Kahn sort ce mercredi sur les \u00e9crans. Rencontre avec un r\u00e9alisateur qui propose d&#8217;\u00ab<em>abandonner [nos] r\u00eaves d\u2019entrepreneur<\/em>\u00bb pour \u00ab<em>devenir des nomades de notre propre vie<\/em>\u00bb<\/p>\n","protected":false},"author":1,"featured_media":15841,"comment_status":"open","ping_status":"open","sticky":false,"template":"","format":"standard","meta":{"_themeisle_gutenberg_block_has_review":false,"footnotes":""},"categories":[141],"tags":[299,293],"class_list":["post-5206","post","type-post","status-publish","format-standard","has-post-thumbnail","hentry","category-archives-web","tag-cinema","tag-entretien"],"_links":{"self":[{"href":"https:\/\/archives.regards.fr\/index.php?rest_route=\/wp\/v2\/posts\/5206","targetHints":{"allow":["GET"]}}],"collection":[{"href":"https:\/\/archives.regards.fr\/index.php?rest_route=\/wp\/v2\/posts"}],"about":[{"href":"https:\/\/archives.regards.fr\/index.php?rest_route=\/wp\/v2\/types\/post"}],"author":[{"embeddable":true,"href":"https:\/\/archives.regards.fr\/index.php?rest_route=\/wp\/v2\/users\/1"}],"replies":[{"embeddable":true,"href":"https:\/\/archives.regards.fr\/index.php?rest_route=%2Fwp%2Fv2%2Fcomments&post=5206"}],"version-history":[{"count":0,"href":"https:\/\/archives.regards.fr\/index.php?rest_route=\/wp\/v2\/posts\/5206\/revisions"}],"wp:featuredmedia":[{"embeddable":true,"href":"https:\/\/archives.regards.fr\/index.php?rest_route=\/wp\/v2\/media\/15841"}],"wp:attachment":[{"href":"https:\/\/archives.regards.fr\/index.php?rest_route=%2Fwp%2Fv2%2Fmedia&parent=5206"}],"wp:term":[{"taxonomy":"category","embeddable":true,"href":"https:\/\/archives.regards.fr\/index.php?rest_route=%2Fwp%2Fv2%2Fcategories&post=5206"},{"taxonomy":"post_tag","embeddable":true,"href":"https:\/\/archives.regards.fr\/index.php?rest_route=%2Fwp%2Fv2%2Ftags&post=5206"}],"curies":[{"name":"wp","href":"https:\/\/api.w.org\/{rel}","templated":true}]}}