{"id":5200,"date":"2012-01-19T08:00:00","date_gmt":"2012-01-19T07:00:00","guid":{"rendered":"https:\/\/wp.muchomaas.com\/les-loisirs-et-la-colere-le-peuple5200\/"},"modified":"2012-01-19T08:00:00","modified_gmt":"2012-01-19T07:00:00","slug":"les-loisirs-et-la-colere-le-peuple5200","status":"publish","type":"post","link":"https:\/\/archives.regards.fr\/?p=5200","title":{"rendered":"Les loisirs et la col\u00e8re&#8230; &#8220;Le peuple de Paris au XIXe si\u00e8cle&#8221;"},"content":{"rendered":"<p class=\"post_excerpt\">au Mus\u00e9e Carnavalet<\/p>\n<p><strong>La pr\u00e9carit\u00e9 du travail,<br \/>\nla stigmatisation du Gitan,<br \/>\nla peur des bandes<br \/>\nde jeunes, la r\u00e9pression<br \/>\nde la d\u00e9linquance<br \/>\njuv\u00e9nile, le sentiment<br \/>\nd\u2019ins\u00e9curit\u00e9 entretenu<br \/>\npar une presse avide de<br \/>\ncrimes\u2026<\/strong> Non, ce n\u2019est<br \/>\npas un flash d\u2019actualit\u00e9.<br \/>\nC\u2019est une dimension<br \/>\ntroublante abord\u00e9e dans<br \/>\nl\u2019exposition du mus\u00e9e<br \/>\nCarnavalet sur le peuple<br \/>\nde Paris au XIXe si\u00e8cle. La p\u00e9riode couverte court de la R\u00e9volution<br \/>\nfran\u00e7aise \u00e0 la Premi\u00e8re Guerre mondiale. Promenade nostalgique,<br \/>\nexploration sociologique, itin\u00e9raire politique : c\u2019est \u00e0 tout cela \u00e0 la<br \/>\nfois que cette expo nous convie, au fil de sentiers jalonn\u00e9s d\u2019une<br \/>\nriche iconographie.<\/p>\n<p>Ouvriers ou domestiques, vivant de petits m\u00e9tiers, le peuple parisien<br \/>\nest souvent caricatur\u00e9, \u00ab <em>entre id\u00e9alisation pittoresque et diabolisation<\/em><br \/>\n\u00bb. On d\u00e9couvre le quotidien de millions de provinciaux et d\u2019\u00e9trangers,<br \/>\nsouvent mis\u00e9reux, venus tenter leur chance dans la capitale.<br \/>\nDans un Paris encore m\u00e9di\u00e9val, bient\u00f4t transform\u00e9 par Haussmann,<br \/>\ndifficile de se loger d\u00e9cemment. Beaucoup s\u2019entassent, sans intimit\u00e9,<br \/>\ndans les quartiers v\u00e9tustes du centre de la ville. Les plus pauvres,<br \/>\ncomme les chiffonniers, survivent dans les taudis de la \u00ab zone \u00bb, l\u00e0<br \/>\no\u00f9 s\u2019\u00e9rigeaient les fameuses fortifs. La prostitution f\u00e9minine est r\u00e9pandue,<br \/>\npermanente ou occasionnelle. Un quart des Parisiens fr\u00f4le<br \/>\nl\u2019indigence et vient gager ses maigres biens au Mont-de-Pi\u00e9t\u00e9.<\/p>\n<p>Les loisirs restent simples : promenades, guinguettes, bals, musette\u2026<br \/>\nMais le bourgeois a raison de trembler, quand tentant<br \/>\nd\u2019\u00e9chapper \u00e0 sa condition d\u2019asservissement, le peuple se soul\u00e8ve \u00e0<br \/>\nplusieurs reprises au cours du si\u00e8cle, de la r\u00e9volution de juillet 1830<br \/>\njusqu\u2019\u00e0 la Commune en 1871. Le peuple de Paris sait s\u2019amuser,<br \/>\nmais aussi se mettre en col\u00e8re. <\/p>\n","protected":false},"excerpt":{"rendered":"<p>au Mus\u00e9e Carnavalet<\/p>\n","protected":false},"author":625,"featured_media":0,"comment_status":"open","ping_status":"open","sticky":false,"template":"","format":"standard","meta":{"_themeisle_gutenberg_block_has_review":false,"footnotes":""},"categories":[111],"tags":[393],"class_list":["post-5200","post","type-post","status-publish","format-standard","hentry","category-nos-selections","tag-expo"],"_links":{"self":[{"href":"https:\/\/archives.regards.fr\/index.php?rest_route=\/wp\/v2\/posts\/5200","targetHints":{"allow":["GET"]}}],"collection":[{"href":"https:\/\/archives.regards.fr\/index.php?rest_route=\/wp\/v2\/posts"}],"about":[{"href":"https:\/\/archives.regards.fr\/index.php?rest_route=\/wp\/v2\/types\/post"}],"author":[{"embeddable":true,"href":"https:\/\/archives.regards.fr\/index.php?rest_route=\/wp\/v2\/users\/625"}],"replies":[{"embeddable":true,"href":"https:\/\/archives.regards.fr\/index.php?rest_route=%2Fwp%2Fv2%2Fcomments&post=5200"}],"version-history":[{"count":0,"href":"https:\/\/archives.regards.fr\/index.php?rest_route=\/wp\/v2\/posts\/5200\/revisions"}],"wp:attachment":[{"href":"https:\/\/archives.regards.fr\/index.php?rest_route=%2Fwp%2Fv2%2Fmedia&parent=5200"}],"wp:term":[{"taxonomy":"category","embeddable":true,"href":"https:\/\/archives.regards.fr\/index.php?rest_route=%2Fwp%2Fv2%2Fcategories&post=5200"},{"taxonomy":"post_tag","embeddable":true,"href":"https:\/\/archives.regards.fr\/index.php?rest_route=%2Fwp%2Fv2%2Ftags&post=5200"}],"curies":[{"name":"wp","href":"https:\/\/api.w.org\/{rel}","templated":true}]}}