{"id":5199,"date":"2012-01-21T08:00:00","date_gmt":"2012-01-21T07:00:00","guid":{"rendered":"https:\/\/wp.muchomaas.com\/l-homme-impersonnel5199\/"},"modified":"2012-01-21T08:00:00","modified_gmt":"2012-01-21T07:00:00","slug":"l-homme-impersonnel5199","status":"publish","type":"post","link":"https:\/\/archives.regards.fr\/?p=5199","title":{"rendered":"L\u2019homme impersonnel"},"content":{"rendered":"<p class=\"post_excerpt\">Marie Cosnay<\/p>\n<p><strong>\u00ab <em>Des ex\u00e9cutants \u00e9miett\u00e9s, sans<br \/>\npens\u00e9e propre, sans imagination<\/em>.<br \/>\n\u00bb<\/strong> L\u2019\u00e9crivain Marie Cosnay<br \/>\nchronique le passage devant le<br \/>\njuge des Libert\u00e9s de sans-papiers<br \/>\narr\u00eat\u00e9s \u00e0 la fronti\u00e8re franco-<br \/>\nespagnole. Elle s\u2019est particuli\u00e8rement<br \/>\nattach\u00e9e \u00e0 la question<br \/>\ndes responsabilit\u00e9s, \u00e0 partir de<br \/>\ntextes fondateurs allant de Platon<br \/>\n\u00e0 Ovide. Face \u00e0 ce th\u00e9\u00e2tre<br \/>\njudiciaire qui r\u00e9duit l\u2019homme \u00e0 ce<br \/>\nqu\u2019il a de plus technique, de plus<br \/>\nimpersonnel, Marie Cosnay reste<br \/>\npersuad\u00e9e que chacun cr\u00e9e un<br \/>\nespace de repr\u00e9sentation, qui<br \/>\npeut faire ou fera, m\u00eame de mani\u00e8re<br \/>\ninfime, bouger le r\u00e9el.<\/p>\n","protected":false},"excerpt":{"rendered":"<p>Marie Cosnay<\/p>\n","protected":false},"author":1,"featured_media":15832,"comment_status":"open","ping_status":"open","sticky":false,"template":"","format":"standard","meta":{"_themeisle_gutenberg_block_has_review":false,"footnotes":""},"categories":[111],"tags":[392],"class_list":["post-5199","post","type-post","status-publish","format-standard","has-post-thumbnail","hentry","category-nos-selections","tag-essai"],"_links":{"self":[{"href":"https:\/\/archives.regards.fr\/index.php?rest_route=\/wp\/v2\/posts\/5199","targetHints":{"allow":["GET"]}}],"collection":[{"href":"https:\/\/archives.regards.fr\/index.php?rest_route=\/wp\/v2\/posts"}],"about":[{"href":"https:\/\/archives.regards.fr\/index.php?rest_route=\/wp\/v2\/types\/post"}],"author":[{"embeddable":true,"href":"https:\/\/archives.regards.fr\/index.php?rest_route=\/wp\/v2\/users\/1"}],"replies":[{"embeddable":true,"href":"https:\/\/archives.regards.fr\/index.php?rest_route=%2Fwp%2Fv2%2Fcomments&post=5199"}],"version-history":[{"count":0,"href":"https:\/\/archives.regards.fr\/index.php?rest_route=\/wp\/v2\/posts\/5199\/revisions"}],"wp:featuredmedia":[{"embeddable":true,"href":"https:\/\/archives.regards.fr\/index.php?rest_route=\/wp\/v2\/media\/15832"}],"wp:attachment":[{"href":"https:\/\/archives.regards.fr\/index.php?rest_route=%2Fwp%2Fv2%2Fmedia&parent=5199"}],"wp:term":[{"taxonomy":"category","embeddable":true,"href":"https:\/\/archives.regards.fr\/index.php?rest_route=%2Fwp%2Fv2%2Fcategories&post=5199"},{"taxonomy":"post_tag","embeddable":true,"href":"https:\/\/archives.regards.fr\/index.php?rest_route=%2Fwp%2Fv2%2Ftags&post=5199"}],"curies":[{"name":"wp","href":"https:\/\/api.w.org\/{rel}","templated":true}]}}