{"id":5197,"date":"2012-01-13T11:00:00","date_gmt":"2012-01-13T10:00:00","guid":{"rendered":"https:\/\/wp.muchomaas.com\/le-non-des-non-blancs5197\/"},"modified":"2012-01-13T11:00:00","modified_gmt":"2012-01-13T10:00:00","slug":"le-non-des-non-blancs5197","status":"publish","type":"post","link":"https:\/\/archives.regards.fr\/?p=5197","title":{"rendered":"Le \u00ab non \u00bb des non-Blancs"},"content":{"rendered":"<p class=\"post_excerpt\">Rafik Chekkat,<br \/>\nEmmanuel Delgado Hoch (dir.)<\/p>\n<p><strong>Voici un ouvrage collectif qui<br \/>\nrassemble douze textes sur la<br \/>\ndomination raciale en France<br \/>\net les mobilisations des descendants<br \/>\nde l\u2019immigration coloniale<br \/>\n: r\u00e9voltes de 2005, Mamans<br \/>\ntoutes \u00e9gales, rap et police\u2026<\/strong><br \/>\nCette histoire se d\u00e9roule dans<br \/>\nles quartiers populaires. Le point<br \/>\nde d\u00e9part de toutes ces analyses<br \/>\n? \u00ab <em>Le racisme et son d\u00e9ni<br \/>\nfa\u00e7onnent la soci\u00e9t\u00e9 fran\u00e7aise<\/em> \u00bb.<br \/>\nCela se corse lorsque les auteurs<br \/>\nen tirent des implications politiques<br \/>\n: la lutte des non-Blancs,<br \/>\npour exister, doit s\u2019autonomiser,<br \/>\nvoire neutraliser les Blancs.<\/p>\n","protected":false},"excerpt":{"rendered":"<p>Rafik Chekkat,<br \/>\nEmmanuel Delgado Hoch (dir.)<\/p>\n","protected":false},"author":1,"featured_media":15830,"comment_status":"open","ping_status":"open","sticky":false,"template":"","format":"standard","meta":{"_themeisle_gutenberg_block_has_review":false,"footnotes":""},"categories":[111],"tags":[392],"class_list":["post-5197","post","type-post","status-publish","format-standard","has-post-thumbnail","hentry","category-nos-selections","tag-essai"],"_links":{"self":[{"href":"https:\/\/archives.regards.fr\/index.php?rest_route=\/wp\/v2\/posts\/5197","targetHints":{"allow":["GET"]}}],"collection":[{"href":"https:\/\/archives.regards.fr\/index.php?rest_route=\/wp\/v2\/posts"}],"about":[{"href":"https:\/\/archives.regards.fr\/index.php?rest_route=\/wp\/v2\/types\/post"}],"author":[{"embeddable":true,"href":"https:\/\/archives.regards.fr\/index.php?rest_route=\/wp\/v2\/users\/1"}],"replies":[{"embeddable":true,"href":"https:\/\/archives.regards.fr\/index.php?rest_route=%2Fwp%2Fv2%2Fcomments&post=5197"}],"version-history":[{"count":0,"href":"https:\/\/archives.regards.fr\/index.php?rest_route=\/wp\/v2\/posts\/5197\/revisions"}],"wp:featuredmedia":[{"embeddable":true,"href":"https:\/\/archives.regards.fr\/index.php?rest_route=\/wp\/v2\/media\/15830"}],"wp:attachment":[{"href":"https:\/\/archives.regards.fr\/index.php?rest_route=%2Fwp%2Fv2%2Fmedia&parent=5197"}],"wp:term":[{"taxonomy":"category","embeddable":true,"href":"https:\/\/archives.regards.fr\/index.php?rest_route=%2Fwp%2Fv2%2Fcategories&post=5197"},{"taxonomy":"post_tag","embeddable":true,"href":"https:\/\/archives.regards.fr\/index.php?rest_route=%2Fwp%2Fv2%2Ftags&post=5197"}],"curies":[{"name":"wp","href":"https:\/\/api.w.org\/{rel}","templated":true}]}}