{"id":5196,"date":"2012-01-05T09:00:00","date_gmt":"2012-01-05T08:00:00","guid":{"rendered":"https:\/\/wp.muchomaas.com\/fassin-is-bac5196\/"},"modified":"2012-01-05T09:00:00","modified_gmt":"2012-01-05T08:00:00","slug":"fassin-is-bac5196","status":"publish","type":"post","link":"https:\/\/archives.regards.fr\/?p=5196","title":{"rendered":"Fassin is bac"},"content":{"rendered":"<p class=\"post_excerpt\">Didier Fassin<\/p>\n<p><strong>Claude Gu\u00e9ant a d\u00e9test\u00e9 ce<br \/>\nlivre du sociologue Didier Fassin<br \/>\n\u00ab <em>qui se targue d\u2019\u00eatre un chercheur<\/em><br \/>\n\u00bb, a comment\u00e9 le ministre.<\/strong><br \/>\nVoil\u00e0 peut-\u00eatre une premi\u00e8re<br \/>\nraison d\u2019ouvrir cette enqu\u00eate<br \/>\nsaisissante et unique par son<br \/>\nampleur. Le chercheur a partag\u00e9<br \/>\nle quotidien d\u2019une brigade anti<br \/>\ncriminalit\u00e9 pendant deux ans. La<br \/>\nconclusion est inattendue mais<br \/>\ncentrale pour comprendre les<br \/>\ndysfonctionnements de la BAC :<br \/>\nles flics s\u2019ennuient ferme, ce qui<br \/>\nexpliquerait une inclination certaine<br \/>\npour le harc\u00e8lement d\u2019une<br \/>\npartie de la population. Enfin, si<br \/>\nla vie de ces policiers n\u2019a pas l\u2019air<br \/>\ndr\u00f4le tous les jours, la narration<br \/>\nde leur quotidien se r\u00e9v\u00e8le en<br \/>\nrevanche tout \u00e0 fait palpitante.<\/p>\n","protected":false},"excerpt":{"rendered":"<p>Didier Fassin<\/p>\n","protected":false},"author":569,"featured_media":15829,"comment_status":"open","ping_status":"open","sticky":false,"template":"","format":"standard","meta":{"_themeisle_gutenberg_block_has_review":false,"footnotes":""},"categories":[111],"tags":[392],"class_list":["post-5196","post","type-post","status-publish","format-standard","has-post-thumbnail","hentry","category-nos-selections","tag-essai"],"_links":{"self":[{"href":"https:\/\/archives.regards.fr\/index.php?rest_route=\/wp\/v2\/posts\/5196","targetHints":{"allow":["GET"]}}],"collection":[{"href":"https:\/\/archives.regards.fr\/index.php?rest_route=\/wp\/v2\/posts"}],"about":[{"href":"https:\/\/archives.regards.fr\/index.php?rest_route=\/wp\/v2\/types\/post"}],"author":[{"embeddable":true,"href":"https:\/\/archives.regards.fr\/index.php?rest_route=\/wp\/v2\/users\/569"}],"replies":[{"embeddable":true,"href":"https:\/\/archives.regards.fr\/index.php?rest_route=%2Fwp%2Fv2%2Fcomments&post=5196"}],"version-history":[{"count":0,"href":"https:\/\/archives.regards.fr\/index.php?rest_route=\/wp\/v2\/posts\/5196\/revisions"}],"wp:featuredmedia":[{"embeddable":true,"href":"https:\/\/archives.regards.fr\/index.php?rest_route=\/wp\/v2\/media\/15829"}],"wp:attachment":[{"href":"https:\/\/archives.regards.fr\/index.php?rest_route=%2Fwp%2Fv2%2Fmedia&parent=5196"}],"wp:term":[{"taxonomy":"category","embeddable":true,"href":"https:\/\/archives.regards.fr\/index.php?rest_route=%2Fwp%2Fv2%2Fcategories&post=5196"},{"taxonomy":"post_tag","embeddable":true,"href":"https:\/\/archives.regards.fr\/index.php?rest_route=%2Fwp%2Fv2%2Ftags&post=5196"}],"curies":[{"name":"wp","href":"https:\/\/api.w.org\/{rel}","templated":true}]}}