{"id":5193,"date":"2012-01-23T08:00:00","date_gmt":"2012-01-23T07:00:00","guid":{"rendered":"https:\/\/wp.muchomaas.com\/les-usages-de-l-assimilation5193\/"},"modified":"2012-01-23T08:00:00","modified_gmt":"2012-01-23T07:00:00","slug":"les-usages-de-l-assimilation5193","status":"publish","type":"post","link":"https:\/\/archives.regards.fr\/?p=5193","title":{"rendered":"Les usages de l\u2019assimilation"},"content":{"rendered":"<p class=\"post_excerpt\">Abdellali Hajjat<\/p>\n<p><strong>\u00ab <em>Toute la question est de savoir<br \/>\nsi un groupe national et \u00e9tatis\u00e9<br \/>\npourra un jour se passer de cette<br \/>\ncroyance en l\u2019homog\u00e9n\u00e9it\u00e9 nationale<br \/>\net maintenir une certaine<br \/>\ncoh\u00e9sion sans avoir recours \u00e0<br \/>\ndes consid\u00e9rations \u201craciales\u201d<br \/>\nou \u201cculturelles\u201d<\/em> \u00bb<\/strong>. Ainsi s\u2019ach\u00e8ve<br \/>\nl\u2019enqu\u00eate passionnante d\u2019Abdellali<br \/>\nHajjat qui interroge l\u2019invention<br \/>\nde la cat\u00e9gorie d\u2019\u00ab assimilation \u00bb<br \/>\net ces usages administratifs. De<br \/>\nl\u2019importance du r\u00f4le des agents<br \/>\nsubalternes au profil du naturalisable,<br \/>\ncette socio-histoire analyse<br \/>\nles processus de naturalisation<br \/>\nen France depuis les ann\u00e9es<br \/>\n1920. Un livre indispensable.<\/p>\n","protected":false},"excerpt":{"rendered":"<p>Abdellali Hajjat<\/p>\n","protected":false},"author":573,"featured_media":15826,"comment_status":"open","ping_status":"open","sticky":false,"template":"","format":"standard","meta":{"_themeisle_gutenberg_block_has_review":false,"footnotes":""},"categories":[111],"tags":[392],"class_list":["post-5193","post","type-post","status-publish","format-standard","has-post-thumbnail","hentry","category-nos-selections","tag-essai"],"_links":{"self":[{"href":"https:\/\/archives.regards.fr\/index.php?rest_route=\/wp\/v2\/posts\/5193","targetHints":{"allow":["GET"]}}],"collection":[{"href":"https:\/\/archives.regards.fr\/index.php?rest_route=\/wp\/v2\/posts"}],"about":[{"href":"https:\/\/archives.regards.fr\/index.php?rest_route=\/wp\/v2\/types\/post"}],"author":[{"embeddable":true,"href":"https:\/\/archives.regards.fr\/index.php?rest_route=\/wp\/v2\/users\/573"}],"replies":[{"embeddable":true,"href":"https:\/\/archives.regards.fr\/index.php?rest_route=%2Fwp%2Fv2%2Fcomments&post=5193"}],"version-history":[{"count":0,"href":"https:\/\/archives.regards.fr\/index.php?rest_route=\/wp\/v2\/posts\/5193\/revisions"}],"wp:featuredmedia":[{"embeddable":true,"href":"https:\/\/archives.regards.fr\/index.php?rest_route=\/wp\/v2\/media\/15826"}],"wp:attachment":[{"href":"https:\/\/archives.regards.fr\/index.php?rest_route=%2Fwp%2Fv2%2Fmedia&parent=5193"}],"wp:term":[{"taxonomy":"category","embeddable":true,"href":"https:\/\/archives.regards.fr\/index.php?rest_route=%2Fwp%2Fv2%2Fcategories&post=5193"},{"taxonomy":"post_tag","embeddable":true,"href":"https:\/\/archives.regards.fr\/index.php?rest_route=%2Fwp%2Fv2%2Ftags&post=5193"}],"curies":[{"name":"wp","href":"https:\/\/api.w.org\/{rel}","templated":true}]}}