{"id":5192,"date":"2012-01-08T15:49:45","date_gmt":"2012-01-08T14:49:45","guid":{"rendered":"https:\/\/wp.muchomaas.com\/deux-regards-sur-un-monument5192\/"},"modified":"2012-01-08T15:49:45","modified_gmt":"2012-01-08T14:49:45","slug":"deux-regards-sur-un-monument5192","status":"publish","type":"post","link":"https:\/\/archives.regards.fr\/?p=5192","title":{"rendered":"Deux regards sur un monument"},"content":{"rendered":"<p class=\"post_excerpt\">Louis Marin,<br \/>\nPaul Veyne<\/p>\n<p><strong>La colonne Trajane, monument<br \/>\n\u00e9rig\u00e9 \u00e0 Rome, est au coeur de<br \/>\ndeux \u00e9tudes dont la pr\u00e9sente<br \/>\nconfrontation ouvre des pistes<br \/>\nint\u00e9ressantes pour l\u2019histoire de<br \/>\nl\u2019art<\/strong>. Outre une analyse int\u00e9ressante<br \/>\nde la notion de propagande,<br \/>\non retiendra l\u2019acuit\u00e9 critique<br \/>\nde Paul Veyne qui red\u00e9finit<br \/>\nl\u2019art comme \u00ab conduite \u00bb : les<br \/>\noeuvres ne sont pas des reflets<br \/>\nde la soci\u00e9t\u00e9. D\u2019un esprit tr\u00e8s<br \/>\ndiff\u00e9rent, le texte de Louis Marin<br \/>\ntire des fils signifiants du relief<br \/>\nantique \u00e0 la peinture d\u2019histoire.<\/p>\n","protected":false},"excerpt":{"rendered":"<p>Louis Marin,<br \/>\nPaul Veyne<\/p>\n","protected":false},"author":573,"featured_media":15825,"comment_status":"open","ping_status":"open","sticky":false,"template":"","format":"standard","meta":{"_themeisle_gutenberg_block_has_review":false,"footnotes":""},"categories":[111],"tags":[392],"class_list":["post-5192","post","type-post","status-publish","format-standard","has-post-thumbnail","hentry","category-nos-selections","tag-essai"],"_links":{"self":[{"href":"https:\/\/archives.regards.fr\/index.php?rest_route=\/wp\/v2\/posts\/5192","targetHints":{"allow":["GET"]}}],"collection":[{"href":"https:\/\/archives.regards.fr\/index.php?rest_route=\/wp\/v2\/posts"}],"about":[{"href":"https:\/\/archives.regards.fr\/index.php?rest_route=\/wp\/v2\/types\/post"}],"author":[{"embeddable":true,"href":"https:\/\/archives.regards.fr\/index.php?rest_route=\/wp\/v2\/users\/573"}],"replies":[{"embeddable":true,"href":"https:\/\/archives.regards.fr\/index.php?rest_route=%2Fwp%2Fv2%2Fcomments&post=5192"}],"version-history":[{"count":0,"href":"https:\/\/archives.regards.fr\/index.php?rest_route=\/wp\/v2\/posts\/5192\/revisions"}],"wp:featuredmedia":[{"embeddable":true,"href":"https:\/\/archives.regards.fr\/index.php?rest_route=\/wp\/v2\/media\/15825"}],"wp:attachment":[{"href":"https:\/\/archives.regards.fr\/index.php?rest_route=%2Fwp%2Fv2%2Fmedia&parent=5192"}],"wp:term":[{"taxonomy":"category","embeddable":true,"href":"https:\/\/archives.regards.fr\/index.php?rest_route=%2Fwp%2Fv2%2Fcategories&post=5192"},{"taxonomy":"post_tag","embeddable":true,"href":"https:\/\/archives.regards.fr\/index.php?rest_route=%2Fwp%2Fv2%2Ftags&post=5192"}],"curies":[{"name":"wp","href":"https:\/\/api.w.org\/{rel}","templated":true}]}}