{"id":5188,"date":"2012-01-08T15:48:38","date_gmt":"2012-01-08T14:48:38","guid":{"rendered":"https:\/\/wp.muchomaas.com\/atlantico-la-droite-complexee5188\/"},"modified":"2023-06-23T23:10:25","modified_gmt":"2023-06-23T21:10:25","slug":"atlantico-la-droite-complexee5188","status":"publish","type":"post","link":"https:\/\/archives.regards.fr\/?p=5188","title":{"rendered":"Atlantico, la droite complex\u00e9e"},"content":{"rendered":"<p class=\"post_excerpt\">\u00c0 droite, Atlantico? Un an apr\u00e8s sa naissance, le site lib\u00e9ral a la<br \/>\ncoquetterie de ne pas franchement assumer son positionnement<br \/>\npolitique. Nous l\u2019avons parcouru pour vous.<\/p>\n<p>La conf\u00e9rence de presse donn\u00e9e<br \/>\npar Atlantico il y a un an<br \/>\npour son lancement r\u00e9v\u00e9lait une<br \/>\nambivalence encore \u00e0 l\u2019\u0153uvre<br \/>\naujourd\u2019hui. Interrog\u00e9 sur sa ligne<br \/>\npolitique, le directeur de publication Jean-S\u00e9bastien<br \/>\nFerjou fera son possible pour ne pas r\u00e9pondre<br \/>\n\u00e0 la question. Un <em>pure player<\/em> de droite,<br \/>\nconcurrent de M\u00e9diapart et Rue89 ? \u00ab <em>Disons<br \/>\nque les mots capitalisme et lib\u00e9ralisme ne<br \/>\nnous font pas peur<\/em> \u00bb, \u00e9lude-t-il. Mais de l\u00e0 \u00e0<br \/>\ndire qu\u2019Atlantico est de droite, pas question.<br \/>\nCe n\u2019est pourtant pas un gros mot. Pourquoi<br \/>\nune telle r\u00e9ticence ? \u00c0 leur d\u00e9charge, se revendiquer<br \/>\ncapitaliste en pleine crise, c\u2019est un peu<br \/>\ncomme si un diab\u00e9tique ob\u00e8se ne jurait que par<br \/>\nMac Do.<\/p>\n<p>Parmi les gros actionnaires, on trouve Xavier<br \/>\nNiel (Free), Marc Simoncini (fondateur de<br \/>\nMeetic) et Charles Beigbeder, entrepreneur<br \/>\net secr\u00e9taire national de l\u2019UMP, charg\u00e9 de la<br \/>\n\u00ab p\u00e9dagogie de la r\u00e9forme \u00bb et candidat \u00e0 la<br \/>\npr\u00e9sidence du Medef en 2005. On trouve \u00e9galement<br \/>\nArnaud Dassier, qui a travaill\u00e9 aux campagnes<br \/>\npr\u00e9sidentielles de Jacques Chirac en<br \/>\n2002 puis de Nicolas Sarkozy en 2007.<\/p>\n<p>Si les contributeurs les plus assidus sont des lib\u00e9raux<br \/>\net des conservateurs pur sucre, on trouve<br \/>\n\u00e9galement des signatures plus surprenantes :<br \/>\nChristian Rol, ex-militant du GUD, auteur d\u2019un<br \/>\nbouquin co\u00e9crit avec Maxime Brunerie, le militant<br \/>\nd\u2019extr\u00eame droite qui a tent\u00e9 d\u2019assassiner<br \/>\nJacques Chirac. Mais aussi G\u00e9rard de Villiers<br \/>\nl\u2019auteur de romans de gare qui voyait, dans une<br \/>\ninterview donn\u00e9e \u00e0 <em>Minute<\/em>, \u00ab <em>de tr\u00e8s bonnes<br \/>\nchoses<\/em> \u00bb dans le FN. Mais pas de conclusion<br \/>\nh\u00e2tive. Atlantico brouille totalement les pistes.<br \/>\nOn trouve dans la liste des contributeurs (tr\u00e8s)<br \/>\nintermittents le communiste Patrice Bessac, les<br \/>\nsociologues Alain Bertho et Monique Pin\u00e7on<br \/>\nCharlot (un seul article publi\u00e9)\u2026 Qu\u2019importe,<br \/>\nJean-S\u00e9bastien Ferjou se dit victime des \u00ab<em> journaux-<br \/>\nbien-pensants-conformistes-et-bobos<\/em> \u00bb [[influence.fr]]<br \/>\nqui livrent une d\u00e9finition r\u00e9ductrice du site. Et<br \/>\ncomme <em>Regards<\/em> n\u2019a pas envie de rejoindre<br \/>\ncette cohorte mal-pensante, on s\u2019est appliqu\u00e9<br \/>\n\u00e0 lire <em>Atlantico<\/em>.<\/p>\n<p>Pour d\u00e9marrer on a choisi de taper dans un<br \/>\narticle r\u00e9cent intitul\u00e9 : \u00ab <em>La jeunesse est lib\u00e9rale<br \/>\nsans le savoir.<\/em> \u00bb C\u2019est parce qu\u2019ils sont lib\u00e9raux,<br \/>\nces jeunes, que le Printemps arabe a eu lieu,<br \/>\nraconte le papier. Avant d\u2019en arriver \u00e0 la marotte<br \/>\nd\u2019Atlantico, cette fiscalit\u00e9 qui \u00e9touffe la libert\u00e9.<br \/>\n\u00ab <em>Quand on entre dans la vie active, il est difficilement<br \/>\nsupportable de voir la somme des<br \/>\ntaxes et imp\u00f4ts confisquer plus de la moiti\u00e9 de<br \/>\nson pouvoir d\u2019achat<\/em>. \u00bb Une pens\u00e9e pour tous les<br \/>\npr\u00e9caires qui aimeraient bien \u00eatre imposables.<br \/>\nSuivent les \u00ab <em>fonctionnaires qui devraient \u00eatre<br \/>\nmoins nombreux<\/em> \u00bb, l\u2019\u00e9cole qui devrait s\u2019ouvrir<br \/>\n\u00e0 l\u2019entreprise, la r\u00e9duction du co\u00fbt du travail\u2026<br \/>\nSur les imp\u00f4ts, pl\u00e9thore d\u2019articles. Leurs titres :<br \/>\n\u00ab L\u2019imp\u00f4t sur le revenu sert-il \u00e0 quelque chose ? \u00bb,<br \/>\n\u00ab Comp\u00e9titivit\u00e9 : baissons les imp\u00f4ts \u00bb, \u00ab Ma\u00eetriser<br \/>\nles d\u00e9penses publiques : attention \u00e0 la<br \/>\nhausse d\u2019imp\u00f4ts \u00bb, \u00ab Plus d\u2019imp\u00f4ts, c\u2019est moins<br \/>\nde croissance \u00bb. Indign\u00e9s, mobilis\u00e9s, syndiqu\u00e9s<br \/>\nde tout poil\u2026 planquez-vous, Atlantico ne vous<br \/>\nfait pas de cadeau. Tandis qu\u2019un article titre,<br \/>\n\u00ab Vaclav Havel n\u2019\u00e9tait pas un indign\u00e9, car lui prenait<br \/>\nle risque d\u2019agir \u00bb, un autre cogne sur la figure<br \/>\ndu manifestant : \u00ab <em>Les Indign\u00e9s ne renversent<br \/>\nrien, sauf quelques poubelles. Les Indign\u00e9s<br \/>\ns\u2019assoient sur les marches de l\u2019Op\u00e9ra Bastille et<br \/>\ncrient qu\u2019ils ont pris la Bastille<\/em> \u00bb. Les r\u00e9volt\u00e9s des<br \/>\npays arabes ? \u00ab <em>Ils ont renvers\u00e9 quelques dictateurs<br \/>\n: formidable ! Il y avait parmi [ces r\u00e9volt\u00e9s]<br \/>\nquelques d\u00e9mocrates mais beaucoup de fondamentalistes<br \/>\nmusulmans. Ah bon ? Ne g\u00e2chons<br \/>\npas la f\u00eate avec ce genre de d\u00e9tail<\/em> \u00bb, ironise l\u2019auteur.<br \/>\nAllez on vous laisse, on a un papier sur les<br \/>\nprofiteurs des aides sociales \u00e0 terminer.<div id='gallery-1' class='gallery galleryid-5188 gallery-columns-3 gallery-size-thumbnail'><figure class='gallery-item'>\n\t\t\t<div class='gallery-icon landscape'>\n\t\t\t\t<a href='https:\/\/archives.regards.fr\/wp-content\/uploads\/2012\/01\/atlb-f2d.jpg'><img loading=\"lazy\" decoding=\"async\" width=\"150\" height=\"122\" src=\"https:\/\/archives.regards.fr\/wp-content\/uploads\/2012\/01\/atlb-f2d-150x122.jpg\" class=\"attachment-thumbnail size-thumbnail\" alt=\"Atlantico, la droite complex\u00e9e\" aria-describedby=\"gallery-1-15819\" \/><\/a>\n\t\t\t<\/div>\n\t\t\t\t<figcaption class='wp-caption-text gallery-caption' id='gallery-1-15819'>\n\t\t\t\tAtlantico, la droite complex\u00e9e\n\t\t\t\t<\/figcaption><\/figure><figure class='gallery-item'>\n\t\t\t<div class='gallery-icon landscape'>\n\t\t\t\t<a href='https:\/\/archives.regards.fr\/wp-content\/uploads\/2012\/01\/atlc-cfb.jpg'><img loading=\"lazy\" decoding=\"async\" width=\"80\" height=\"55\" src=\"https:\/\/archives.regards.fr\/wp-content\/uploads\/2012\/01\/atlc-cfb.jpg\" class=\"attachment-thumbnail size-thumbnail\" alt=\"Atlantico, la droite complex\u00e9e\" aria-describedby=\"gallery-1-15820\" \/><\/a>\n\t\t\t<\/div>\n\t\t\t\t<figcaption class='wp-caption-text gallery-caption' id='gallery-1-15820'>\n\t\t\t\tAtlantico, la droite complex\u00e9e\n\t\t\t\t<\/figcaption><\/figure>\n\t\t<\/div>\n<\/p>\n","protected":false},"excerpt":{"rendered":"<p>\u00c0 droite, Atlantico? Un an apr\u00e8s sa naissance, le site lib\u00e9ral a la<br \/>\ncoquetterie de ne pas franchement assumer son positionnement<br \/>\npolitique. Nous l\u2019avons parcouru pour vous.<\/p>\n","protected":false},"author":569,"featured_media":15819,"comment_status":"open","ping_status":"open","sticky":false,"template":"","format":"standard","meta":{"_themeisle_gutenberg_block_has_review":false,"footnotes":""},"categories":[141],"tags":[400],"class_list":["post-5188","post","type-post","status-publish","format-standard","has-post-thumbnail","hentry","category-archives-web","tag-internet"],"_links":{"self":[{"href":"https:\/\/archives.regards.fr\/index.php?rest_route=\/wp\/v2\/posts\/5188","targetHints":{"allow":["GET"]}}],"collection":[{"href":"https:\/\/archives.regards.fr\/index.php?rest_route=\/wp\/v2\/posts"}],"about":[{"href":"https:\/\/archives.regards.fr\/index.php?rest_route=\/wp\/v2\/types\/post"}],"author":[{"embeddable":true,"href":"https:\/\/archives.regards.fr\/index.php?rest_route=\/wp\/v2\/users\/569"}],"replies":[{"embeddable":true,"href":"https:\/\/archives.regards.fr\/index.php?rest_route=%2Fwp%2Fv2%2Fcomments&post=5188"}],"version-history":[{"count":0,"href":"https:\/\/archives.regards.fr\/index.php?rest_route=\/wp\/v2\/posts\/5188\/revisions"}],"wp:featuredmedia":[{"embeddable":true,"href":"https:\/\/archives.regards.fr\/index.php?rest_route=\/wp\/v2\/media\/15819"}],"wp:attachment":[{"href":"https:\/\/archives.regards.fr\/index.php?rest_route=%2Fwp%2Fv2%2Fmedia&parent=5188"}],"wp:term":[{"taxonomy":"category","embeddable":true,"href":"https:\/\/archives.regards.fr\/index.php?rest_route=%2Fwp%2Fv2%2Fcategories&post=5188"},{"taxonomy":"post_tag","embeddable":true,"href":"https:\/\/archives.regards.fr\/index.php?rest_route=%2Fwp%2Fv2%2Ftags&post=5188"}],"curies":[{"name":"wp","href":"https:\/\/api.w.org\/{rel}","templated":true}]}}