{"id":5181,"date":"2012-01-02T16:11:20","date_gmt":"2012-01-02T15:11:20","guid":{"rendered":"https:\/\/wp.muchomaas.com\/au-sommaire-du-numero-17-janvier5181\/"},"modified":"2023-06-24T17:46:09","modified_gmt":"2023-06-24T15:46:09","slug":"au-sommaire-du-numero-17-janvier5181","status":"publish","type":"post","link":"https:\/\/archives.regards.fr\/?p=5181","title":{"rendered":"Au sommaire du num\u00e9ro 17 &#8211; janvier 2012"},"content":{"rendered":"<p><strong>Janvier, c&#8217;est le mois des v\u0153ux<\/strong>. <a href=\"https:\/\/wp.muchomaas.com\/politique\/2012-dix-voeux-100-anti-austerite\">Ceux de <em>Regards<\/em> sont 100% anti-aust\u00e9rit\u00e9<\/a>.<\/p>\n<p>Dans <strong>le Bloc-Notes<\/strong> ce mois-ci, on parle du <a href=\"https:\/\/wp.muchomaas.com\/societe\/grande-bretagne-non-a-la-penalite\">lien entre ch\u00f4mage et maternit\u00e9<\/a>, de <a href=\"https:\/\/wp.muchomaas.com\/economie\/pas-d-austerite-pour-les-patrons\">la hausse des salaires des patrons europ\u00e9ens en temps de  crise<\/a>, des <a href=\"https:\/\/wp.muchomaas.com\/monde\/guantanamo-dix-ans-et-toutes-ses\">10 ans de Guantanamo<\/a> vus par Amnesty International, <a href=\"https:\/\/wp.muchomaas.com\/monde\/monde-arabe-les-beltway-bandits-a\">des firmes am\u00e9ricaines d&#8217;aide au d\u00e9veloppement qui sautent sur le monde arabe<\/a>, du <a href=\"https:\/\/wp.muchomaas.com\/societe\/ballon-nauseabond\">ballon rond qui d\u00e9rape raciste<\/a> et on vous r\u00e9v\u00e8le <a href=\"https:\/\/wp.muchomaas.com\/societe\/partage-des-richesses-societes-du\">la cl\u00e9 du bonheur: le partage des richesses<\/a>.<\/p>\n<p><a href=\"https:\/\/wp.muchomaas.com\/societe\/atlantico-la-droite-complexee\"><strong>Atlantico<\/strong> , c&#8217;est pas un site d&#8217;info de droite mais presque<\/a>. Bon, allez, d&#8217;accord, on l&#8217;avoue pour eux, c&#8217;est un site d&#8217;info de droite. <strong>D\u00e9cryptage m\u00e9dias<\/strong>.<\/p>\n<p><strong>En 2016, l&#8217;Euro de football aura lieu en France<\/strong>. Malgr\u00e9 cette perspective all\u00e9chante, la ville de Nancy s&#8217;est refus\u00e9e \u00e0 financer la r\u00e9novation du stade local. <a href=\"https:\/\/wp.muchomaas.com\/societe\/l-argent-public-au-service-des\">Est-ce aux collectivit\u00e9s de payer la construction de stades utilis\u00e9s par les clubs professionnels?<\/a> <strong>Jean-Fran\u00e7ois Bourg<\/strong>, chercheur au Centre de Droit et d\u2019\u00c9conomie du Sport, et <strong>Jean Vuillermoz<\/strong>, adjoint PCF au maire de Paris, en charge du sport en d\u00e9battent dans <strong>la Controverse du mois<\/strong>.<\/p>\n<p><strong>Le dossier du mois est consacr\u00e9 au peuple<\/strong>. Depuis un an, printemps arabe et mouvements des indign\u00e9s aidant, il reprend des couleurs politique et m\u00e9diatique. <strong>La conqu\u00eate des suffrages des classes populaires<\/strong> reste <a href=\"https:\/\/wp.muchomaas.com\/politique\/le-graal-des-politiques\">le graal de toutes les formations politiques<\/a>. L&#8217;historien des id\u00e9es <strong>Fran\u00e7ois Cusset<\/strong> d\u00e9crit et analyse l&#8217;\u00e9mergence d&#8217;un \u00ab peuple mondial \u00bb.<a href=\"https:\/\/wp.muchomaas.com\/politique\/les-voix-des-quartiers\"><strong> Dans les quartiers populaires, le d\u00e9sir de politique est l\u00e0<\/strong><\/a>, pr\u00e9gnant, comme en t\u00e9moignent de r\u00e9centes initiatives. <a href=\"https:\/\/wp.muchomaas.com\/politique\/nous-voulons-un-mouvement-des\"><strong>Salah Amokrane<\/strong>, ex-t\u00eate de proue des Motiv\u00e9-e-s toulousains<\/a>, <strong>parle d&#8217;organisation et d&#8217;urgence<\/strong>. \u00ab Il ne suffit pas de dire aux cat\u00e9gories populaires qu\u2019on les aime pour qu\u2019elles se sentent mobilis\u00e9es \u00bb, <a href=\"https:\/\/wp.muchomaas.com\/politique\/peuple-en-berne-politique-en-panne\">pr\u00e9vient de son c\u00f4t\u00e9 <strong>Roger Martelli<\/strong><\/a>. <strong>C&#8217;est quoi pour vous le peuple?<\/strong> Quelques quidams ont r\u00e9pondu \u00e0 la question que nous leur avons pos\u00e9 sur le parvis de la D\u00e9fense. Quelques clich\u00e9s en exergue et <a href=\"https:\/\/wp.muchomaas.com\/politique\/de-la-plebs-au-protester\">une chronologie en appui<\/a> pour compl\u00e9ter ce dossier.<\/p>\n<p><a href=\"https:\/\/wp.muchomaas.com\/politique\/eva-joly-les-pieds-dans-le-tapis\"><strong>Eva Joly et Les Verts<\/strong> sont-ils en train de s&#8217;emp\u00eatrer dans une campagne marqu\u00e9e d&#8217;entr\u00e9e par l&#8217;accord pass\u00e9 avec le PS?<\/a> Analyse et <strong>le point de vue de V\u00e9ronique Dubarry<\/strong>, adjointe au maire de Paris (EELV), minoritaire au sein de son parti.<\/p>\n<p><strong>Seafrance, la compagnie de Ferry filiale de la SNCF<\/strong>, qui assure la<br \/>\nliaison Calais Douvres est menac\u00e9e de liquidation. <a href=\"https:\/\/wp.muchomaas.com\/societe\/seafrance-au-bord-du-naufrage\">Les salari\u00e9s portent un projet de reprise en SCOP<\/a>. <strong>Reportage.<\/strong><\/p>\n<p>Adopt\u00e9e en f\u00e9vrier 2005, <strong><a href=\"https:\/\/wp.muchomaas.com\/societe\/handicap-la-galere-au-quotidien\">la loi cens\u00e9e permettre l&#8217;accessibilit\u00e9 des personnes handicap\u00e9es aux lieux publics<\/a><\/strong> reste tr\u00e8s mal appliqu\u00e9e en France. T\u00e9moignage.<\/p>\n<p>Au Venezuela, <strong>le gouvernement de Chavez a lanc\u00e9 un grand programme pour faire face \u00e0 la p\u00e9nurie de logement<\/strong>. <a href=\"https:\/\/wp.muchomaas.com\/monde\/ciudad-caribia-ville-modele\">Reportage dans la ville vitrine et laboratoire de Ciudad Caribia<\/a>, en banlieue de Caracas.<\/p>\n<p><strong>Notre s\u00e9rie En campagne a \u00e9t\u00e9 faire un tour dans le Var<\/strong> pour y observer la fa\u00e7on dont <a href=\"https:\/\/wp.muchomaas.com\/politique\/dealer-la-peur\">le th\u00e8me de l&#8217;ins\u00e9curit\u00e9 fait toujours recette \u00e0 l&#8217;approche des \u00e9ch\u00e9ances \u00e9lectorales<\/a>. Un grand classique&#8230;<\/p>\n<p><strong>Dix ans apr\u00e8s la mort du sociologue Pierre Bourdieu<\/strong>, ses cours donn\u00e9s au Coll\u00e8ge de France font l&#8217;objet de publications. <a href=\"https:\/\/wp.muchomaas.com\/idees\/un-autre-bourdieu\">O\u00f9 l\u2019on d\u00e9couvre la<br \/>\ncomplexit\u00e9 des rapports de Bourdieu \u00e0 l\u2019\u00c9tat<\/a>. <strong>Id\u00e9es de janvier.<\/strong><\/p>\n<p><strong>C&#8217;est pas tous les mercredis comme \u00e7a:<\/strong> <a href=\"https:\/\/wp.muchomaas.com\/culture\/la-gueule-des-sans-emploi\">quatre films fran\u00e7ais sortent sur les \u00e9crans qui s&#8217;int\u00e9ressent aux sans-travail, aux sans-logement, aux sans-argent&#8230;<\/a> <strong>Analyse \u00e0 lire dans la rubrique Cin\u00e9<\/strong>.<\/p>\n<p>Pour commencer l&#8217;ann\u00e9e, <a href=\"https:\/\/wp.muchomaas.com\/culture\/quizz-culturel-pour-2012\"><strong>Cr\u00e9ations<\/strong> vous a concoct\u00e9 un quizz culturel <\/a> aux petits oignons&#8230;<\/p>\n<p><a href=\"https:\/\/wp.muchomaas.com\/societe\/lilian-thuram-on-ne-nait-pas\"><strong>Le grand entretien du mois est men\u00e9 avec Lilian Thuram<\/strong><\/a>. L&#8217;ancien footballeur champion du monde en 1998, engag\u00e9 de longue date dans la lutte contre le racisme, est commissaire de <strong>l\u2019exposition \u00ab Exhibitions. L\u2019invention du sauvage \u00bb qui se tient au mus\u00e9e du Quai Branly<\/strong>.<\/p>\n<p>Ainsi que tous les rendez-vous du mensuel : les chroniques de <strong><a href=\"https:\/\/wp.muchomaas.com\/nos-regards\/arnaud-viviant\/bhl-ou-les-mirages-de-l\">Arnaud Viviant<\/a>, <a href=\"https:\/\/wp.muchomaas.com\/nos-regards\/leila-chaibi\/double-casquette-et-triple-a\">Le\u00efla Chaibi<\/a>, <a href=\"https:\/\/wp.muchomaas.com\/societe\/foot-flouze\">Nicolas Kssis<\/a><\/strong>. Et celle d&#8217;un nouveau venu dans nos colonnes <strong><a href=\"https:\/\/wp.muchomaas.com\/nos-regards\/raphal-yem\/j-ai-ma-carte-d-electeur-mais-elle\">Raph\u00e4l Yem<\/a>, \u00abjournaliste citoyen, banlieusard et provincial\u00bb<\/strong>. Avec toutes <strong>nos s\u00e9lections essais et culture<\/strong>.<\/p>\n","protected":false},"excerpt":{"rendered":"<p>Janvier, c&#8217;est le mois des v\u0153ux. Ceux de Regards sont 100% anti-aust\u00e9rit\u00e9. Dans le Bloc-Notes ce mois-ci, on parle du lien entre ch\u00f4mage et maternit\u00e9, de la hausse des salaires des patrons europ\u00e9ens en temps de crise, des 10 ans de Guantanamo vus par Amnesty International, des firmes am\u00e9ricaines d&#8217;aide au d\u00e9veloppement qui sautent sur [&hellip;]<\/p>\n","protected":false},"author":1,"featured_media":0,"comment_status":"closed","ping_status":"open","sticky":false,"template":"","format":"standard","meta":{"_themeisle_gutenberg_block_has_review":false,"footnotes":""},"categories":[262],"tags":[371],"class_list":["post-5181","post","type-post","status-publish","format-standard","hentry","category-archives","tag-sommaire"],"_links":{"self":[{"href":"https:\/\/archives.regards.fr\/index.php?rest_route=\/wp\/v2\/posts\/5181","targetHints":{"allow":["GET"]}}],"collection":[{"href":"https:\/\/archives.regards.fr\/index.php?rest_route=\/wp\/v2\/posts"}],"about":[{"href":"https:\/\/archives.regards.fr\/index.php?rest_route=\/wp\/v2\/types\/post"}],"author":[{"embeddable":true,"href":"https:\/\/archives.regards.fr\/index.php?rest_route=\/wp\/v2\/users\/1"}],"replies":[{"embeddable":true,"href":"https:\/\/archives.regards.fr\/index.php?rest_route=%2Fwp%2Fv2%2Fcomments&post=5181"}],"version-history":[{"count":0,"href":"https:\/\/archives.regards.fr\/index.php?rest_route=\/wp\/v2\/posts\/5181\/revisions"}],"wp:attachment":[{"href":"https:\/\/archives.regards.fr\/index.php?rest_route=%2Fwp%2Fv2%2Fmedia&parent=5181"}],"wp:term":[{"taxonomy":"category","embeddable":true,"href":"https:\/\/archives.regards.fr\/index.php?rest_route=%2Fwp%2Fv2%2Fcategories&post=5181"},{"taxonomy":"post_tag","embeddable":true,"href":"https:\/\/archives.regards.fr\/index.php?rest_route=%2Fwp%2Fv2%2Ftags&post=5181"}],"curies":[{"name":"wp","href":"https:\/\/api.w.org\/{rel}","templated":true}]}}