{"id":5173,"date":"2011-12-12T14:12:30","date_gmt":"2011-12-12T13:12:30","guid":{"rendered":"https:\/\/wp.muchomaas.com\/les-enseignants-n-ont-qu-une5173\/"},"modified":"2011-12-12T14:12:30","modified_gmt":"2011-12-12T13:12:30","slug":"les-enseignants-n-ont-qu-une5173","status":"publish","type":"post","link":"https:\/\/archives.regards.fr\/?p=5173","title":{"rendered":"\u00ab Les enseignants n&#8217;ont qu&#8217;une compr\u00e9hension insuffisante (&#8230;) de la notion de profit \u00bb"},"content":{"rendered":"<p class=\"post_excerpt\">\n<h2><em>Enseignant, un m\u00e9tier en mutation<\/em>.<\/h2>\n<p> L&#8217;enseignement sup\u00e9rieur \u00e0 l&#8217;\u00e9preuve du n\u00e9olib\u00e9ralisme. Une tribune de Jacques P\u00e9dron, Ma\u00eetre de Conf\u00e9rences \u00e0 l&#8217;Universit\u00e9 Pierre et Marie Curie, SUD \u00c9ducation Paris.<\/p>\n<p>2003\u00a0: r\u00e9forme LMD (Licence, Master, Doctorat). 2007\u00a0: loi LRU (relative aux Libert\u00e9s et Responsabilit\u00e9s des Universit\u00e9s). Actuellement\u00a0: acquisition des Responsabilit\u00e9s et Comp\u00e9tences \u00c9largies (RCE), constitution des PRES (P\u00f4les de Recherche et d\u2019Enseignement Sup\u00e9rieur), s\u00e9lection des IDEX (Initiatives d&#8217;Excellence). Le syst\u00e8me universitaire Fran\u00e7ais &#8211; et Europ\u00e9en &#8211; subit \u00e0 un rythme sans pr\u00e9c\u00e9dent de profondes r\u00e9formes. S\u2019agit-il de r\u00e9formes ponctuelles, ou ce processus s\u2019inscrit-il dans une perspective historique, voire id\u00e9ologique. Et si une trajectoire se dessine, quelles en sont les cons\u00e9quences ?<\/p>\n<h2>Un processus historique\u2026<\/h2>\n<p>Ces r\u00e9formes r\u00e9centes r\u00e9sultent en fait d\u2019un processus historique relativement long. En 1989, l\u2019ERT (European Round Table of Industrialists) est \u00e0 l\u2019origine d\u2019un rapport intitul\u00e9 \u00ab\u00c9ducation et Comp\u00e9tences en Europe\u00bb. L&#8217;ERT est un lobby majeur aupr\u00e8s de la Commission Europ\u00e9enne, rassemblant les 47 plus grandes firmes europ\u00e9ennes. Un extrait : \u00ab <em>L&#8217;\u00e9ducation et la formation sont consid\u00e9r\u00e9es comme des investissements strat\u00e9giques vitaux pour la r\u00e9ussite future de l&#8217;entreprise. Les enseignants n&#8217;ont qu&#8217;une compr\u00e9hension insuffisante de l&#8217;environnement \u00e9conomique des affaires et de la notion de profit. Ainsi, il s&#8217;agira de valoriser l&#8217;enseignement \u00e0 distance<\/em> \u00bb. Nouveau rapport en 1991 : \u00ab <em>Une universit\u00e9 ouverte est une entreprise industrielle et l&#8217;enseignement \u00e0 distance est une industrie nouvelle. Cette entreprise doit vendre ses produits sur le march\u00e9 de l\u2019enseignement continu, que r\u00e9gissent les lois de l\u2019offre et de la demande<\/em> \u00bb. 1995, toujours l&#8217;ERT : \u00ab <em>L&#8217;\u00e9ducation doit \u00eatre consid\u00e9r\u00e9e comme un service rendu au monde \u00e9conomique. Les gouvernements nationaux devraient envisager l&#8217;\u00e9ducation comme un processus s&#8217;\u00e9tendant du berceau au tombeau<\/em> \u00bb. <strong>Les bases conceptuelles sont explicites : on ne parle plus de \u00ab savoir \u00bb, mais de \u00ab comp\u00e9tences \u00bb imm\u00e9diatement utilisables par le secteur industriel. Une transition du savoir \u00e0 l&#8217;utilit\u00e9, et de l&#8217;utilit\u00e9 au profit. Vingt ans plus tard, \u00ab l&#8217;\u00e9conomie de la connaissance \u00bb, le savoir comme \u00ab arme dans la comp\u00e9tition \u00e9conomique mondiale globalis\u00e9e \u00bb se sont impos\u00e9s comme des \u00e9vidences<\/strong>.<\/p>\n<h2>\u2026 relay\u00e9 par des instances europ\u00e9ennes et internationales<\/h2>\n<p>Quelle est l&#8217;influence r\u00e9elle de ce lobby rassemblant les plus grandes entreprises europ\u00e9ennes ? En 1995, six mois apr\u00e8s le rapport de l&#8217;ERT, la Commission Europ\u00e9enne publie un Livre Blanc tr\u00e8s largement inspir\u00e9 de ce dernier, intitul\u00e9  \u00ab Apprendre et enseigner, vers la soci\u00e9t\u00e9 cognitive \u00bb (cosign\u00e9 par Edith Cresson). Ce mouvement n&#8217;est pas limit\u00e9 \u00e0 l&#8217;Europe.  En 1998, l&#8217;OCDE (Office de D\u00e9veloppement et de Coop\u00e9ration \u00c9conomique) publie un rapport dans lequel il est \u00e9crit que \u00ab <em>Les enseignants ne sont pas indispensables \u00e0 la formation tout au long de la vie. Des prestataires de services \u00e9ducatifs feront l&#8217;affaire.<\/em> \u00bb La Commission Europ\u00e9enne suivra en 1998 avec le rapport Ray First : \u00ab <em>Le temps de l&#8217;\u00e9ducation hors \u00e9cole est venu et la lib\u00e9ration du processus \u00e9ducatif aboutira \u00e0 un contr\u00f4le par des offreurs d&#8217;\u00e9ducation plus innovants que les structures traditionnelles<\/em> \u00bb.<\/p>\n<h2>Une mise en place progressive<\/h2>\n<p>Ces discours prendront rapidement une tournure plus concr\u00e8te. Avec en 1999, \u00ab le processus de Bologne \u00bb. Ce processus &#8211; sign\u00e9 par 29 pays majoritairement europ\u00e9ens &#8211; est un engagement \u00e0 construire un espace europ\u00e9en de l&#8217;enseignement sup\u00e9rieur avant 2010. Il vise \u00e0 placer les syst\u00e8mes nationaux diversifi\u00e9s dans un cadre commun fond\u00e9 sur trois points clefs\u00a0:<\/p>\n<p>\u2022 mise en place d&#8217;une structure en deux cycles des \u00e9tudes sup\u00e9rieures\u00a0: un premier cycle d&#8217;\u00e9tudes d&#8217;au moins trois ann\u00e9es menant \u00e0 un premier grade &#8211; appel\u00e9 suivant les pays licence, baccalaur\u00e9at, bachelor, etc&#8230;- correspondant \u00e0 un niveau de qualification appropri\u00e9 pour l\u2019insertion sur le march\u00e9 du travail europ\u00e9en; puis un cycle menant \u00e0 un grade de type ma\u00eetrise universitaire\/master (cycle court) et\/ou au doctorat (cycle long);<\/p>\n<p>\u2022\u00a0mise en place d\u2019un syst\u00e8me commun de cr\u00e9dits pour d\u00e9crire les programmes d&#8217;\u00e9tudes &#8211; le  <a href=\"http:\/\/fr.wikipedia.org\/wiki\/Syst%C3%A8me_europ%C3%A9en_de_transfert_et_d%27accumulation_de_cr%C3%A9dits\">Syst\u00e8me Europ\u00e9en de Transfert et d&#8217;accumulation de Cr\u00e9dits<\/a> (ECTS) &#8211; pour promouvoir la mobilit\u00e9 des \u00e9tudiants le plus largement possible;<\/p>\n<p>\u2022\u00a0mise en place du <a href=\"http:\/\/fr.wikipedia.org\/wiki\/Suppl%C3%A9ment_au_dipl%C3%B4me\">suppl\u00e9ment au dipl\u00f4me<\/a>, afin de rendre plus facilement lisibles et comparables les dipl\u00f4mes, de favoriser ainsi l\u2019int\u00e9gration des citoyens europ\u00e9ens sur le march\u00e9 du travail et d\u2019am\u00e9liorer la comp\u00e9titivit\u00e9 du syst\u00e8me d\u2019enseignement sup\u00e9rieur europ\u00e9en \u00e0 l\u2019\u00e9chelon mondial.<\/p>\n<p>Ce processus n&#8217;a pas suscit\u00e9 initialement une vive opposition de la part de la communaut\u00e9 universitaire, qui n&#8217;y voyait qu&#8217;une simple harmonisation des dipl\u00f4mes europ\u00e9ens, une incitation \u00e0 la mobilit\u00e9. <strong>Une autre lecture laisse entrevoir une uniformisation d&#8217;une production (la formation sup\u00e9rieure) dans une \u00e9conomie globalis\u00e9e, ou les comp\u00e9tences acquises peuvent \u00eatre quantifi\u00e9es par des cr\u00e9dits capitalisables, transf\u00e9rables entre \u00e9tablissements, dans le seul but de satisfaire le march\u00e9 du travail, le tout dans le cadre d&#8217;une comp\u00e9tition internationale<\/strong>.<\/p>\n<p>Un an plus tard, la strat\u00e9gie de Lisbonne devient l&#8217;axe majeur de la politique \u00e9conomique et du d\u00e9veloppement de l&#8217;Union europ\u00e9enne (Ue) de 2000 \u00e0 2010. Cette strat\u00e9gie, d\u00e9cid\u00e9e en mars 2000 lors du Conseil Europ\u00e9en de Lisbonne par les quinze \u00e9tats membres d&#8217;alors, vise \u00e0 faire de l\u2019Ue \u00ab l\u2019\u00e9conomie de la connaissance la plus comp\u00e9titive et la plus dynamique du monde d&#8217;ici \u00e0 2010, capable d\u2019une croissance \u00e9conomique durable accompagn\u00e9e d\u2019une am\u00e9lioration quantitative et qualitative de l\u2019emploi et d\u2019une plus grande coh\u00e9sion sociale \u00bb. L&#8217;ajustement du processus de Bologne \u00e0 la strat\u00e9gie de Lisbonne tient du miracle\u2026 <\/p>\n<h2>La partition est \u00e9crite\u2026<\/h2>\n<p>Elle sera mise en musique en 2003 en France avec la r\u00e9forme LMD, qui met en place principalement une architecture bas\u00e9e sur trois grades\u00a0: licence, master et doctorat; une organisation des enseignements en semestres et unit\u00e9s d\u2019enseignement; une mise en \u0153uvre des cr\u00e9dits europ\u00e9ens et une d\u00e9livrance d\u2019une annexe descriptive au dipl\u00f4me. Cette r\u00e9forme suscitera &#8211; comme le processus de Bologne \u00e0 son origine &#8211; qu&#8217;une faible protestation de la part de la communaut\u00e9 universitaire, principalement sur des motifs p\u00e9dagogiques. Mais les implications majeures de cette r\u00e9forme ne seront per\u00e7ues que plus tard, trop tard. Dans une optique \u00ab d&#8217;harmonisation europ\u00e9enne \u00bb, les dipl\u00f4mes nationaux volent en \u00e9clat : disparition des cadrages, programmes, maquettes au niveau national, chaque universit\u00e9 d\u00e9finissant sa propre \u00ab architecture de l&#8217;offre de formation \u00bb. Les dipl\u00f4mes n&#8217;existent d&#8217;ailleurs plus; ils deviennent des \u00ab grades \u00bb. Et perdent donc leurs sp\u00e9cificit\u00e9s universitaires : de nouvelles structures de formation sont habilit\u00e9es \u00e0 d\u00e9livrer ces nouveaux \u00ab grades \u00bb, \u00e9largissant le march\u00e9 de la formation, entres autres, aux \u00e9coles d&#8217;ing\u00e9nieurs et aux \u00e9coles de commerce. <strong>De fa\u00e7on plus insidieuse, la disparition des dipl\u00f4mes nationaux &#8211; th\u00e9oriquement reconnus de la m\u00eame fa\u00e7on quelque en soit l&#8217;\u00e9tablissement d&#8217;origine &#8211; va affirmer le principe d&#8217;une in\u00e9galit\u00e9 entre les universit\u00e9s selon leur taille, leur secteur disciplinaire, leur implantation g\u00e9ographique, leur potentiel de recherche, etc\u2026<\/strong> Et cette in\u00e9galit\u00e9 va instaurer un climat de comp\u00e9tition d\u00e9l\u00e9t\u00e8re entres universit\u00e9s, soutenu par une diminution g\u00e9n\u00e9ralis\u00e9e des effectifs \u00e9tudiants.<\/p>\n<p>\u00c9t\u00e9 2007, la loi LRU est vot\u00e9e. Ses objectifs : \u00ab <em>rendre l&#8217;universit\u00e9 attractive<\/em> \u00bb, \u00ab <em>sortir de la paralysie de la gouvernance actuelle<\/em> \u00bb et \u00ab <em>rendre la recherche universitaire visible \u00e0 l&#8217;\u00e9chelle internationale<\/em> \u00bb. Son contenu : doter l&#8217;universit\u00e9 d&#8217;une \u00ab gouvernance resserr\u00e9e \u00bb, \u00e9largir les pouvoirs des pr\u00e9sidents d&#8217;universit\u00e9 (en mati\u00e8re de recrutement, d&#8217;affectation, de dotation de primes), restreindre les conseils d&#8217;administration en augmentant le poids des personnalit\u00e9s externes nomm\u00e9es par le pr\u00e9sident, modifier les proc\u00e9dures de recrutement, etc\u2026 Cette nouvelle organisation peut \u00eatre compl\u00e9t\u00e9e pour les universit\u00e9s &#8211; les plus innovantes ? &#8211; qui le souhaitent par l&#8217;acc\u00e8s aux \u00ab Responsabilit\u00e9s et Comp\u00e9tences \u00c9largies \u00bb (RCE), dotant les universit\u00e9s de nouvelles comp\u00e9tences en mati\u00e8re de gestion des ressources humaines (recrutement d&#8217; agents contractuels et gestion des primes par le pr\u00e9sident, r\u00e9partition des obligations de service et cr\u00e9ation de dispositifs d&#8217;int\u00e9ressement par le conseil d&#8217;administration), de gestion financi\u00e8re (autonome sur la totalit\u00e9 du budget des universit\u00e9s, cr\u00e9ations de fonds priv\u00e9s et de fondations), et immobili\u00e8re (accession \u00e0 la pleine propri\u00e9t\u00e9 de la totalit\u00e9 des biens immobiliers). Cette derni\u00e8re loi a donn\u00e9 lieu \u00e0 un mouvement de protestation beaucoup plus important, mais sans effet sur sa mise en application.<\/p>\n<h2>Comp\u00e9tition internationale<\/h2>\n<p>Les universit\u00e9s fran\u00e7aises ont maintenant toute la libert\u00e9 n\u00e9cessaire, qu&#8217;il s&#8217;agisse de leur offre de formation, de potentiel recherche, ou de leur gestion financi\u00e8re, pour entrer, avec volontarisme, dans la comp\u00e9tition internationale de \u00ab l&#8217;\u00e9conomie de la connaissance \u00bb. Mais comment quantifier \u00ab l&#8217;excellence \u00bb dans le domaine acad\u00e9mique\u00a0? Le premier classement des universit\u00e9s mondiales \u00e9tabli par <a href=\"http:\/\/fr.wikipedia.org\/wiki\/Universit%C3%A9_Jiao_Tong_de_Shanghai\">l&#8217;universit\u00e9 Jiao-Tong de Shangha\u00ef<\/a> en Chine en 2003 fourni la solution. Un classement d\u00e9cri\u00e9 par tous sur ses crit\u00e8res (nombre de prix Nobel et de m\u00e9dailles Fields parmi les chercheurs et les anciens \u00e9l\u00e8ves, articles publi\u00e9s dans deux revues scientifiques, articles index\u00e9s dans <a href=\"http:\/\/en.wikipedia.org\/wiki\/Science_Citation_Index\"><em>Science Citation Index<\/em><\/a>, et <a href=\"http:\/\/fr.wikipedia.org\/wiki\/Arts_and_Humanities_Citation_Index\"><em>Arts &#038; Humanities Citation Index<\/em><\/a>) mais simplificateur et donc utilis\u00e9 par tous. Et dans cette comp\u00e9tition maintenant quantifi\u00e9e, il faut acqu\u00e9rir une masse critique pour une visibilit\u00e9 internationale. Val\u00e9rie P\u00e9cresse en 2008 : \u00ab <em>dix p\u00f4les universitaires d&#8217;excellence de niveau international doivent \u00e9merger en France<\/em> \u00bb. La course aux fusions-acquisitions des campus universitaires est lanc\u00e9e, avec la cr\u00e9ation des P\u00f4les des Recherche et d&#8217;Enseignement Sup\u00e9rieur (PRES) et des Initiatives d\u2019Excellence (IDEX) financ\u00e9s par le grand emprunt, dont le but est de fusionner les \u00e9tablissements de recherche et d&#8217;enseignement, parmi la vingtaine d&#8217;organismes de recherche, plus de 80 universit\u00e9s et des dizaines d&#8217;\u00e9coles, afin de faire \u00e9merger ces fameux \u00ab p\u00f4les d&#8217;excellence \u00bb. \u00c9t\u00e9 2011, les trois premi\u00e8res Initiatives d&#8217;Excellence sont s\u00e9lectionn\u00e9es.<\/p>\n<h2>Des r\u00e9formes et des cons\u00e9quences<\/h2>\n<p>Un \u00e9tat des lieux : vingt ans apr\u00e8s, les v\u0153ux des acteurs \u00e9conomiques sont maintenant pratiquement exauc\u00e9s. Le Savoir est devenu un bien, qu&#8217;il faut prot\u00e9ger et rentabiliser (incitation au d\u00e9p\u00f4t de brevet, incitation \u00e0 la cr\u00e9ation de start-up et de partenariats avec les entreprises au sein de toutes les structures de recherche), et l&#8217;enseignement un enjeu \u00e9conomique strat\u00e9gique, et un march\u00e9. <\/p>\n<p>Ce bref historique montre aussi la coh\u00e9rence des discours et des mesures. Le processus en \u0153uvre est une lib\u00e9ralisation &#8211; au sens d&#8217;un n\u00e9o-lib\u00e9ralisme &#8211; du march\u00e9 globalis\u00e9 de l&#8217;enseignement sup\u00e9rieur. <strong>Il s&#8217;agit bien d&#8217;une lib\u00e9ralisation, dans la mesure o\u00f9 toutes ces r\u00e9formes ont pour cons\u00e9quence une d\u00e9r\u00e9glementation des cursus, des dipl\u00f4mes, de l&#8217;organisation et du fonctionnement des structures de formation et de recherche de l&#8217;enseignement  sup\u00e9rieur, ainsi qu&#8217;une modification des statuts de ses agents.<\/strong><\/p>\n<p>Avec quelles cons\u00e9quences ? L&#8217;Universit\u00e9 Pierre et Marie Curie (UPMC, Paris VI), malgr\u00e9 son excellente seconde place fran\u00e7aise au classement de Shangha\u00ef, peut servir d\u2019exemple. Apr\u00e8s seulement quatre ann\u00e9es d&#8217;autonomie, l&#8217;UPMC vient d&#8217;\u00eatre mise sous tutelle du rectorat, ses trois derniers budgets (2008, 2009 et 2010) \u00e9tant d\u00e9ficitaires. Et l&#8217;ann\u00e9e 2011 ne s&#8217;annonce pas mieux. Alors que cette universit\u00e9 jouissait d\u2019un traitement de faveur (la mise sous tutelle doit intervenir apr\u00e8s deux exercices budg\u00e9taires cons\u00e9cutifs d\u00e9ficitaires), la mise sous tutelle s\u2019est impos\u00e9e face \u00e0 l\u2019aspect critique de la situation\u00a0: le paiement des salaires &#8211; en premier lieu des CDD &#8211; sera t-il assur\u00e9\u00a0? <strong>Tout cela dans une ambiance d\u00e9l\u00e9t\u00e8re de comp\u00e9tition (des individus, des \u00e9quipes de recherche, des formations), d\u2019\u00e9valuations incessantes, de restructurations, de mutualisations, de course \u00e0 l\u2019Excellence et aux primes aff\u00e9rentes\u2026 et de manque de moyens<\/strong>. Les solutions ne sont pas nombreuses : gel des emplois statutaires, non reconduction des CDD, diminution des budgets Recherche et Formation\u2026 <\/p>\n<p>Une exception, qui concerne malgr\u00e9 tout 8 universit\u00e9s sur un peu plus de 80. Mais une \u00ab\u00a0mise sous tension\u00a0\u00bb du syst\u00e8me n\u2019est-elle pas n\u00e9cessaire pour une \u00e9volution vers une \u00ab\u00a0\u00e9conomie de la connaissance\u00a0\u00bb enfin performante\u00a0?<\/p>\n","protected":false},"excerpt":{"rendered":"<h2><em>Enseignant, un m\u00e9tier en mutation<\/em>.<\/h2>\n<p> L&#8217;enseignement sup\u00e9rieur \u00e0 l&#8217;\u00e9preuve du n\u00e9olib\u00e9ralisme. Une tribune de Jacques P\u00e9dron, Ma\u00eetre de Conf\u00e9rences \u00e0 l&#8217;Universit\u00e9 Pierre et Marie Curie, SUD \u00c9ducation Paris.<\/p>\n","protected":false},"author":1,"featured_media":0,"comment_status":"open","ping_status":"open","sticky":false,"template":"","format":"standard","meta":{"_themeisle_gutenberg_block_has_review":false,"footnotes":""},"categories":[130],"tags":[],"class_list":["post-5173","post","type-post","status-publish","format-standard","hentry","category-enseignant-un-metier-en-mutation-temoignages"],"_links":{"self":[{"href":"https:\/\/archives.regards.fr\/index.php?rest_route=\/wp\/v2\/posts\/5173","targetHints":{"allow":["GET"]}}],"collection":[{"href":"https:\/\/archives.regards.fr\/index.php?rest_route=\/wp\/v2\/posts"}],"about":[{"href":"https:\/\/archives.regards.fr\/index.php?rest_route=\/wp\/v2\/types\/post"}],"author":[{"embeddable":true,"href":"https:\/\/archives.regards.fr\/index.php?rest_route=\/wp\/v2\/users\/1"}],"replies":[{"embeddable":true,"href":"https:\/\/archives.regards.fr\/index.php?rest_route=%2Fwp%2Fv2%2Fcomments&post=5173"}],"version-history":[{"count":0,"href":"https:\/\/archives.regards.fr\/index.php?rest_route=\/wp\/v2\/posts\/5173\/revisions"}],"wp:attachment":[{"href":"https:\/\/archives.regards.fr\/index.php?rest_route=%2Fwp%2Fv2%2Fmedia&parent=5173"}],"wp:term":[{"taxonomy":"category","embeddable":true,"href":"https:\/\/archives.regards.fr\/index.php?rest_route=%2Fwp%2Fv2%2Fcategories&post=5173"},{"taxonomy":"post_tag","embeddable":true,"href":"https:\/\/archives.regards.fr\/index.php?rest_route=%2Fwp%2Fv2%2Ftags&post=5173"}],"curies":[{"name":"wp","href":"https:\/\/api.w.org\/{rel}","templated":true}]}}