{"id":5160,"date":"2011-12-29T09:00:00","date_gmt":"2011-12-29T08:00:00","guid":{"rendered":"https:\/\/wp.muchomaas.com\/npa-c-est-la-claque-finale5160\/"},"modified":"2023-06-23T23:10:19","modified_gmt":"2023-06-23T21:10:19","slug":"npa-c-est-la-claque-finale5160","status":"publish","type":"post","link":"https:\/\/archives.regards.fr\/?p=5160","title":{"rendered":"NPA, c\u2019est la claque finale ?"},"content":{"rendered":"<p class=\"post_excerpt\">Hier porteur de nombreux espoirs \u00e0 gauche, le NPA est aujourd\u2019hui<br \/>\nen pleine d\u00e9confiture et peine \u00e0 rassembler les 500 signatures n\u00e9cessaires<br \/>\npour candidater \u00e0 l\u2019\u00e9lection pr\u00e9sidentielle. Explications.<\/p>\n<p>Qui est le candidat du Nouveau parti<br \/>\nanticapitaliste ? Pas d\u2019inqui\u00e9tude,si<br \/>\nvous ne r\u00e9pondez pas spontan\u00e9ment<br \/>\nPhilippe Poutou, vous faites<br \/>\njuste partie des 75 % des sympathisants<br \/>\nde gauche qui ne connaissent pas son<br \/>\nnom [[Sondage TNS Sofres pour Canal + du 23 octobre.]]. Ce n\u2019est qu\u2019un sondage, mais cela mesure<br \/>\ntout de m\u00eame l\u2019ampleur du chantier pour un<br \/>\nNPA sous le radar depuis qu\u2019Olivier Besancenot<br \/>\na jet\u00e9 l\u2019\u00e9ponge de la pr\u00e9sidentielle en mai dernier.<br \/>\nLes effectifs se sont effondr\u00e9s. De 11 000 encart\u00e9s,<br \/>\naux meilleurs jours, la formation anticapitaliste<br \/>\nest pass\u00e9e aujourd\u2019hui \u00e0 4 000 adh\u00e9rents.<br \/>\nDernier chiffre, et non des moindres, sur les<br \/>\n500 signatures d\u2019\u00e9lus requises avant le 16 mars<br \/>\n2012 pour entrer dans la course \u00e0 l\u2019\u00c9lys\u00e9e \u2013 indispensable<br \/>\nvitrine pour le NPA \u2013 les militants<br \/>\nn\u2019en n\u2019ont rassembl\u00e9 qu\u2019un peu plus de 200. Et<br \/>\nmaintenant, qui va donner les signatures ? Les<br \/>\nVerts, comme on le raconte dans les couloirs,<br \/>\nont int\u00e9r\u00eat \u00e0 donner un coup de main\u2026 Mais<br \/>\npoint trop n\u2019en faut pour un NPA qui se pince le<br \/>\nnez d\u00e8s que se pointe le PS ou ses alli\u00e9s. Bref,<br \/>\nl\u2019enjeu est grave : le NPA sera-t-il pr\u00e9sent dans la<br \/>\ncampagne ? Alors que la crise financi\u00e8re pourrait<br \/>\nouvrir un boulevard \u00e0 un parti anticapitaliste,<br \/>\ncomment expliquer une telle d\u00e9confiture ?<\/p>\n<p>Retour en 2009. La LCR veut tourner une page<br \/>\net devenir un grand parti de masse. Le s\u00e9same<br \/>\nrevendiqu\u00e9 : l\u2019ouverture. Trois ans plus tard,<br \/>\nrecroquevillement, divisions et querelles de<br \/>\nstrat\u00e9gies ab\u00eement le parti. D\u2019un c\u00f4t\u00e9, les partisans<br \/>\nde l\u2019ouverture au dialogue avec le reste<br \/>\nde la gauche radicale et de l\u2019autre, une ligne<br \/>\nmajoritaire, plus dure. Le retour par le biais d\u2019une<br \/>\n\u00ab coordination de campagne \u00bb d\u2019Alain Krivine et<br \/>\nFran\u00e7ois Sabado, historiques de la LCR, est qualifi\u00e9<br \/>\nde \u00ab <em>retour au Jurassique<\/em> \u00bb par une partie du<br \/>\nNPA. \u00ab <em>Quand on a des difficult\u00e9s, le repli est la<br \/>\nsolution la plus facile<\/em> \u00bb, explique Ingrid Hayes,<br \/>\nl\u2019une des repr\u00e9sentantes du courant \u00ab Gauche<br \/>\nanticapitaliste \u00bb, la position qui milite justement<br \/>\npour un NPA tourn\u00e9 \u00ab vers l\u2019ext\u00e9rieur \u00bb. \u00ab <em>Nous<br \/>\navons cr\u00e9\u00e9 ce courant parce que nous avons<br \/>\nconsid\u00e9r\u00e9 que le projet initial du NPA \u00e9tait remis<br \/>\nen cause<\/em>, explique-t-elle. <em>La majorit\u00e9 fait le<br \/>\nchoix de l\u2019isolement, se contente du terrain de<br \/>\nla propagande et se refuse \u00e0 la confrontation.<\/em> \u00bb<br \/>\nPour Ga\u00ebl Quirante, la voix des \u00ab identitaires \u00bb :<br \/>\n\u00ab <em>Il faut se recentrer derri\u00e8re le m\u00e9gaphone du<br \/>\nlogo NPA. <\/em> \u00bb<\/p>\n<p>L\u2019avenir du NPA est dans la rue, disent-ils en<br \/>\nsubstance. \u00ab <em>Le rassemblement doit se faire<br \/>\navec l\u2019immense majorit\u00e9 qui ne va jamais voter<\/em>,<br \/>\nanalyse-t-il. <em>Ceux qui vivent dans quartiers populaires,<br \/>\nceux qui subissent les plans de licenciement<br \/>\ndans la m\u00e9tallurgie, la jeunesse en proie<br \/>\n\u00e0 la pr\u00e9carit\u00e9\u2026 Ils doivent \u00eatre notre premi\u00e8re<br \/>\npr\u00e9occupation, avant les m\u00e9canos \u00e9lectoraux<\/em> \u00bb.<br \/>\nPour la \u00ab gauche anticapitaliste \u00bb, les d\u00e9s \u00e9taient pip\u00e9s d\u00e8s le d\u00e9but, \u00ab <em>un march\u00e9 de<br \/>\ndupes initial<\/em>, d\u00e9crit Ingrid Hayes. <em>Les courants<br \/>\nhostiles \u00e0 l\u2019ouverture \u00e9taient d\u00e9j\u00e0 pr\u00e9sents<br \/>\ndans le processus fondateur. Ils composent<br \/>\naujourd\u2019hui l\u2019arc majoritaire<\/em> \u00bb. L\u2019objectif : sortir<br \/>\nde cette difficult\u00e9, en s\u2019adressant \u00ab <em>non seulement<br \/>\naux membres du NPA, mais aussi \u00e0 ceux<br \/>\nqui en sont partis<\/em> \u00bb, pr\u00e9cise Ingrid Hayes. Razmig<br \/>\nKeucheyan, sociologue et militant \u00e9clair\u00e9,<br \/>\nest de ceux-l\u00e0. Il estime essentiel de revenir sur<br \/>\nles raisons de l\u2019\u00e9chec, pour le d\u00e9passer. Pour<br \/>\nlui, l\u2019hypoth\u00e8se \u00e0 l\u2019origine de la cr\u00e9ation du parti<br \/>\nest erron\u00e9e. \u00ab <em>Il n\u2019y aurait plus, au moment de<br \/>\nla naissance du NPA, que deux gauches. L\u2019une<br \/>\nsociale lib\u00e9rale et l\u2019autre de franche opposition<br \/>\nau capitalisme.<\/em> \u00bb Entre les deux, rien. \u00ab <em>Or<br \/>\nle front de gauche, le PC, la FASE, la gauche<br \/>\ndes Verts\u2026 se sont justement engouffr\u00e9s dans<br \/>\nl\u2019espace laiss\u00e9 par la centrisation du PS<\/em>. \u00bb<\/p>\n<p>Autre probl\u00e8me selon le sociologue, la surm\u00e9diatisation<br \/>\nd\u2019Olivier Besancenot. \u00ab <em>Le revers de<br \/>\nsa popularit\u00e9, c\u2019est que le NPA s\u2019est retrouv\u00e9<br \/>\nprisonnier de son image, ce qui a provoqu\u00e9<br \/>\nune forme d\u2019immobilisme. Cela pose aussi la<br \/>\nquestion du recrutement des militants. Sa surm\u00e9diatisation<br \/>\na provoqu\u00e9 des arriv\u00e9es sur un<br \/>\nmode \u00e9motionnel. Or la col\u00e8re ne suffit pas<\/em>. \u00bb<br \/>\nMais Razmig Keucheyan va plus loin. Selon<br \/>\nlui, ce recrutement \u00ab <em>\u00e9motionnel<\/em> \u00bb est \u00e0 l\u2019image<br \/>\nd\u2019Olivier Besancenot : \u00ab <em>Olivier lui-m\u00eame n\u2019est<br \/>\npas int\u00e9ress\u00e9 par la politique. Le NPA aurait d\u00fb<br \/>\ndavantage travailler la question des alliances et<br \/>\ndes dynamiques de classes. Olivier n\u2019est pas<br \/>\npolitique, mais propagandiste. <\/em> \u00bb <\/p>\n<div id='gallery-1' class='gallery galleryid-5160 gallery-columns-3 gallery-size-thumbnail'><figure class='gallery-item'>\n\t\t\t<div class='gallery-icon landscape'>\n\t\t\t\t<a href='https:\/\/archives.regards.fr\/wp-content\/uploads\/2011\/12\/npas-3ea.jpg'><img loading=\"lazy\" decoding=\"async\" width=\"150\" height=\"150\" src=\"https:\/\/archives.regards.fr\/wp-content\/uploads\/2011\/12\/npas-3ea-150x150.jpg\" class=\"attachment-thumbnail size-thumbnail\" alt=\"NPA, c\u2019est la claque finale ?\" aria-describedby=\"gallery-1-15739\" \/><\/a>\n\t\t\t<\/div>\n\t\t\t\t<figcaption class='wp-caption-text gallery-caption' id='gallery-1-15739'>\n\t\t\t\tNPA, c\u2019est la claque finale ?\n\t\t\t\t<\/figcaption><\/figure><figure class='gallery-item'>\n\t\t\t<div class='gallery-icon landscape'>\n\t\t\t\t<a href='https:\/\/archives.regards.fr\/wp-content\/uploads\/2011\/12\/npab-632.jpg'><img loading=\"lazy\" decoding=\"async\" width=\"150\" height=\"122\" src=\"https:\/\/archives.regards.fr\/wp-content\/uploads\/2011\/12\/npab-632-150x122.jpg\" class=\"attachment-thumbnail size-thumbnail\" alt=\"NPA, c\u2019est la claque finale ?\" aria-describedby=\"gallery-1-15740\" \/><\/a>\n\t\t\t<\/div>\n\t\t\t\t<figcaption class='wp-caption-text gallery-caption' id='gallery-1-15740'>\n\t\t\t\tNPA, c\u2019est la claque finale ?\n\t\t\t\t<\/figcaption><\/figure><figure class='gallery-item'>\n\t\t\t<div class='gallery-icon landscape'>\n\t\t\t\t<a href='https:\/\/archives.regards.fr\/wp-content\/uploads\/2011\/12\/npac-5e4.jpg'><img loading=\"lazy\" decoding=\"async\" width=\"80\" height=\"55\" src=\"https:\/\/archives.regards.fr\/wp-content\/uploads\/2011\/12\/npac-5e4.jpg\" class=\"attachment-thumbnail size-thumbnail\" alt=\"NPA, c\u2019est la claque finale ?\" aria-describedby=\"gallery-1-15741\" \/><\/a>\n\t\t\t<\/div>\n\t\t\t\t<figcaption class='wp-caption-text gallery-caption' id='gallery-1-15741'>\n\t\t\t\tNPA, c\u2019est la claque finale ?\n\t\t\t\t<\/figcaption><\/figure>\n\t\t<\/div>\n\n","protected":false},"excerpt":{"rendered":"<p>Hier porteur de nombreux espoirs \u00e0 gauche, le NPA est aujourd\u2019hui<br \/>\nen pleine d\u00e9confiture et peine \u00e0 rassembler les 500 signatures n\u00e9cessaires<br \/>\npour candidater \u00e0 l\u2019\u00e9lection pr\u00e9sidentielle. Explications.<\/p>\n","protected":false},"author":569,"featured_media":15739,"comment_status":"open","ping_status":"open","sticky":false,"template":"","format":"standard","meta":{"_themeisle_gutenberg_block_has_review":false,"footnotes":""},"categories":[141],"tags":[331,295],"class_list":["post-5160","post","type-post","status-publish","format-standard","has-post-thumbnail","hentry","category-archives-web","tag-npa","tag-nupes"],"_links":{"self":[{"href":"https:\/\/archives.regards.fr\/index.php?rest_route=\/wp\/v2\/posts\/5160","targetHints":{"allow":["GET"]}}],"collection":[{"href":"https:\/\/archives.regards.fr\/index.php?rest_route=\/wp\/v2\/posts"}],"about":[{"href":"https:\/\/archives.regards.fr\/index.php?rest_route=\/wp\/v2\/types\/post"}],"author":[{"embeddable":true,"href":"https:\/\/archives.regards.fr\/index.php?rest_route=\/wp\/v2\/users\/569"}],"replies":[{"embeddable":true,"href":"https:\/\/archives.regards.fr\/index.php?rest_route=%2Fwp%2Fv2%2Fcomments&post=5160"}],"version-history":[{"count":0,"href":"https:\/\/archives.regards.fr\/index.php?rest_route=\/wp\/v2\/posts\/5160\/revisions"}],"wp:featuredmedia":[{"embeddable":true,"href":"https:\/\/archives.regards.fr\/index.php?rest_route=\/wp\/v2\/media\/15739"}],"wp:attachment":[{"href":"https:\/\/archives.regards.fr\/index.php?rest_route=%2Fwp%2Fv2%2Fmedia&parent=5160"}],"wp:term":[{"taxonomy":"category","embeddable":true,"href":"https:\/\/archives.regards.fr\/index.php?rest_route=%2Fwp%2Fv2%2Fcategories&post=5160"},{"taxonomy":"post_tag","embeddable":true,"href":"https:\/\/archives.regards.fr\/index.php?rest_route=%2Fwp%2Fv2%2Ftags&post=5160"}],"curies":[{"name":"wp","href":"https:\/\/api.w.org\/{rel}","templated":true}]}}