{"id":5141,"date":"2011-12-07T00:19:40","date_gmt":"2011-12-06T23:19:40","guid":{"rendered":"https:\/\/wp.muchomaas.com\/gentrification5141\/"},"modified":"2011-12-07T00:19:40","modified_gmt":"2011-12-06T23:19:40","slug":"gentrification5141","status":"publish","type":"post","link":"https:\/\/archives.regards.fr\/?p=5141","title":{"rendered":"Gentrification"},"content":{"rendered":"<p class=\"post_excerpt\">Sylvie Tissot<\/p>\n<p><strong>Comment un quartier populaire du<br \/>\nsud de Boston se transforme en<br \/>\nun territoire domin\u00e9 par la nouvelle<br \/>\nbourgeoisie<\/strong>. Sylvie Tissot enqu\u00eate<br \/>\nsur cette reconqu\u00eate du centre<br \/>\nville qui \u00e9voque les mutations des<br \/>\nquartiers populaires des grandes<br \/>\nvilles fran\u00e7aises. Et sur les microstrat\u00e9gies<br \/>\npour ma\u00eetriser espaces<br \/>\npublics, codes sociaux, valeurs<br \/>\nculturelles. Les classes sup\u00e9rieures<br \/>\nqui les mettent en oeuvre<br \/>\ndiff\u00e8rent des anciennes avec leurs<br \/>\npratiques d\u2019exclusion sociale, leur<br \/>\nh\u00e9ritage raciste, misogyne et homophobe.<br \/>\nLa valorisation de la diversit\u00e9<br \/>\nest au contraire profonde\u2026<br \/>\net contr\u00f4l\u00e9e. Des \u00e9volutions non<br \/>\nn\u00e9gligeables pour penser la ville,<br \/>\nles formes de la domination, les<br \/>\nstrat\u00e9gies d\u2019alliance de classes.<\/p>\n","protected":false},"excerpt":{"rendered":"<p>Sylvie Tissot<\/p>\n","protected":false},"author":464,"featured_media":15711,"comment_status":"open","ping_status":"open","sticky":false,"template":"","format":"standard","meta":{"_themeisle_gutenberg_block_has_review":false,"footnotes":""},"categories":[111],"tags":[392],"class_list":["post-5141","post","type-post","status-publish","format-standard","has-post-thumbnail","hentry","category-nos-selections","tag-essai"],"_links":{"self":[{"href":"https:\/\/archives.regards.fr\/index.php?rest_route=\/wp\/v2\/posts\/5141","targetHints":{"allow":["GET"]}}],"collection":[{"href":"https:\/\/archives.regards.fr\/index.php?rest_route=\/wp\/v2\/posts"}],"about":[{"href":"https:\/\/archives.regards.fr\/index.php?rest_route=\/wp\/v2\/types\/post"}],"author":[{"embeddable":true,"href":"https:\/\/archives.regards.fr\/index.php?rest_route=\/wp\/v2\/users\/464"}],"replies":[{"embeddable":true,"href":"https:\/\/archives.regards.fr\/index.php?rest_route=%2Fwp%2Fv2%2Fcomments&post=5141"}],"version-history":[{"count":0,"href":"https:\/\/archives.regards.fr\/index.php?rest_route=\/wp\/v2\/posts\/5141\/revisions"}],"wp:featuredmedia":[{"embeddable":true,"href":"https:\/\/archives.regards.fr\/index.php?rest_route=\/wp\/v2\/media\/15711"}],"wp:attachment":[{"href":"https:\/\/archives.regards.fr\/index.php?rest_route=%2Fwp%2Fv2%2Fmedia&parent=5141"}],"wp:term":[{"taxonomy":"category","embeddable":true,"href":"https:\/\/archives.regards.fr\/index.php?rest_route=%2Fwp%2Fv2%2Fcategories&post=5141"},{"taxonomy":"post_tag","embeddable":true,"href":"https:\/\/archives.regards.fr\/index.php?rest_route=%2Fwp%2Fv2%2Ftags&post=5141"}],"curies":[{"name":"wp","href":"https:\/\/api.w.org\/{rel}","templated":true}]}}