{"id":5138,"date":"2011-12-03T18:30:51","date_gmt":"2011-12-03T17:30:51","guid":{"rendered":"https:\/\/wp.muchomaas.com\/les-methodes-du-prive5138\/"},"modified":"2011-12-03T18:30:51","modified_gmt":"2011-12-03T17:30:51","slug":"les-methodes-du-prive5138","status":"publish","type":"post","link":"https:\/\/archives.regards.fr\/?p=5138","title":{"rendered":"Les m\u00e9thodes du priv\u00e9"},"content":{"rendered":"<p class=\"post_excerpt\">Alain Abelhauser,<br \/>\nRoland Gori, Marie-Jean<br \/>\nSauret<\/p>\n<p><strong>Que fait-on de notre pognon ?<\/strong><br \/>\nSur fond de R\u00e9vision g\u00e9n\u00e9rale<br \/>\ndes politiques publiques, la<br \/>\nlogique des \u00e9valuations quantitatives<br \/>\ns\u2019est impos\u00e9e \u00e0 presque<br \/>\ntous les services publics non-marchands. M\u00eame la m\u00e9thodologie<br \/>\nde ces \u00e9valuations est souvent<br \/>\ndiscutable, biais\u00e9e, quand<br \/>\nelle n\u2019est pas inadapt\u00e9e \u00e0 la discipline.<br \/>\nTrois psychanalystes, professeurs<br \/>\nde psychopathologie et<br \/>\nmembres du collectif l\u2019Appel des<br \/>\nappels, d\u00e9montrent que cette<br \/>\nirruption des m\u00e9thodes du priv\u00e9<br \/>\n(bas\u00e9es sur un concept restrictif<br \/>\net marchand de la \u00ab valeur \u00bb)<br \/>\nremet en cause les fondements<br \/>\nm\u00eames de notre contrat social.<\/p>\n","protected":false},"excerpt":{"rendered":"<p>Alain Abelhauser,<br \/>\nRoland Gori, Marie-Jean<br \/>\nSauret<\/p>\n","protected":false},"author":672,"featured_media":15708,"comment_status":"open","ping_status":"open","sticky":false,"template":"","format":"standard","meta":{"_themeisle_gutenberg_block_has_review":false,"footnotes":""},"categories":[111],"tags":[392],"class_list":["post-5138","post","type-post","status-publish","format-standard","has-post-thumbnail","hentry","category-nos-selections","tag-essai"],"_links":{"self":[{"href":"https:\/\/archives.regards.fr\/index.php?rest_route=\/wp\/v2\/posts\/5138","targetHints":{"allow":["GET"]}}],"collection":[{"href":"https:\/\/archives.regards.fr\/index.php?rest_route=\/wp\/v2\/posts"}],"about":[{"href":"https:\/\/archives.regards.fr\/index.php?rest_route=\/wp\/v2\/types\/post"}],"author":[{"embeddable":true,"href":"https:\/\/archives.regards.fr\/index.php?rest_route=\/wp\/v2\/users\/672"}],"replies":[{"embeddable":true,"href":"https:\/\/archives.regards.fr\/index.php?rest_route=%2Fwp%2Fv2%2Fcomments&post=5138"}],"version-history":[{"count":0,"href":"https:\/\/archives.regards.fr\/index.php?rest_route=\/wp\/v2\/posts\/5138\/revisions"}],"wp:featuredmedia":[{"embeddable":true,"href":"https:\/\/archives.regards.fr\/index.php?rest_route=\/wp\/v2\/media\/15708"}],"wp:attachment":[{"href":"https:\/\/archives.regards.fr\/index.php?rest_route=%2Fwp%2Fv2%2Fmedia&parent=5138"}],"wp:term":[{"taxonomy":"category","embeddable":true,"href":"https:\/\/archives.regards.fr\/index.php?rest_route=%2Fwp%2Fv2%2Fcategories&post=5138"},{"taxonomy":"post_tag","embeddable":true,"href":"https:\/\/archives.regards.fr\/index.php?rest_route=%2Fwp%2Fv2%2Ftags&post=5138"}],"curies":[{"name":"wp","href":"https:\/\/api.w.org\/{rel}","templated":true}]}}