{"id":5137,"date":"2011-12-27T08:00:00","date_gmt":"2011-12-27T07:00:00","guid":{"rendered":"https:\/\/wp.muchomaas.com\/binational5137\/"},"modified":"2011-12-27T08:00:00","modified_gmt":"2011-12-27T07:00:00","slug":"binational5137","status":"publish","type":"post","link":"https:\/\/archives.regards.fr\/?p=5137","title":{"rendered":"Binational\u2009?"},"content":{"rendered":"<p class=\"post_excerpt\">Dominique Vidal<\/p>\n<p><strong>Ces derni\u00e8res ann\u00e9es, l\u2019\u00e9chec<br \/>\ntotal du \u00ab processus de paix \u00bb et<br \/>\nle blocage du projet palestinien<br \/>\nde lib\u00e9ration nationale (durement<br \/>\naffect\u00e9 par le r\u00e9tr\u00e9cissement<br \/>\nconstant des territoires),<br \/>\nont contribu\u00e9 \u00e0 r\u00e9installer la<br \/>\nperspective d\u2019un \u00c9tat binational<br \/>\nau coeur du d\u00e9bat<\/strong>. Sans se<br \/>\nprononcer \u00ab pour ou contre \u00bb,<br \/>\nl\u2019ouvrage collectif tente d\u2019\u00e9clairer<br \/>\nles aspects historique, \u00e9conomique,<br \/>\nd\u00e9mographique, politique<br \/>\net \u00e9thique de la question.<br \/>\nIl arrive fort \u00e0-propos : \u00e0 l\u2019heure<br \/>\no\u00f9 les Palestiniens jouent leur<br \/>\nreconnaissance onusienne, le<br \/>\nd\u00e9bat sur la nature de l\u2019\u00c9tat,<br \/>\ndes \u00c9tats \u00e0 venir en Palestine-<br \/>\nIsra\u00ebl est de moins en moins<br \/>\nth\u00e9orique. <\/p>\n","protected":false},"excerpt":{"rendered":"<p>Dominique Vidal<\/p>\n","protected":false},"author":558,"featured_media":0,"comment_status":"open","ping_status":"open","sticky":false,"template":"","format":"standard","meta":{"_themeisle_gutenberg_block_has_review":false,"footnotes":""},"categories":[111],"tags":[392],"class_list":["post-5137","post","type-post","status-publish","format-standard","hentry","category-nos-selections","tag-essai"],"_links":{"self":[{"href":"https:\/\/archives.regards.fr\/index.php?rest_route=\/wp\/v2\/posts\/5137","targetHints":{"allow":["GET"]}}],"collection":[{"href":"https:\/\/archives.regards.fr\/index.php?rest_route=\/wp\/v2\/posts"}],"about":[{"href":"https:\/\/archives.regards.fr\/index.php?rest_route=\/wp\/v2\/types\/post"}],"author":[{"embeddable":true,"href":"https:\/\/archives.regards.fr\/index.php?rest_route=\/wp\/v2\/users\/558"}],"replies":[{"embeddable":true,"href":"https:\/\/archives.regards.fr\/index.php?rest_route=%2Fwp%2Fv2%2Fcomments&post=5137"}],"version-history":[{"count":0,"href":"https:\/\/archives.regards.fr\/index.php?rest_route=\/wp\/v2\/posts\/5137\/revisions"}],"wp:attachment":[{"href":"https:\/\/archives.regards.fr\/index.php?rest_route=%2Fwp%2Fv2%2Fmedia&parent=5137"}],"wp:term":[{"taxonomy":"category","embeddable":true,"href":"https:\/\/archives.regards.fr\/index.php?rest_route=%2Fwp%2Fv2%2Fcategories&post=5137"},{"taxonomy":"post_tag","embeddable":true,"href":"https:\/\/archives.regards.fr\/index.php?rest_route=%2Fwp%2Fv2%2Ftags&post=5137"}],"curies":[{"name":"wp","href":"https:\/\/api.w.org\/{rel}","templated":true}]}}