{"id":5134,"date":"2011-12-11T18:46:26","date_gmt":"2011-12-11T17:46:26","guid":{"rendered":"https:\/\/wp.muchomaas.com\/mouvement-ouvrier5134\/"},"modified":"2011-12-11T18:46:26","modified_gmt":"2011-12-11T17:46:26","slug":"mouvement-ouvrier5134","status":"publish","type":"post","link":"https:\/\/archives.regards.fr\/?p=5134","title":{"rendered":"Mouvement ouvrier"},"content":{"rendered":"<p class=\"post_excerpt\">Mathieu L\u00e9onard<\/p>\n<p><strong>Il existe, en France, peu de livres<br \/>\nsur la Premi\u00e8re Internationale,<br \/>\ncr\u00e9\u00e9e en 1864<\/strong>. Les \u00e9ditions La<br \/>\nFabrique ont eu la bonne id\u00e9e de<br \/>\ncombler cette lacune par un r\u00e9cit<br \/>\nsolide et document\u00e9. Mathieu<br \/>\nL\u00e9onard restitue une histoire et<br \/>\ndes affrontements dont le d\u00e9nouement<br \/>\nva marquer en longue<br \/>\ndur\u00e9e le mouvement ouvrier et<br \/>\ncommuniste. Marx, Proudhon,<br \/>\nBakounine\u2026 Lassaliens, blanquistes,<br \/>\nanarchistes\u2026 L\u2019auto-organisation<br \/>\nouvri\u00e8re s\u00e9par\u00e9e ou<br \/>\nla lutte politique, l\u2019\u00c9tat ou pas<br \/>\nl\u2019\u00c9tat, le parti ou le mouvement\u2026<br \/>\nToutes les questions sont d\u00e9j\u00e0 l\u00e0.<br \/>\nNous n\u2019en sommes pas sortis.<br \/>\nD\u00e8s lors, autant revisiter attentivement<br \/>\nle pass\u00e9. Pour ne pas le<br \/>\nr\u00e9p\u00e9ter ?<\/p>\n","protected":false},"excerpt":{"rendered":"<p>Mathieu L\u00e9onard<\/p>\n","protected":false},"author":328,"featured_media":15705,"comment_status":"open","ping_status":"open","sticky":false,"template":"","format":"standard","meta":{"_themeisle_gutenberg_block_has_review":false,"footnotes":""},"categories":[111],"tags":[392],"class_list":["post-5134","post","type-post","status-publish","format-standard","has-post-thumbnail","hentry","category-nos-selections","tag-essai"],"_links":{"self":[{"href":"https:\/\/archives.regards.fr\/index.php?rest_route=\/wp\/v2\/posts\/5134","targetHints":{"allow":["GET"]}}],"collection":[{"href":"https:\/\/archives.regards.fr\/index.php?rest_route=\/wp\/v2\/posts"}],"about":[{"href":"https:\/\/archives.regards.fr\/index.php?rest_route=\/wp\/v2\/types\/post"}],"author":[{"embeddable":true,"href":"https:\/\/archives.regards.fr\/index.php?rest_route=\/wp\/v2\/users\/328"}],"replies":[{"embeddable":true,"href":"https:\/\/archives.regards.fr\/index.php?rest_route=%2Fwp%2Fv2%2Fcomments&post=5134"}],"version-history":[{"count":0,"href":"https:\/\/archives.regards.fr\/index.php?rest_route=\/wp\/v2\/posts\/5134\/revisions"}],"wp:featuredmedia":[{"embeddable":true,"href":"https:\/\/archives.regards.fr\/index.php?rest_route=\/wp\/v2\/media\/15705"}],"wp:attachment":[{"href":"https:\/\/archives.regards.fr\/index.php?rest_route=%2Fwp%2Fv2%2Fmedia&parent=5134"}],"wp:term":[{"taxonomy":"category","embeddable":true,"href":"https:\/\/archives.regards.fr\/index.php?rest_route=%2Fwp%2Fv2%2Fcategories&post=5134"},{"taxonomy":"post_tag","embeddable":true,"href":"https:\/\/archives.regards.fr\/index.php?rest_route=%2Fwp%2Fv2%2Ftags&post=5134"}],"curies":[{"name":"wp","href":"https:\/\/api.w.org\/{rel}","templated":true}]}}