{"id":5128,"date":"2011-11-30T11:05:57","date_gmt":"2011-11-30T10:05:57","guid":{"rendered":"https:\/\/wp.muchomaas.com\/l-austerite-ou-la-vie5128\/"},"modified":"2023-06-23T23:10:14","modified_gmt":"2023-06-23T21:10:14","slug":"l-austerite-ou-la-vie5128","status":"publish","type":"post","link":"https:\/\/archives.regards.fr\/?p=5128","title":{"rendered":"L\u2019aust\u00e9rit\u00e9 ou la vie"},"content":{"rendered":"<p><strong>\u00ab <em>Nous sommes au bout d\u2019un monde et on s\u2019accroche aux<br \/>\nbranches<\/em> \u00bb, d\u00e9clarait Alain Souchon dans une interview \u00e0<br \/>\nl\u2019occasion de la sortie de son nouvel album<\/strong>. Quel joli r\u00e9sum\u00e9<br \/>\nd\u2019un moment historique o\u00f9 l\u2019on sent la bascule. Les certitudes<br \/>\ns\u2019effondrent, l\u2019avenir fait peur, les rouages d\u00e9mocratiques sont<br \/>\n\u00e0 bout de souffle. Une petite musique, comme un vieux refrain,<br \/>\ns\u2019installe en haut. Sauver le syst\u00e8me, co\u00fbte que co\u00fbte, alors<br \/>\nm\u00eame que le grippage de la m\u00e9canique capitaliste se r\u00e9v\u00e8le<br \/>\nau grand jour . Oui, les puissants ont choisi leur voie. Et mart\u00e8lent<br \/>\n: la dette, la dette, la dette. La compression des d\u00e9penses<br \/>\npubliques et des revenus du plus grand nombre, assortie d\u2019une<br \/>\ncapitulation devant les agences de notation, ces chiens de<br \/>\ngarde des march\u00e9s financiers, c\u2019est pourtant le cercle vicieux de<br \/>\nla r\u00e9cession et la fermeture assur\u00e9e d\u2019un horizon \u00e9mancipateur.<br \/>\nD\u00e9cid\u00e9ment, l\u2019imagination n\u2019est pas au pouvoir. Et le partage<br \/>\ndes richesses et des pouvoirs, certainement pas une obsession<br \/>\ndes gouvernants. L\u2019aust\u00e9rit\u00e9 ou la vie : l\u2019alternative est pos\u00e9e.<\/p>\n<p>Soit nous empruntons un tout autre chemin pour sortir de la<br \/>\ncrise, en renouant avec l\u2019implication populaire et la valeur d\u2019\u00e9galit\u00e9,<br \/>\nsoit nous plions devant le besoin du capital de s\u2019accro\u00eetre<br \/>\net laissons la main \u00e0 la finance et \u00e0 l\u2019oligarchie. L\u2019heure n\u2019est pas<br \/>\nau compromis mais \u00e0 l\u2019affrontement. Que la social-d\u00e9mocratie<br \/>\npartout en Europe ait choisi l\u2019aust\u00e9rit\u00e9 laisse un go\u00fbt amer\u2026<br \/>\nPapandr\u00e9ou et Zapatero n\u2019ont pas tenu t\u00eate. Hollande s\u2019aligne<br \/>\nsur cette logique, candidat \u00e0 donner du \u00ab sens \u00e0 la rigueur \u00bb promettant<br \/>\nun \u00ab z\u00e9ro d\u00e9ficit \u00bb \u00e0 court terme. Ainsi le brouillage des<br \/>\nidentit\u00e9s droite\/gauche atteint-il des sommets\u2026 Asphyxiant.<br \/>\nPour la pens\u00e9e et pour les conditions concr\u00e8tes d\u2019existence<br \/>\ndans les mois et ann\u00e9es qui viennent. Les Indign\u00e9s ne s\u2019y retrouvent<br \/>\npas et ils ont raison. Les lignes de fracture bougent, les<br \/>\nrecompositions sont \u00e0 l\u2019oeuvre, l\u2019exp\u00e9rimentation aussi m\u00eame si<br \/>\nelle \u00e9merge insuffisamment. L\u2019incertitude et le doute ne doivent<br \/>\npas l\u2019emporter sur la d\u00e9termination et l\u2019action. Une br\u00e8che s\u2019est<br \/>\nouverte, il faut s\u2019y engouffrer. L\u2019enjeu ? Construire des majorit\u00e9s<br \/>\npour inverser le cours de l\u2019histoire, emp\u00eacher le repli et la<br \/>\nconservation de s\u2019imposer, et renouer avec le principe esp\u00e9rance.<br \/>\nNi plus ni moins.<div id='gallery-1' class='gallery galleryid-5128 gallery-columns-3 gallery-size-thumbnail'><figure class='gallery-item'>\n\t\t\t<div class='gallery-icon landscape'>\n\t\t\t\t<a href='https:\/\/archives.regards.fr\/wp-content\/uploads\/2011\/11\/vies-f82.jpg'><img loading=\"lazy\" decoding=\"async\" width=\"150\" height=\"150\" src=\"https:\/\/archives.regards.fr\/wp-content\/uploads\/2011\/11\/vies-f82-150x150.jpg\" class=\"attachment-thumbnail size-thumbnail\" alt=\"L\u2019aust\u00e9rit\u00e9 ou la vie\" aria-describedby=\"gallery-1-15695\" \/><\/a>\n\t\t\t<\/div>\n\t\t\t\t<figcaption class='wp-caption-text gallery-caption' id='gallery-1-15695'>\n\t\t\t\tL\u2019aust\u00e9rit\u00e9 ou la vie\n\t\t\t\t<\/figcaption><\/figure>\n\t\t<\/div>\n<\/p>\n","protected":false},"excerpt":{"rendered":"<p>\u00ab Nous sommes au bout d\u2019un monde et on s\u2019accroche aux branches \u00bb, d\u00e9clarait Alain Souchon dans une interview \u00e0 l\u2019occasion de la sortie de son nouvel album. Quel joli r\u00e9sum\u00e9 d\u2019un moment historique o\u00f9 l\u2019on sent la bascule. Les certitudes s\u2019effondrent, l\u2019avenir fait peur, les rouages d\u00e9mocratiques sont \u00e0 bout de souffle. Une petite [&hellip;]<\/p>\n","protected":false},"author":570,"featured_media":15695,"comment_status":"open","ping_status":"open","sticky":false,"template":"","format":"standard","meta":{"_themeisle_gutenberg_block_has_review":false,"footnotes":""},"categories":[141],"tags":[328],"class_list":["post-5128","post","type-post","status-publish","format-standard","has-post-thumbnail","hentry","category-archives-web","tag-editorial"],"_links":{"self":[{"href":"https:\/\/archives.regards.fr\/index.php?rest_route=\/wp\/v2\/posts\/5128","targetHints":{"allow":["GET"]}}],"collection":[{"href":"https:\/\/archives.regards.fr\/index.php?rest_route=\/wp\/v2\/posts"}],"about":[{"href":"https:\/\/archives.regards.fr\/index.php?rest_route=\/wp\/v2\/types\/post"}],"author":[{"embeddable":true,"href":"https:\/\/archives.regards.fr\/index.php?rest_route=\/wp\/v2\/users\/570"}],"replies":[{"embeddable":true,"href":"https:\/\/archives.regards.fr\/index.php?rest_route=%2Fwp%2Fv2%2Fcomments&post=5128"}],"version-history":[{"count":0,"href":"https:\/\/archives.regards.fr\/index.php?rest_route=\/wp\/v2\/posts\/5128\/revisions"}],"wp:featuredmedia":[{"embeddable":true,"href":"https:\/\/archives.regards.fr\/index.php?rest_route=\/wp\/v2\/media\/15695"}],"wp:attachment":[{"href":"https:\/\/archives.regards.fr\/index.php?rest_route=%2Fwp%2Fv2%2Fmedia&parent=5128"}],"wp:term":[{"taxonomy":"category","embeddable":true,"href":"https:\/\/archives.regards.fr\/index.php?rest_route=%2Fwp%2Fv2%2Fcategories&post=5128"},{"taxonomy":"post_tag","embeddable":true,"href":"https:\/\/archives.regards.fr\/index.php?rest_route=%2Fwp%2Fv2%2Ftags&post=5128"}],"curies":[{"name":"wp","href":"https:\/\/api.w.org\/{rel}","templated":true}]}}