{"id":5127,"date":"2011-11-29T12:11:15","date_gmt":"2011-11-29T11:11:15","guid":{"rendered":"https:\/\/wp.muchomaas.com\/au-sommaire-du-numero-16-decembre5127\/"},"modified":"2023-06-24T17:46:20","modified_gmt":"2023-06-24T15:46:20","slug":"au-sommaire-du-numero-16-decembre5127","status":"publish","type":"post","link":"https:\/\/archives.regards.fr\/?p=5127","title":{"rendered":"Au sommaire du num\u00e9ro 16 &#8211; d\u00e9cembre 2011"},"content":{"rendered":"<p>Moment de bascule. &#8220;<a href=\"https:\/\/wp.muchomaas.com\/politique\/l-austerite-ou-la-vie\"><em>L\u2019aust\u00e9rit\u00e9 ou la vie : l\u2019alternative est pos\u00e9e<\/em>&#8220;, juge <strong>Cl\u00e9mentine Autain dans son \u00e9ditorial <\/strong><\/a> .<\/p>\n<p>Dans <strong>le Bloc-Notes de d\u00e9cembre<\/strong>, <a href=\"https:\/\/wp.muchomaas.com\/environnement\/sante-au-travail-les-pesticides\">on parle de la sant\u00e9 au travail<\/a> avec la reconnaissance r\u00e9cente de <strong>Parkinson en maladie professionnelle<\/strong> dans le milieu agricole; on apprend que <a href=\"https:\/\/wp.muchomaas.com\/resistances\/occupy-wall-street-american-hero\"><strong>l&#8217;un des h\u00e9ros d&#8217;Occupy Wall street est un flic<\/strong><\/a>; et <a href=\"https:\/\/wp.muchomaas.com\/resistances\/guy-delisle-grave-et-leger\">on s&#8217;en va observer J\u00e9rusalem avec un <strong>3 questions \u00e0 Guy Delisle<\/strong><\/a>, auteur d&#8217;un roman graphique autour de cette ville de tous les d\u00e9chirements et de toutes les convoitises. <\/p>\n<p><a href=\"https:\/\/wp.muchomaas.com\/societe\/comme-toutes-les-putes\">Pour rigoler, <strong>Nicolas Bedos traite une interlocutrice un peu critique de &#8220;pute<\/strong>&#8221; \u00e0 la t\u00e9l\u00e9<\/a>. Et de &#8220;connasse&#8221; aussi. Pour rigoler, donc. D\u00e9cryptage m\u00e9dias.<\/p>\n<p><strong>Le SMIC \u00e0 1700 \u20ac, c&#8217;est une proposition du Front de gauche<\/strong>. R\u00e9aliste? Souhaitable? <strong>Thomas Piketty<\/strong>, professeur \u00e0 l\u2019\u00c9cole d&#8217;\u00e9conomie de Paris et <strong>Jacques Rigaudiat<\/strong>, membre du conseil de campagne du Front de gauche, en discutent dans la Controverse du mois.<\/p>\n<p>A voir <strong>uniquement dans le mensuel <\/strong> (disponible tous les mois pour 5, 90 \u20ac en kiosque ou, beaucoup mieux, <a href=\"https:\/\/wp.muchomaas.com\/boutique\/abonnements\">en s&#8217;abonnant \u00e0 l&#8217;ann\u00e9e<\/a>) <strong>un portfolio <em>En Somme<\/em> <\/strong>, travail r\u00e9alis\u00e9 dans le cadre d\u2019une r\u00e9sidence<br \/>\nphotographique sur la ruralit\u00e9 en Picardie en 2009-2010. L&#8217;ineffable charme de la chasse, de la boue et des dimanches gris pluie. On est en d\u00e9cembre, quand m\u00eame.<\/p>\n<p><strong>Le dossier du mois s&#8217;en prend \u00e0 l&#8217;aust\u00e9rit\u00e9, d\u00e9sormais vendue par les gouvernements lib\u00e9raux comme l&#8217;horizon ind\u00e9passable de chaque citoyen<\/strong>.  Face \u00e0 cela, des pistes alternatives concr\u00e8tes, puis\u00e9es dans les propositions de la gauche alternative. <a href=\"https:\/\/wp.muchomaas.com\/politique\/les-cent-jours\">La gauche, si elle est au pouvoir, aura cent jours pour enclencher un v\u00e9ritable processus de rupture<\/a>, explique <strong>Roger Martelli<\/strong>.<br \/>\n<a href=\"https:\/\/wp.muchomaas.com\/politique\/dialogue-pour-une-autre-europe\">L&#8217;eurod\u00e9put\u00e9 grec <strong>Nikolaos Chountis<\/strong> et son homologue allemand <strong>J\u00fcrgen Klute<\/strong><\/a>, tous deux membres du groupe conf\u00e9d\u00e9ral de la Gauche unitaire europ\u00e9enne \u00e9changent sur la dette, la gauche et l&#8217;Europe.<br \/>\n<a href=\"https:\/\/wp.muchomaas.com\/economie\/refonder-la-science-economique\">Dans un entretien, <strong>l&#8217;\u00e9conomiste Andr\u00e9 Orl\u00e9an<\/strong><\/a> propose, lui, de &#8220;<em>refonder la science \u00e9conomique<\/em>&#8220;.<\/p>\n<p><strong>Le Nouveau Parti anticapitaliste dont la cr\u00e9ation il y a trois ans <\/strong>avait suscit\u00e9 un espoir au sein de la gauche de gauche est aujourd&#8217;hui en peine. Et <a href=\"https:\/\/wp.muchomaas.com\/politique\/npa-c-est-la-claque-finale\">toujours pas s\u00fbr de rassembler les 500 signatures<\/a> qui permettront \u00e0 son candidat <strong>Philippe Poutou<\/strong> de se lancer dans la campagne pr\u00e9sidentielle. Pourquoi?<\/p>\n<p>Au fil des ans, depuis la fusion entre l&#8217;Anpe et l&#8217;Assedic, cela s&#8217;est install\u00e9 comme une \u00e9vidence: <strong><a href=\"https:\/\/wp.muchomaas.com\/societe\/pole-emploi-apres-la-fusion-l\">P\u00f4le-emploi n&#8217;a pas les moyens mat\u00e9riels et humains de remplir ses missions<\/a><\/strong>. Reportage dans une maison o\u00f9 la surchauffe fait des d\u00e9g\u00e2ts des deux c\u00f4t\u00e9s du guichet.<\/p>\n<p><strong>La crise du logement frappe fort en France: 36 % des 18-25<br \/>\nans vivent dans des \u00ab substituts de logement \u00bb<\/strong>&#8230; <a href=\"https:\/\/wp.muchomaas.com\/societe\/mal-logement-des-solutions\">Il existe malgr\u00e9 tout des solutions alternatives<\/a> dont certaines ont d\u00e9j\u00e0 fait leurs preuves. <a href=\"https:\/\/wp.muchomaas.com\/societe\/a-rome-les-squatteurs-font-du\">Par exemple \u00e0 Rome, o\u00f9 les squatteurs peuvent s&#8217;organiser en coop\u00e9rative<\/a>.<\/p>\n<p><strong>Le 14 d\u00e9cembre 2010, un jeune homme se suicidait \u00e0 Sidi-Bouzid, Tunisie, d\u00e9clenchant  le &#8220;printemps arabe&#8221;<\/strong>. <a href=\"https:\/\/wp.muchomaas.com\/monde\/l-intifada-tunisienne-refuse-la\">Un an apr\u00e8s, les pays occidentaux, France en t\u00eate, semblent avoir du mal \u00e0 mesurer \u00e0 quel point cet \u00e9v\u00e8nement historique fait bouger les lignes<\/a>. Nous avons donn\u00e9 la parole \u00e0 des tunisiens, au lendemain des \u00e9lections du 23 octobre qui ont vu la victoire des islamistes d&#8217;Ennahda. <a href=\"https:\/\/wp.muchomaas.com\/monde\/vive-dieu-et-le-fmi%E2%80%89\">Le <strong>chercheur sp\u00e9cialiste de l&#8217;islam Vincent Geisser<\/strong>, co-auteur d&#8217;un r\u00e9cent ouvrage sur les r\u00e9volutions arabes<\/a>, analyse le sens profond de ce vote. Et <a href=\"https:\/\/wp.muchomaas.com\/monde\/egypte-une-femme-dans-la-course\">portrait d&#8217;une candidate egyptienne<\/a>, ex animatrice star de la T\u00e9l\u00e9 nationale, aux \u00e9lections pr\u00e9sidentielles pr\u00e9vues en 2012. <\/p>\n<p><strong>La s\u00e9rie En campagne<\/strong> se d\u00e9territorialise ce mois-ci pour s&#8217;int\u00e9resser \u00e0 <strong>la R\u00e9publique des lobbies<\/strong>. <a href=\"https:\/\/wp.muchomaas.com\/politique\/la-republique-des-lobbies\">O\u00f9 l&#8217;on parle de grands patrons, d&#8217;agence de conseil, de think tanks et d&#8217;influence<\/a>&#8230;<\/p>\n<p><strong>Il y a cinquante ans, le 6 d\u00e9cembre 1961 mourrait Frantz Fanon,<\/strong> psychiatre, militant anticolonialiste, r\u00e9volutionnaire, auteur d&#8217;ouvrages majeurs. La rubrique Id\u00e9e de d\u00e9cembre lui est consacr\u00e9. Avec un entretien avec <a href=\"https:\/\/wp.muchomaas.com\/idees\/frantz-fanon-la-lutte-des-corps\"><strong>la f\u00e9ministe et philosophe Elsa Dorlin<\/strong> qui \u00e9claire d&#8217;un autre jour cette figure contemporaine essentielle<\/a>. <\/p>\n<p><strong>L&#8217;\u00e9pisode 2 des aventures de Rosa Lo et Dis\u2019gust<\/strong>  (cr\u00e9ations de Diane Scott) revient sur <a href=\"https:\/\/wp.muchomaas.com\/culture\/les-aventures-de-rosa-lo-et-dis-5169\">les r\u00e9centes crises de christianisme autour des th\u00e9\u00e2tres de France<\/a>.<\/p>\n<p><strong>Le grand entretien du mois est men\u00e9 avec <a href=\"https:\/\/wp.muchomaas.com\/idees\/richard-stallman-je-ne-veux-pas\">Richard Stallman<\/strong>, p\u00e8re du logiciel libre<\/a>: le pire ennemi de Bill Gates et de feu Steve Jobs.<\/p>\n<p>Ainsi que tous les rendez-vous du mensuel : les chroniques de <strong><a href=\"https:\/\/wp.muchomaas.com\/nos-regards\/arnaud-viviant\/la-coree-du-nord-la-visite-du\">Arnaud Viviant<\/a>, <a href=\"https:\/\/wp.muchomaas.com\/nos-regards\/leila-chaibi\/perdre-sa-vie-a-la-gagner\">Le\u00efla Chaibi<\/a>, <a href=\"https:\/\/wp.muchomaas.com\/nos-regards\/thomas-bauder\/time-out-film-rouge\">Thomas Bauder<\/a>, <a href=\"https:\/\/wp.muchomaas.com\/societe\/j-irai-chroniquer-sur-vos-tombes\">Nicolas Kssis<\/a><\/strong>. Et bien entendu, nos s\u00e9lections essais et culture.<\/p>\n","protected":false},"excerpt":{"rendered":"<p>Moment de bascule. &#8220;L\u2019aust\u00e9rit\u00e9 ou la vie : l\u2019alternative est pos\u00e9e&#8220;, juge Cl\u00e9mentine Autain dans son \u00e9ditorial . Dans le Bloc-Notes de d\u00e9cembre, on parle de la sant\u00e9 au travail avec la reconnaissance r\u00e9cente de Parkinson en maladie professionnelle dans le milieu agricole; on apprend que l&#8217;un des h\u00e9ros d&#8217;Occupy Wall street est un flic; [&hellip;]<\/p>\n","protected":false},"author":1,"featured_media":0,"comment_status":"closed","ping_status":"open","sticky":false,"template":"","format":"standard","meta":{"_themeisle_gutenberg_block_has_review":false,"footnotes":""},"categories":[262],"tags":[371],"class_list":["post-5127","post","type-post","status-publish","format-standard","hentry","category-archives","tag-sommaire"],"_links":{"self":[{"href":"https:\/\/archives.regards.fr\/index.php?rest_route=\/wp\/v2\/posts\/5127","targetHints":{"allow":["GET"]}}],"collection":[{"href":"https:\/\/archives.regards.fr\/index.php?rest_route=\/wp\/v2\/posts"}],"about":[{"href":"https:\/\/archives.regards.fr\/index.php?rest_route=\/wp\/v2\/types\/post"}],"author":[{"embeddable":true,"href":"https:\/\/archives.regards.fr\/index.php?rest_route=\/wp\/v2\/users\/1"}],"replies":[{"embeddable":true,"href":"https:\/\/archives.regards.fr\/index.php?rest_route=%2Fwp%2Fv2%2Fcomments&post=5127"}],"version-history":[{"count":0,"href":"https:\/\/archives.regards.fr\/index.php?rest_route=\/wp\/v2\/posts\/5127\/revisions"}],"wp:attachment":[{"href":"https:\/\/archives.regards.fr\/index.php?rest_route=%2Fwp%2Fv2%2Fmedia&parent=5127"}],"wp:term":[{"taxonomy":"category","embeddable":true,"href":"https:\/\/archives.regards.fr\/index.php?rest_route=%2Fwp%2Fv2%2Fcategories&post=5127"},{"taxonomy":"post_tag","embeddable":true,"href":"https:\/\/archives.regards.fr\/index.php?rest_route=%2Fwp%2Fv2%2Ftags&post=5127"}],"curies":[{"name":"wp","href":"https:\/\/api.w.org\/{rel}","templated":true}]}}