{"id":5124,"date":"2011-11-21T16:00:00","date_gmt":"2011-11-21T15:00:00","guid":{"rendered":"https:\/\/wp.muchomaas.com\/pourquoi-les-verts-espagnols-ne5124\/"},"modified":"2023-06-23T23:10:13","modified_gmt":"2023-06-23T21:10:13","slug":"pourquoi-les-verts-espagnols-ne5124","status":"publish","type":"post","link":"https:\/\/archives.regards.fr\/?p=5124","title":{"rendered":"Pourquoi les Verts espagnols ne d\u00e9collent pas"},"content":{"rendered":"<p class=\"post_excerpt\">Le parti vert <em>Equo<\/em> n&#8217;obtient qu&#8217;un \u00ab demi \u00bb si\u00e8ge au parlement espagnol. Malgr\u00e9 la situation environnementale catastrophique dans le pays, l&#8217;\u00e9cologie politique reste insignifiante au royaume ib\u00e9rique.<\/p>\n<p>\u00ab<em>\u00a0Apr\u00e8s de bons r\u00e9sultats en Allemagne et au Danemark, le parti vert europ\u00e9en place beaucoup d&#8217;espoir dans les \u00e9lections g\u00e9n\u00e9rales espagnoles<\/em>\u00a0\u00bb confiait fin septembre Monica Frassoni, pr\u00e9sidente du groupe \u00e9cologiste au parlement europ\u00e9en. Fait unique sur le vieux continent, les \u00e9cologistes ne s&#8217;\u00e9taient encore jamais pr\u00e9sent\u00e9s aux \u00e9lections g\u00e9n\u00e9rales espagnoles. En cr\u00e9ant <em>Equo<\/em> il y a presque un an, Juantxo Uralde, ancien pr\u00e9sident de Greenpeace Espagne, aurait bien aim\u00e9 bouleverser le paysage politique et peser au parlement en cette p\u00e9riode de crise profonde. En effet, le mod\u00e8le de croissance espagnole, fond\u00e9 sur la construction de logements et d&#8217;infrastructures, s&#8217;est \u00e9croul\u00e9 en 2008 lorsque la bulle immobili\u00e8re a \u00e9clat\u00e9 au grand jour. Depuis, l&#8217;Espagne pr\u00e9sente un secteur bancaire plus que fragile, le taux ch\u00f4mage le plus \u00e9lev\u00e9 de l&#8217;UE avec 22% de la population active, mais aussi un ensemble de cons\u00e9quences irr\u00e9versibles pour l&#8217;environnement. Un exemple: entre 1986 et 2006, la superficie asphalt\u00e9e et les \u00e9missions de CO2 espagnoles ont augment\u00e9 de 60%. <\/p>\n<p>Pourtant, il faudra encore attendre avant de voir l&#8217;\u00e9mergence du vote vert dans le royaume ib\u00e9rique. Le parti politique <em>Equo<\/em>, avec seulement 215 000 voix n&#8217;a pas profit\u00e9 de la mobilisation sociale sans pr\u00e9c\u00e9dent que connait l&#8217;Espagne depuis le 15 mai. <em>Equo<\/em> n&#8217;obtient qu&#8217;un seul si\u00e8ge et ce dans la Communaut\u00e9 Automne de Valencia, o\u00f9 la formation avait rejoint la coalition r\u00e9gionaliste <em>Compromis<\/em>. Un demi-si\u00e8ge donc, qui fait d&#8217;<em>Equo<\/em> une \u00ab\u00a0fourmi\u00a0\u00bb\u00a0politique dans une assembl\u00e9e largement domin\u00e9e par le gagnant historique du scrutin\u00a0: le <em>Partido Popular<\/em> (PP) qui compte d\u00e9sormais 186 d\u00e9put\u00e9s (sur 350 si\u00e8ges).<\/p>\n<p>Si pour la premi\u00e8re fois une liste \u00e9cologiste est pr\u00e9sent\u00e9e aux \u00e9lections g\u00e9n\u00e9rales, le vote vert semble \u00eatre rest\u00e9 fid\u00e8le \u00e0 <em>Izquierda Unida<\/em> (IU), troisi\u00e8me force politique du pays avec 11 si\u00e8ges, ou encore \u00e0 la nouvelle formation de la gauche basque <em>Amaiur<\/em> qui fait une entr\u00e9e fracassante au parlement avec 7 d\u00e9put\u00e9s. \u00ab\u00a0Equo <em>malgr\u00e9 les bonnes intentions de ses votants, affaiblit le vote de la gauche et promeut une \u00e9cologie molle<\/em>\u00a0\u00bb confie un militant d\u2019IU. Plus consensuelle que son \u00e9quivalent fran\u00e7ais, <em>Equo<\/em> d\u00e9fend en effet une vision environnementaliste sous le mod\u00e8le anglo-saxon <em>Greenpeace<\/em>. Ceci lui a valu beaucoup de critiques : faiblesse de son projet en mati\u00e8re de justice sociale\u00a0; absence de remise en cause des probl\u00e8mes \u00e0 la racine\u00a0; trop grande place donn\u00e9e \u00e0 la communication\u00a0; etc.  <\/p>\n<h2>Retard de la prise de conscience<\/h2>\n<p>\u00ab<em>\u00a0L\u2019\u00e9cologie est une m\u00e9taphore de notre \u00e9poque car elle met en relief les contradictions et les stigmates de nos soci\u00e9t\u00e9s<\/em>\u00a0\u00bb explique la philosophe Beatriz Santamaria Campos. En Espagne, la marginalit\u00e9 du vote vert s\u2019explique par l&#8217;h\u00e9ritage franquiste de la soci\u00e9t\u00e9 espagnole, lui-m\u00eame encore incarn\u00e9 par la criminalisation de l\u2019activisme politique. En effet, l&#8217;\u00e9closion du mouvement \u00e9cologiste moderne survient dans le contexte des mobilisations universitaires des sixties, marqu\u00e9es par l&#8217;influence du \u00ab\u00a0Club de Rome\u00a0\u00bb, groupe de r\u00e9flexion \u00e9clectique a qui l&#8217;on doit notamment la notion d&#8217;empreinte \u00e9cologique. A l&#8217;\u00e9poque, le ph\u00e9nom\u00e8ne environnemental se normalise et s&#8217;institutionnalise dans les pays d\u00e9velopp\u00e9s. Aux Etats-Unis c&#8217;est la naissance des agences f\u00e9d\u00e9rales comme l&#8217;<em>Environmental Protection Agency<\/em> et la cr\u00e9ation du <em>World Wildlife Fund<\/em> (WWF). Or au m\u00eame moment, l&#8217;Espagne vit encore sous la dictature Franquiste, cet h\u00e9ritage anachronique de l&#8217;apr\u00e8s-seconde-guerre mondiale. La mobilisation universitaire est consid\u00e9rable mais la r\u00e9pression toute autant\u00a0: les valeurs \u00e9cologistes ne parviendront pas s&#8217;ancrer et aujourd\u2019hui, le retard en mati\u00e8re de prise de conscience environnementale est encore manifeste en Espagne. La consommation de produits biologiques y est l&#8217;une des plus faibles de l\u2019UE alors que les OGM y sont commercialis\u00e9s depuis 2002, faisant du royaume ib\u00e9rique le seul pays o\u00f9 les cultures transg\u00e9niques sont vraiment significatives\u00a0: 100 000 hectares y sont d\u00e9di\u00e9s. <\/p>\n<p>Par ailleurs, \u00ab<em> pendant des ann\u00e9es, le terrorisme de basse intensit\u00e9 d\u2019ETA a l\u00e9gitim\u00e9 les d\u00e9rives r\u00e9pressives de l&#8217;\u00e9tat \u00e0 l\u2019encontre des mouvements sociaux et \u00e9cologistes<\/em>\u00a0\u00bb explique Inaki Barcena, professeur de sciences politiques \u00e0 l\u2019UPV de Bilbao. Le dernier \u00e9pisode en date fait froid dans le dos\u00a0! Pour avoir entart\u00e9 \u00e0 Toulouse le 27 octobre dernier la pr\u00e9sidente de la  communaut\u00e9 forale de Navarre [[une des 17 communaut\u00e9s autonomes d&#8217;Espagne, capitale Pampelune]], trois militants anti-LGV (ligne ferroviaire  \u00e0 grande vitesse) ont \u00e9t\u00e9 jug\u00e9s le 16 novembre \u00e0 Madrid par un tribunal d\u2019exception. Ces \u00e9cologistes du mouvement Mugitu encourent entre quatre et six ans de prison ferme car l&#8217;Audience nationale, la plus haute instance p\u00e9nale espagnole, les a mis en cause pour &#8220;<em>attentat contre une personne d\u00e9positaire de l&#8217;autorit\u00e9 publique<\/em>&#8220;. Vu de ce cot\u00e9 des Pyr\u00e9n\u00e9es, le chef d\u2019accusation apparait disproportionn\u00e9, voir ubuesque. A titre de comparaison, pour avoir fait de ses victimes, Bernard-Henri L\u00e9vy, Bill Gates, Nicolas Sarkozy ou PPDA, le c\u00e9l\u00e8bre entarteur belge Georges Le Gloupier n\u2019a jamais \u00e9t\u00e9 poursuivi par la justice. <\/p>\n<h2>Une droite anti-\u00e9colo<\/h2>\n<p>Mais la droite espagnole pr\u00e9sente encore les traits du franquisme sociologique, avec notamment comme pr\u00e9sident d\u2019honneur Manuel Fraga, ex-ministre du dictateur Franco. L\u2019\u00e9lection de Mariano Rajoy, pr\u00e9sident du parti populaire \u00e0 la t\u00eate de l\u2019ex\u00e9cutif madril\u00e8ne annonce le retour du conservatisme et le m\u00e9pris environnemental. La protection du milieu naturel, la biodiversit\u00e9, Fukushima, la surp\u00eache n\u2019ont pas constitu\u00e9 des enjeux \u00e9lectoraux pour le Parti Socialiste (PSOE) et le PP lors du scrutin du 20 novembre. Le discours \u00e9cologiste a souvent \u00e9t\u00e9 per\u00e7u comme une provocation, en raison de sa mise en \u00e9chec des syst\u00e8mes de pens\u00e9e classique et parce que la menace environnementale oblige \u00e0 interpr\u00e9ter diff\u00e9remment le monde de demain. Les cadres du PP se sont souvent align\u00e9s sur les positions des climato-septiques. Et Mariano Rajoy a annonc\u00e9 que dans l\u2019\u00e9tat actuel de la crise, le nouveau gouvernement n\u2019accomplirait pas l\u2019objectif souhait\u00e9 par l\u2019UE \u00e0 savoir une r\u00e9duction de 30% des gaz \u00e0 effet de serre d\u2019ici 2020. Le PP qui avait d\u00e9cid\u00e9 de ne pas voter en faveur de la r\u00e9solution de la commission europ\u00e9enne, a m\u00eame pr\u00e9sent\u00e9 un rapport o\u00f9 il recommande aux autres pays d\u00e9velopp\u00e9s de ne pas d\u00e9fendre la proposition. \u00ab\u00a0<em>La lutte contre le changement climatique ne doit pas entraver la comp\u00e9tition de l\u2019industrie europ\u00e9enne<\/em>.\u00a0\u00bb pouvait-on y lire. Et ce n&#8217;est donc qu\u2019un d\u00e9but. <div id='gallery-1' class='gallery galleryid-5124 gallery-columns-3 gallery-size-thumbnail'><figure class='gallery-item'>\n\t\t\t<div class='gallery-icon landscape'>\n\t\t\t\t<a href='https:\/\/archives.regards.fr\/wp-content\/uploads\/2011\/11\/verts_espagne_nov11_-_copie_3_-c60.jpg'><img loading=\"lazy\" decoding=\"async\" width=\"150\" height=\"150\" src=\"https:\/\/archives.regards.fr\/wp-content\/uploads\/2011\/11\/verts_espagne_nov11_-_copie_3_-c60-150x150.jpg\" class=\"attachment-thumbnail size-thumbnail\" alt=\"Pourquoi les Verts espagnols ne d\u00e9collent pas\" aria-describedby=\"gallery-1-15685\" \/><\/a>\n\t\t\t<\/div>\n\t\t\t\t<figcaption class='wp-caption-text gallery-caption' id='gallery-1-15685'>\n\t\t\t\tPourquoi les Verts espagnols ne d\u00e9collent pas\n\t\t\t\t<\/figcaption><\/figure><figure class='gallery-item'>\n\t\t\t<div class='gallery-icon landscape'>\n\t\t\t\t<a href='https:\/\/archives.regards.fr\/wp-content\/uploads\/2011\/11\/verts_espagne_nov11-26a.jpg'><img loading=\"lazy\" decoding=\"async\" width=\"150\" height=\"150\" src=\"https:\/\/archives.regards.fr\/wp-content\/uploads\/2011\/11\/verts_espagne_nov11-26a-150x150.jpg\" class=\"attachment-thumbnail size-thumbnail\" alt=\"verts_espagne_nov11.jpg\" \/><\/a>\n\t\t\t<\/div><\/figure>\n\t\t<\/div>\n<\/p>\n","protected":false},"excerpt":{"rendered":"<p>Le parti vert <em>Equo<\/em> n&#8217;obtient qu&#8217;un \u00ab demi \u00bb si\u00e8ge au parlement espagnol. Malgr\u00e9 la situation environnementale catastrophique dans le pays, l&#8217;\u00e9cologie politique reste insignifiante au royaume ib\u00e9rique.<\/p>\n","protected":false},"author":1,"featured_media":15685,"comment_status":"open","ping_status":"open","sticky":false,"template":"","format":"standard","meta":{"_themeisle_gutenberg_block_has_review":false,"footnotes":""},"categories":[141],"tags":[290,352],"class_list":["post-5124","post","type-post","status-publish","format-standard","has-post-thumbnail","hentry","category-archives-web","tag-elections","tag-europe"],"_links":{"self":[{"href":"https:\/\/archives.regards.fr\/index.php?rest_route=\/wp\/v2\/posts\/5124","targetHints":{"allow":["GET"]}}],"collection":[{"href":"https:\/\/archives.regards.fr\/index.php?rest_route=\/wp\/v2\/posts"}],"about":[{"href":"https:\/\/archives.regards.fr\/index.php?rest_route=\/wp\/v2\/types\/post"}],"author":[{"embeddable":true,"href":"https:\/\/archives.regards.fr\/index.php?rest_route=\/wp\/v2\/users\/1"}],"replies":[{"embeddable":true,"href":"https:\/\/archives.regards.fr\/index.php?rest_route=%2Fwp%2Fv2%2Fcomments&post=5124"}],"version-history":[{"count":0,"href":"https:\/\/archives.regards.fr\/index.php?rest_route=\/wp\/v2\/posts\/5124\/revisions"}],"wp:featuredmedia":[{"embeddable":true,"href":"https:\/\/archives.regards.fr\/index.php?rest_route=\/wp\/v2\/media\/15685"}],"wp:attachment":[{"href":"https:\/\/archives.regards.fr\/index.php?rest_route=%2Fwp%2Fv2%2Fmedia&parent=5124"}],"wp:term":[{"taxonomy":"category","embeddable":true,"href":"https:\/\/archives.regards.fr\/index.php?rest_route=%2Fwp%2Fv2%2Fcategories&post=5124"},{"taxonomy":"post_tag","embeddable":true,"href":"https:\/\/archives.regards.fr\/index.php?rest_route=%2Fwp%2Fv2%2Ftags&post=5124"}],"curies":[{"name":"wp","href":"https:\/\/api.w.org\/{rel}","templated":true}]}}