{"id":5116,"date":"2011-11-18T10:05:23","date_gmt":"2011-11-18T09:05:23","guid":{"rendered":"https:\/\/wp.muchomaas.com\/l-espagne-a-l-heure-du5116\/"},"modified":"2023-06-23T23:10:11","modified_gmt":"2023-06-23T21:10:11","slug":"l-espagne-a-l-heure-du5116","status":"publish","type":"post","link":"https:\/\/archives.regards.fr\/?p=5116","title":{"rendered":"L\u2019Espagne \u00e0 l\u2019heure du d\u00e9senchantement"},"content":{"rendered":"<p class=\"post_excerpt\">Coinc\u00e9s entre plans de licenciements et mesures d\u2019aust\u00e9rit\u00e9, les<br \/>\nEspagnols subissent la crise de plein fouet. \u00c0 quelques jours des \u00e9lections<br \/>\nl\u00e9gislatives, les sondages penchent s\u00e9rieusement \u00e0 droite.<\/p>\n<p>Salaires trop bas,<br \/>\nr\u00e9duction de personnel,<br \/>\nsuppression<br \/>\nd\u2019aides\u2026<br \/>\nLa rue espagnole<br \/>\na vu d\u00e9filer des milliers de<br \/>\nmanifestants en r\u00e9ponse aux<br \/>\nmesures d\u2019aust\u00e9rit\u00e9 con\u00e7ues<br \/>\npour faire face \u00e0 la dette. \u00ab<em> On<br \/>\npeut parler d\u2019une attaque<br \/>\nsyst\u00e9matique envers les acquis<br \/>\ndes classes populaires,<br \/>\ncomme l\u2019acc\u00e8s publique \u00e0 l\u2019<br \/>\n\u00e9ducation et \u00e0 la sant\u00e9<\/em>, affirme<br \/>\nAntonio, professeur \u00e0 Valencia.<br \/>\n<em>Dans nos \u00e9tablissements, des<br \/>\npostes disparaissent, parfois il<br \/>\nn\u2019y a pas de rempla\u00e7ants pendant<br \/>\nles cong\u00e9s maladies.<\/em> \u00bb<br \/>\n\u00c9coles secondaires et h\u00f4pitaux<br \/>\nont \u00e9t\u00e9 les premi\u00e8res victimes<br \/>\nde ce qui est connu comme<br \/>\n\u00ab <em>El Tijeretazo<\/em> \u00bb, le coup de<br \/>\nciseaux des administrations<br \/>\ndes Communaut\u00e9s autonomes<br \/>\n(r\u00e9gions). G\u00e9r\u00e9es pour la plupart<br \/>\npar le Parti populaire (PP)<br \/>\n\u2013 de droite \u2013 apr\u00e8s son \u00e9crasante<br \/>\nvictoire aux \u00e9lections<br \/>\nr\u00e9gionales du 22 mai, les r\u00e9gions<br \/>\nont entam\u00e9 une politique<br \/>\nd\u2019aust\u00e9rit\u00e9 visant \u00e0 \u00e9conomiser<br \/>\njusqu\u2019\u00e0 10 % du budget selon<br \/>\nles endroits. \u00c0 Madrid, on a<br \/>\naugment\u00e9 de deux heures par<br \/>\nsemaine l\u2019emploi du temps des<br \/>\nprofesseurs, afin de permettre<br \/>\nle licenciement de 1 000 profs<br \/>\nnon titulaires ; en Catalogne,<br \/>\nla Generalitat (gouvern\u00e9e<br \/>\npar le CiU, groupe nationaliste<br \/>\nconservateur) op\u00e8re une<br \/>\nr\u00e9duction budg\u00e9taire d\u2019un milliard<br \/>\nd\u2019euros dans le secteur<br \/>\nde la sant\u00e9 : on demande aux<br \/>\nprofessionnels de renoncer \u00e0<br \/>\nune partie de leur paie de No\u00ebl,<br \/>\net les h\u00f4pitaux devront fermer<br \/>\nleurs portes pendant cinq<br \/>\njours d\u2019ici \u00e0 la fin de l\u2019ann\u00e9e,<br \/>\ngrossissant les listes d\u2019attente<br \/>\npour les examens et les blocs<br \/>\nop\u00e9ratoires\u2026<\/p>\n<h2>Rigueur extr\u00eame<\/h2>\n<p>Chacune de ces mesures a<br \/>\nsuscit\u00e9 de fortes r\u00e9actions<br \/>\nde la part des professionnels<br \/>\nconcern\u00e9s. \u00ab <em>Les \u00e9coles<br \/>\npubliques manquent de personnel,<br \/>\nalors que les administrations<br \/>\nsubventionnent les<br \/>\n\u00e9coles semi-priv\u00e9es, elles sont<br \/>\nfinanc\u00e9es \u00e0 90 % par l\u2019\u00c9tat<br \/>\nmais sont souvent g\u00e9r\u00e9es<br \/>\npar l\u2019\u00c9glise<\/em> \u00bb, d\u00e9nonce Javier,<br \/>\n37 ans, professeur \u00e0 Barcelone.<br \/>\n\u00ab <em>Nous sentons une \u00e9vidente<br \/>\nintention de privatiser<br \/>\nla sant\u00e9 et l\u2019\u00e9ducation de la<br \/>\npart de ceux qui savent qu\u2019ils<br \/>\nvont gouverner \u00e0 partir du<br \/>\n20 novembre<\/em> \u00bb, ajoute-t-il,<br \/>\nfaisant r\u00e9f\u00e9rence au succ\u00e8s<br \/>\nattendu du PP.<\/p>\n<p>Victime de la fin de l\u2019\u00e9poque<br \/>\ndor\u00e9e de la construction<br \/>\n(appel\u00e9e \u00ab<em> el ladrillo<\/em> \u00bb ou l\u2019\u00e9conomie<br \/>\n\u00ab <em>de la brique<\/em> \u00bb) et de<br \/>\nl\u2019explosion de la bulle immobili\u00e8re,<br \/>\nl\u2019\u00e9conomie espagnole<br \/>\npeine \u00e0 se relever. L\u2019une des<br \/>\npremi\u00e8res mesures impopulaires<br \/>\nfut impos\u00e9e par l\u2019\u00c9tat,<br \/>\nlorsque Jos\u00e9 Luis Zapatero<br \/>\na annonc\u00e9 en mai 2010 une<br \/>\nr\u00e9duction moyenne de 5 % sur les salaires de tous les<br \/>\nfonctionnaires. Mais cela n\u2019a<br \/>\npas \u00e9t\u00e9 le seul coup de rabot,<br \/>\ndes retards et des gels sont \u00e0<br \/>\nl\u2019ordre du jour : \u00ab <em>J\u2019ai un contrat<br \/>\npour les nuits de garde, mais<br \/>\ncela fait quatre mois que je ne<br \/>\ntouche pas le salaire de mon<br \/>\ncontrat r\u00e9gulier \u2013 qui d\u00e9pend<br \/>\ndu minist\u00e8re de la Sant\u00e9 \u2013<br \/>\nparce que le financement<br \/>\nn\u2019est pas d\u00e9bloqu\u00e9<\/em> \u00bb, explique<br \/>\nMarta, 29 ans, neurologue. La<br \/>\nrecherche scientifique n\u2019a pas<br \/>\nnon plus fait partie des priorit\u00e9s<br \/>\nde l\u2019\u00c9tat : \u00ab <em>Nous avons<br \/>\nsubi une nette r\u00e9duction des<br \/>\nbourses et fonds attribu\u00e9s aux<br \/>\nprojets<\/em>, regrette Jos\u00e9 Antonio,<br \/>\nbiologiste fonctionnel et ancien<br \/>\nma\u00eetre de conf\u00e9rences. <em>Des<br \/>\nunit\u00e9s de recherche sont en<br \/>\ntrain de dispara\u00eetre, nous parlons<br \/>\nde groupes de prestige,<br \/>\nqui publient depuis vingt ans<br \/>\ndes articles dans des revues<br \/>\nscientifiques renomm\u00e9es.<\/em> \u00bb Et<br \/>\nd\u2019ajouter que sa retraite est<br \/>\n\u00ab <em>une chance<\/em> \u00bb en comparaison<br \/>\ndu sort de ses jeunes<br \/>\ncoll\u00e8gues : \u00ab <em>Avant ils se<br \/>\ncontentaient de contrats pr\u00e9caires,<br \/>\nmaintenant ils n\u2019en ont<br \/>\nm\u00eame plus.<\/em> \u00bb<\/p>\n<p>Fermeture des petits commerces,<br \/>\nchantiers \u00e0 l\u2019arr\u00eat,<br \/>\ngal\u00e8res dans la restauration\u2026<br \/>\nDifficile de trouver un secteur<br \/>\nd\u2019activit\u00e9 qui ne tremble pas.<br \/>\nDe leur c\u00f4t\u00e9, les grandes entreprises<br \/>\neffectuent des plans sociaux<br \/>\ndouloureux. L\u2019exp\u00e9rience<br \/>\nde Rafa\u00ebl, salari\u00e9 d\u2019une grande<br \/>\nentreprise de transports, illustre<br \/>\nbien ce ph\u00e9nom\u00e8ne.<br \/>\nApr\u00e8s une premi\u00e8re vague de<br \/>\n800 licenciements, son employeur<br \/>\na entrepris cinq plans<br \/>\nsociaux au cours des deux derni\u00e8res<br \/>\nann\u00e9es. Il est lui-m\u00eame<br \/>\nconcern\u00e9 : son salaire va \u00eatre<br \/>\nr\u00e9duit de 30 % et la moiti\u00e9 de<br \/>\ncelui-ci sera dor\u00e9navant pay\u00e9e<br \/>\npar les allocations ch\u00f4mage.<br \/>\n\u00ab<em> C\u2019est paradoxal, je travaille<br \/>\nmais je suis en fin de droits.<br \/>\nSi on me licencie, je ne toucherai<br \/>\nrien<\/em>, explique-t-il. <em>C\u2019est<br \/>\nle cas des trente coll\u00e8gues<br \/>\nqui ont \u00e9t\u00e9 cong\u00e9di\u00e9s la semaine<br \/>\nderni\u00e8re. Ils n\u2019ont droit<br \/>\n\u00e0 aucune indemnisation, ni de<br \/>\nl\u2019entreprise ni de l\u2019\u00c9tat. <\/em> \u00bb<\/p>\n<p>\u00c0 la suite d\u2019une r\u00e9organisation<br \/>\ndans la cha\u00eene de montage,<br \/>\nannonc\u00e9e et appliqu\u00e9e du jour<br \/>\nau lendemain, ces salari\u00e9s ont<br \/>\n\u00e9t\u00e9 accus\u00e9s de faute grave, et<br \/>\npartiront les poches vides.<\/p>\n<h2>L\u2019exil, la solution ?<\/h2>\n<p>Au pays o\u00f9 le taux de ch\u00f4mage<br \/>\ndes moins de 30 ans atteint<br \/>\n45 %, o\u00f9 le salaire le plus courant<br \/>\nest de 1 230 \u20ac brut par<br \/>\nmois et le salaire minimum de<br \/>\n640 \u20ac, la balance migratoire a<br \/>\nfini par basculer. En octobre, les<br \/>\nchiffres sont tomb\u00e9s [[ Zapatero avait promis en 2007 de<br \/>\nfaire passer le salaire minimum \u00e0 800 \u20ac<br \/>\nen 2011.]] : pour la<br \/>\npremi\u00e8re fois depuis des d\u00e9cennies,<br \/>\nl\u2019Espagne est en d\u00e9ficit migratoire<br \/>\net totalise 580 000 d\u00e9parts<br \/>\nen 2011, essentiellement<br \/>\nde jeunes adultes, un chiffre<br \/>\nsup\u00e9rieur \u00e0 celui des arriv\u00e9es.<br \/>\nDe quoi accentuer la diminution<br \/>\nde la population, d\u00e9j\u00e0 amorc\u00e9e<br \/>\npar le faible taux de natalit\u00e9.<\/p>\n<p>\u00ab <em>Mes coll\u00e8gues qui ont fini leur<br \/>\nr\u00e9sidence m\u00e9dicale peinent \u00e0<br \/>\ntrouver un poste de sp\u00e9cialiste<br \/>\nici, alors qu\u2019en Angleterre ou<br \/>\nen Allemagne ils seront ravis<br \/>\nde les avoir<\/em>, explique Marta.<br \/>\n<em>Pour l\u2019instant, les gens sont<br \/>\nplut\u00f4t attach\u00e9s au pays, mais<br \/>\nil est probable qu\u2019un grand<br \/>\nexode se produise.<\/em> \u00bb La fuite<br \/>\ndes cerveaux concerne \u00e9galement<br \/>\nle secteur priv\u00e9. Ainoa,<br \/>\n28 ans, ing\u00e9nieure chimique et<br \/>\ndocteure, fait face elle aussi \u00e0<br \/>\nl\u2019immobilisme du march\u00e9 du<br \/>\ntravail comme nombre de ses<br \/>\ncoll\u00e8gues \u00ab<em> C\u2019est tout de m\u00eame<br \/>\ndommage que les contribuables<br \/>\nespagnols aient pay\u00e9<br \/>\nmes neuf ans d\u2019\u00e9tudes et qu\u2019au<br \/>\nfinal ce soit autre pays qui en<br \/>\nr\u00e9colte les fruits<\/em> \u00bb, regrette-elle.<\/p>\n<p>Le prix moyen d\u2019un loyer, 692 \u20ac<br \/>\npar mois selon l\u2019Institut national<br \/>\ndes statistiques (<em>Institudo<br \/>\nnational de Estadistica<\/em>), montre<br \/>\nle d\u00e9s\u00e9quilibre auquel font<br \/>\nface les jeunes qui cherchent<br \/>\n\u00e0 s\u2019\u00e9manciper. Si la g\u00e9n\u00e9ration<br \/>\npr\u00e9c\u00e9dente avait r\u00e9ussi \u00e0 acc\u00e9der<br \/>\n\u00e0 la propri\u00e9t\u00e9 au travers<br \/>\nd\u2019emprunts abordables, aid\u00e9e<br \/>\npar des politiques fortement incitatrices<br \/>\n\u00e0 l\u2019achat, cette g\u00e9n\u00e9ration-<br \/>\nci n\u2019y pense m\u00eame pas.<br \/>\nAssurer un loyer est d\u00e9j\u00e0 compliqu\u00e9.<br \/>\n\u00ab <em>Lorsque je vois mes<br \/>\nneveux, pourtant dipl\u00f4m\u00e9s,<br \/>\nencha\u00eener p\u00e9riodes de ch\u00f4mage<br \/>\net contrats \u201cpoubelle\u201d,<br \/>\nentre 600 et 1 000 euros, pour<br \/>\nun loyer de 400 euros minimum,<br \/>\nje leur dis d\u2019\u00eatre patients<\/em>,<br \/>\nconfie Antonio. <em>Mais au fond de<br \/>\nmoi, je pense qu\u2019ils devraient<br \/>\nse soulever !<\/em> \u00bb<\/p>\n<p>Certains rejettent la faute sur<br \/>\nune culture traditionnellement tourn\u00e9e vers la propri\u00e9t\u00e9, \u00ab <em>Malheureusement,<br \/>\non a tendance<br \/>\n\u00e0 concevoir la location comme<br \/>\nun business. Le prix des loyers<br \/>\ndevrait \u00eatre r\u00e9gul\u00e9<\/em> \u00bb, analyse<br \/>\nCarlos, musicien, professeur \u00e0<br \/>\ntemps partiel et proche du collectif<br \/>\ndu 15 mai. Ce mouvement<br \/>\ndes indign\u00e9s a fait de l\u2019acc\u00e8s au<br \/>\nlogement l\u2019une de ses revendications<br \/>\nles plus visibles, il a d\u00e9nonc\u00e9<br \/>\nles privil\u00e8ges bancaires<br \/>\net mobilis\u00e9 une bonne partie<br \/>\nde la population aux c\u00f4t\u00e9s de<br \/>\nla Plateforme de victimes des<br \/>\nemprunts (PAH). Plusieurs milliers<br \/>\nde personnes ont manifest\u00e9<br \/>\ncontre les d\u00e9rapages du<br \/>\nmarch\u00e9 immobilier. L\u2019accent<br \/>\nest mis sur la situation des personnes<br \/>\nqui doivent continuer \u00e0<br \/>\npayer de forts int\u00e9r\u00eats sur leurs<br \/>\nemprunts, parfois \u00e0 vie, alors<br \/>\nqu\u2019elles ont d\u00e9j\u00e0 \u00e9t\u00e9 expuls\u00e9es<br \/>\nde l\u2019immeuble. L\u2019une des mesures<br \/>\nphare propos\u00e9e par ce<br \/>\ncollectif est la \u00ab<em> dation en paiement<\/em><br \/>\n\u00bb, qui garantit le solde de<br \/>\nla dette, une fois que l\u2019acheteur<br \/>\na rendu sa maison.<\/p>\n<h2>Virage \u00e0 Droite<\/h2>\n<p>Inqui\u00e9tude et d\u00e9sespoir<br \/>\nmarquent les esprits face \u00e0<br \/>\nune classe politique \u00e0 qui on<br \/>\nreproche d\u2019avoir trahi les citoyens.<br \/>\n\u00ab <em>La classe politique<br \/>\ns\u2019est fait l\u2019alli\u00e9e des int\u00e9r\u00eats priv\u00e9s,<br \/>\nconduisant \u00e0 une situation<br \/>\nd\u2019injustice pour les faibles<\/em> \u00bb, affirme<br \/>\nAlfons Cervera, \u00e9crivain [[ Il vient de publier une enqu\u00eate sur le<br \/>\nr\u00e9cent cas de corruption politique de la<br \/>\ncommunaut\u00e9 de Valencienne. <em>G\u00fcrtel &#038;<br \/>\nCompany. Unaserievalenciana<\/em>, d\u2019Alfons<br \/>\nCervera, \u00e9d. El viejo topo, 224 p., 16 \u20ac.]].<br \/>\nTous les sondages donnent le<br \/>\nPP victorieux. Le d\u00e9senchantement<br \/>\ndes citoyens vis-\u00e0-vis du<br \/>\nParti socialiste (PSOE), un taux<br \/>\nd\u2019abstention pr\u00e9sum\u00e9 \u00e9lev\u00e9 (le<br \/>\nfameux \u00ab <em>tous pareils<\/em> \u00bb), et le<br \/>\nsucc\u00e8s du PP aux r\u00e9gionales<br \/>\nen seraient les sympt\u00f4mes.<br \/>\nN\u00e9anmoins, on pr\u00e9dit aussi une<br \/>\naugmentation des voix pour de<br \/>\npetites formations, auparavant<br \/>\n\u00e9cras\u00e9es par le bipartisme.<\/p>\n<p>Conscient des difficult\u00e9s, Alfredo<br \/>\nP\u00e9rez Rubalcaba, le candidat<br \/>\ndu PSOE, essaie de regagner<br \/>\nl\u2019\u00e9lectorat : l\u2019ISF, abandonn\u00e9<br \/>\nen 2008, a \u00e9t\u00e9 r\u00e9instaur\u00e9 pour<br \/>\ntaxer les patrimoines sup\u00e9rieurs<br \/>\n\u00e0 un million d\u2019euros. Le candidat<br \/>\nsocialiste promet aussi un<br \/>\nimp\u00f4t sur les b\u00e9n\u00e9fices des<br \/>\nbanques, se d\u00e9marque des restrictions<br \/>\nbudg\u00e9taires de Zapatero,<br \/>\nassure qu\u2019il ne touchera<br \/>\nni \u00e0 la sant\u00e9 ni \u00e0 l\u2019\u00e9ducation,<br \/>\net \u00e9coute m\u00eame les consignes<br \/>\ndes indign\u00e9s (jusque-l\u00e0 seulement<br \/>\napproch\u00e9s par <em>Izquierda<br \/>\nUnida<\/em>). En revanche, les propositions<br \/>\ndu PP sont plus difficiles<br \/>\n\u00e0 conna\u00eetre. S\u00fbr de son succ\u00e8s,<br \/>\nRajoy n\u2019a pas tenu \u00e0 d\u00e9voiler son<br \/>\nprogramme \u00e0 la convention de<br \/>\nMalaga du 7 octobre, normalement<br \/>\npr\u00e9vue \u00e0 cet effet. Seules<br \/>\npromesses pour l\u2019instant : un<br \/>\nretour \u00e0 l\u2019ancienne loi de l\u2019interruption<br \/>\nvolontaire de grossesse<br \/>\n(la nouvelle loi, approuv\u00e9e en<br \/>\n2009 par le PSOE, d\u00e9p\u00e9nalise<br \/>\nl\u2019IVG jusqu\u2019\u00e0 la quatorzi\u00e8me<br \/>\nsemaine), une possible r\u00e9vision<br \/>\ndu mariage homosexuel (un<br \/>\nrecours a d\u00e9j\u00e0 \u00e9t\u00e9 pr\u00e9sent\u00e9 au<br \/>\ntribunal constitutionnel), des incitations<br \/>\n\u00e0 l\u2019emprunt immobilier,<br \/>\net la fin de l\u2019ISF en 2013. Quant<br \/>\nau maintien des coupures budg\u00e9taires, \u00ab <em>cela d\u00e9pendra de<br \/>\nla conjoncture \u00e9conomique<\/em> \u00bb,<br \/>\nr\u00e9pond-il.<\/p>\n<p>Pour certains citoyens comme<br \/>\nAlfons Cervera, la crise a prouv\u00e9<br \/>\nque c\u2019est l\u2019argent qui gouverne.<br \/>\nD\u2019autres, comme Carlos,<br \/>\nregardent le futur avec m\u00e9lancolie<br \/>\n: \u00ab <em>Je suis triste en constatant<br \/>\nque cette classe politique<br \/>\na fait de nous la premi\u00e8re<br \/>\ng\u00e9n\u00e9ration qui construit pour<br \/>\nses enfants un monde pire que<br \/>\ncelui dont nous avons h\u00e9rit\u00e9.<\/em> \u00bb<\/p>\n<div id='gallery-1' class='gallery galleryid-5116 gallery-columns-3 gallery-size-thumbnail'><figure class='gallery-item'>\n\t\t\t<div class='gallery-icon landscape'>\n\t\t\t\t<a href='https:\/\/archives.regards.fr\/wp-content\/uploads\/2011\/11\/sapb-8db.jpg'><img loading=\"lazy\" decoding=\"async\" width=\"150\" height=\"122\" src=\"https:\/\/archives.regards.fr\/wp-content\/uploads\/2011\/11\/sapb-8db-150x122.jpg\" class=\"attachment-thumbnail size-thumbnail\" alt=\"L\u2019Espagne \u00e0 l\u2019heure du d\u00e9senchantement\" aria-describedby=\"gallery-1-15658\" \/><\/a>\n\t\t\t<\/div>\n\t\t\t\t<figcaption class='wp-caption-text gallery-caption' id='gallery-1-15658'>\n\t\t\t\tL\u2019Espagne \u00e0 l\u2019heure du d\u00e9senchantement\n\t\t\t\t<\/figcaption><\/figure><figure class='gallery-item'>\n\t\t\t<div class='gallery-icon landscape'>\n\t\t\t\t<a href='https:\/\/archives.regards.fr\/wp-content\/uploads\/2011\/11\/zapc-af9.jpg'><img loading=\"lazy\" decoding=\"async\" width=\"80\" height=\"55\" src=\"https:\/\/archives.regards.fr\/wp-content\/uploads\/2011\/11\/zapc-af9.jpg\" class=\"attachment-thumbnail size-thumbnail\" alt=\"L\u2019Espagne \u00e0 l\u2019heure du d\u00e9senchantement\" aria-describedby=\"gallery-1-15659\" \/><\/a>\n\t\t\t<\/div>\n\t\t\t\t<figcaption class='wp-caption-text gallery-caption' id='gallery-1-15659'>\n\t\t\t\tL\u2019Espagne \u00e0 l\u2019heure du d\u00e9senchantement\n\t\t\t\t<\/figcaption><\/figure><figure class='gallery-item'>\n\t\t\t<div class='gallery-icon landscape'>\n\t\t\t\t<a href='https:\/\/archives.regards.fr\/wp-content\/uploads\/2011\/11\/zap-b8a.jpg'><img loading=\"lazy\" decoding=\"async\" width=\"150\" height=\"150\" src=\"https:\/\/archives.regards.fr\/wp-content\/uploads\/2011\/11\/zap-b8a-150x150.jpg\" class=\"attachment-thumbnail size-thumbnail\" alt=\"zap.jpg\" \/><\/a>\n\t\t\t<\/div><\/figure>\n\t\t<\/div>\n\n","protected":false},"excerpt":{"rendered":"<p>Coinc\u00e9s entre plans de licenciements et mesures d\u2019aust\u00e9rit\u00e9, les<br \/>\nEspagnols subissent la crise de plein fouet. \u00c0 quelques jours des \u00e9lections<br \/>\nl\u00e9gislatives, les sondages penchent s\u00e9rieusement \u00e0 droite.<\/p>\n","protected":false},"author":1,"featured_media":15658,"comment_status":"open","ping_status":"open","sticky":false,"template":"","format":"standard","meta":{"_themeisle_gutenberg_block_has_review":false,"footnotes":""},"categories":[141],"tags":[290,352],"class_list":["post-5116","post","type-post","status-publish","format-standard","has-post-thumbnail","hentry","category-archives-web","tag-elections","tag-europe"],"_links":{"self":[{"href":"https:\/\/archives.regards.fr\/index.php?rest_route=\/wp\/v2\/posts\/5116","targetHints":{"allow":["GET"]}}],"collection":[{"href":"https:\/\/archives.regards.fr\/index.php?rest_route=\/wp\/v2\/posts"}],"about":[{"href":"https:\/\/archives.regards.fr\/index.php?rest_route=\/wp\/v2\/types\/post"}],"author":[{"embeddable":true,"href":"https:\/\/archives.regards.fr\/index.php?rest_route=\/wp\/v2\/users\/1"}],"replies":[{"embeddable":true,"href":"https:\/\/archives.regards.fr\/index.php?rest_route=%2Fwp%2Fv2%2Fcomments&post=5116"}],"version-history":[{"count":0,"href":"https:\/\/archives.regards.fr\/index.php?rest_route=\/wp\/v2\/posts\/5116\/revisions"}],"wp:featuredmedia":[{"embeddable":true,"href":"https:\/\/archives.regards.fr\/index.php?rest_route=\/wp\/v2\/media\/15658"}],"wp:attachment":[{"href":"https:\/\/archives.regards.fr\/index.php?rest_route=%2Fwp%2Fv2%2Fmedia&parent=5116"}],"wp:term":[{"taxonomy":"category","embeddable":true,"href":"https:\/\/archives.regards.fr\/index.php?rest_route=%2Fwp%2Fv2%2Fcategories&post=5116"},{"taxonomy":"post_tag","embeddable":true,"href":"https:\/\/archives.regards.fr\/index.php?rest_route=%2Fwp%2Fv2%2Ftags&post=5116"}],"curies":[{"name":"wp","href":"https:\/\/api.w.org\/{rel}","templated":true}]}}