{"id":5110,"date":"2011-11-17T16:42:45","date_gmt":"2011-11-17T15:42:45","guid":{"rendered":"https:\/\/wp.muchomaas.com\/regards-journalisme-et-politique5110\/"},"modified":"2011-11-17T16:42:45","modified_gmt":"2011-11-17T15:42:45","slug":"regards-journalisme-et-politique5110","status":"publish","type":"post","link":"https:\/\/archives.regards.fr\/?p=5110","title":{"rendered":"Regards, journalisme et politique"},"content":{"rendered":"<p><strong>\u00c9tienne Mougeotte, patron<br \/>\ndu <em>Figaro<\/em>, est un soutien<br \/>\nassum\u00e9 de Nicolas<br \/>\nSarkozy<\/strong>. Audrey Pulvar,<br \/>\nchroniqueuse chez Laurent<br \/>\nRuquier et sur France<br \/>\nInter, appara\u00eet publiquement<br \/>\nau bras de son<br \/>\ncompagnon Arnaud<br \/>\nMontebourg. Les<br \/>\nexemples sont nombreux.<br \/>\nJusqu\u2019\u00e0 <em>Regards<\/em>,<br \/>\no\u00f9 la question<br \/>\nse pose en ces<br \/>\ntermes : Cl\u00e9mentine<br \/>\nAutain est directrice<br \/>\nde la publication et soutient<br \/>\nJean-Luc M\u00e9lenchon.<br \/>\nOuh, la vilaine collusion entre journalistes<br \/>\net politiques ! Et si on mettait fin<br \/>\nau bal des hypocrites ? TF1 a d\u00e9bouch\u00e9<br \/>\nle champagne quand Sarkozy a gagn\u00e9<br \/>\nen 2007, Les <em>Inrocks<\/em> avaient pour objectif<br \/>\nde soutenir Strauss-Kahn et les<br \/>\ngrands quotidiens ont tous leur candidat<br \/>\nquand un scrutin approche. Mais chut, le<br \/>\ngogo ne doit pas le savoir, rien ne doit<br \/>\nsortir du microcosme. La sacro-sainte<br \/>\n\u00ab objectivit\u00e9 \u00bb journalistique est sauve.<\/p>\n<p>\u00c0 <em>Regards<\/em>, nous avons choisi d\u2019expliquer<br \/>\nnotre posture \u00e0 l\u2019approche de la<br \/>\npr\u00e9sidentielle. L\u2019enjeu, annoncer la couleur<br \/>\net ne pas vous prendre, vous, lecteurs,<br \/>\npour des idiots. Voil\u00e0 les faits :<br \/>\nnotre directrice est aux c\u00f4t\u00e9s du Front<br \/>\nde gauche et cela n\u2019engage pas la r\u00e9daction.<br \/>\nNous r\u00e9serverons un traitement<br \/>\n\u00e9quitable \u00e0 Jean-Luc M\u00e9lenchon, et<br \/>\ncela d\u00e8s aujourd\u2019hui. Par honn\u00eatet\u00e9<br \/>\nintellectuelle et journalistique.<br \/>\nParce que votre mensuel<br \/>\nn\u2019a pas vocation \u00e0 devenir<br \/>\nl\u2019organe d\u2019une<br \/>\nformation politique.<br \/>\nEt aussi parce que<br \/>\nnous sommes en<br \/>\nSoci\u00e9t\u00e9 coop\u00e9rative<br \/>\n(SCOP). Cela<br \/>\nne d\u00e9pend donc pas<br \/>\nseulement de notre<br \/>\ndirection, mais des journalistes<br \/>\ndot\u00e9s de cartes de<br \/>\npresse que nous sommes. Toutefois,<br \/>\n<em>Regards<\/em> assume d\u2019\u00eatre un magazine<br \/>\nengag\u00e9. \u00catre antilib\u00e9ral, c\u2019est choisir<br \/>\nson camp. Le n\u00f4tre est celui de la<br \/>\ngauche et nous continuerons de d\u00e9crypter<br \/>\navec un int\u00e9r\u00eat critique les propositions<br \/>\nde tous ceux qui se r\u00e9clament de<br \/>\ncet espace. Un exemple dans ce num\u00e9ro<br \/>\n: <a href=\"https:\/\/wp.muchomaas.com\/economie\/les-programmes-au-banc-d-essai\">\u00ab Les programmes au banc d\u2019essai \u00bb<\/a>. <\/p>\n<p>Le vieux refrain, une minute pour<br \/>\nle bourreau, une minute pour la victime,<br \/>\nce n\u2019est pas notre truc. S\u2019il nous sied<br \/>\nde faire deux minutes pour la victime<br \/>\nparce que le bourreau a les honneurs du<br \/>\n20 heures, nous assumons.<\/p>\n","protected":false},"excerpt":{"rendered":"<p>\u00c9tienne Mougeotte, patron du Figaro, est un soutien assum\u00e9 de Nicolas Sarkozy. Audrey Pulvar, chroniqueuse chez Laurent Ruquier et sur France Inter, appara\u00eet publiquement au bras de son compagnon Arnaud Montebourg. Les exemples sont nombreux. Jusqu\u2019\u00e0 Regards, o\u00f9 la question se pose en ces termes : Cl\u00e9mentine Autain est directrice de la publication et soutient [&hellip;]<\/p>\n","protected":false},"author":643,"featured_media":0,"comment_status":"open","ping_status":"open","sticky":false,"template":"","format":"standard","meta":{"_themeisle_gutenberg_block_has_review":false,"footnotes":""},"categories":[141],"tags":[287],"class_list":["post-5110","post","type-post","status-publish","format-standard","hentry","category-archives-web","tag-medias"],"_links":{"self":[{"href":"https:\/\/archives.regards.fr\/index.php?rest_route=\/wp\/v2\/posts\/5110","targetHints":{"allow":["GET"]}}],"collection":[{"href":"https:\/\/archives.regards.fr\/index.php?rest_route=\/wp\/v2\/posts"}],"about":[{"href":"https:\/\/archives.regards.fr\/index.php?rest_route=\/wp\/v2\/types\/post"}],"author":[{"embeddable":true,"href":"https:\/\/archives.regards.fr\/index.php?rest_route=\/wp\/v2\/users\/643"}],"replies":[{"embeddable":true,"href":"https:\/\/archives.regards.fr\/index.php?rest_route=%2Fwp%2Fv2%2Fcomments&post=5110"}],"version-history":[{"count":0,"href":"https:\/\/archives.regards.fr\/index.php?rest_route=\/wp\/v2\/posts\/5110\/revisions"}],"wp:attachment":[{"href":"https:\/\/archives.regards.fr\/index.php?rest_route=%2Fwp%2Fv2%2Fmedia&parent=5110"}],"wp:term":[{"taxonomy":"category","embeddable":true,"href":"https:\/\/archives.regards.fr\/index.php?rest_route=%2Fwp%2Fv2%2Fcategories&post=5110"},{"taxonomy":"post_tag","embeddable":true,"href":"https:\/\/archives.regards.fr\/index.php?rest_route=%2Fwp%2Fv2%2Ftags&post=5110"}],"curies":[{"name":"wp","href":"https:\/\/api.w.org\/{rel}","templated":true}]}}