{"id":5102,"date":"2011-11-12T14:00:00","date_gmt":"2011-11-12T13:00:00","guid":{"rendered":"https:\/\/wp.muchomaas.com\/ouverture-d-un-espace5102\/"},"modified":"2023-06-23T23:10:07","modified_gmt":"2023-06-23T21:10:07","slug":"ouverture-d-un-espace5102","status":"publish","type":"post","link":"https:\/\/archives.regards.fr\/?p=5102","title":{"rendered":"Ouverture d\u2019un espace ?"},"content":{"rendered":"<p class=\"post_excerpt\">Quelle sera la strat\u00e9gie d&#8217;alliance<br \/>\ndu candidat socialiste ? Une<br \/>\nchose est s\u00fbre, la n\u00e9gociation<br \/>\nsera muscl\u00e9e.<\/p>\n<p>Sur sa mollesse, les partenaires du PS ne<br \/>\ndevront pas trop compter. L\u2019option Hollande<br \/>\nn\u2019est pas celle d\u2019Aubry. La maire de Lille optait<br \/>\npour une politique d\u2019alliance, ce qui lui valut un<br \/>\nsoutien sans ambigu\u00eft\u00e9 de C\u00e9cile Duflot et de<br \/>\nPierre Laurent . Ce n\u2019est pas le choix strat\u00e9gique<br \/>\nde Fran\u00e7ois Hollande.<\/p>\n<p>Son objectif est autre : il entend rassembler<br \/>\ndans le PS et ce, d\u00e8s le premier tour de la pr\u00e9sidentielle.<br \/>\nConcr\u00e8tement, il a boud\u00e9 la derni\u00e8re<br \/>\nf\u00eate de L\u2019Huma, contrairement \u00e0 Aubry, Royal<br \/>\net Montebourg. Il confirme cette option dans<br \/>\nson discours d\u2019investiture : \u00ab <em>La dynamique se<br \/>\ngagne au premier tour.<\/em> \u00bb En homme politique, il<br \/>\nne conna\u00eet qu\u2019une chose, le rapport de force. Aux<br \/>\nexigences d\u2019Europe \u00e9cologie-Les Verts (EELV) il<br \/>\nr\u00e9pond : \u00ab <em>L\u2019arbitre ce sera le citoyen au moment<br \/>\ndu vote, c\u2019est lui qui donnera l\u2019orientation principale<br \/>\nde la future majorit\u00e9. <\/em> \u00bb<\/p>\n<h2>Eva Joly, pr\u00eate \u00e0 n\u00e9gocier?<\/h2>\n<p>\u00c9va Joly et Jean-Luc M\u00e9lenchon entendent bien<br \/>\ngagner ce combat politique. Ils pensent l\u2019un et<br \/>\nl\u2019autre que le choix de Fran\u00e7ois Hollande facilitera<br \/>\nla lisibilit\u00e9 de leur propre message. Du<br \/>\nc\u00f4t\u00e9 des \u00e9cologistes, la ti\u00e9deur \u00e0 l\u2019\u00e9gard de la<br \/>\nsortie du nucl\u00e9aire, du non-cumul des mandats,<br \/>\nde l\u2019abandon de la construction de l\u2019a\u00e9roport<br \/>\nde Notre-Dame-des-Landes pr\u00e8s de Nantes,<br \/>\nlaissent entrevoir un espace d\u00e9gag\u00e9 dans lequel<br \/>\ns\u2019engouffrer. L\u2019objectif des \u00e9cologistes est d\u2019affirmer<br \/>\nleur autonomie, de jouer les ind\u00e9pendants.<br \/>\nUn carton au S\u00e9nat, des succ\u00e8s aux derni\u00e8res<br \/>\n\u00e9lections\u2026, EELV ne se voit plus \u00e9voluer dans<br \/>\nl\u2019ombre du PS. Un b\u00e9mol : comment obtenir un<br \/>\nbel accord \u00e9lectoral avec le PS pour, aux l\u00e9gislatives,<br \/>\ngagner au moins les 15 d\u00e9put\u00e9s permettant<br \/>\nde constituer un groupe \u00e0 l\u2019assembl\u00e9e ? Il<br \/>\nfaudra n\u00e9gocier\u2026<\/p>\n<h2>20 % de PS disponible\u2026<\/h2>\n<p>Cette question ne se pose pas du c\u00f4t\u00e9 du Front<br \/>\nde gauche o\u00f9 l\u2019on se sent confort\u00e9 par les bons<br \/>\nr\u00e9sultats d\u2019Arnaud Montebourg. La phrase a<br \/>\nfait le tour de la presse et du web : \u00ab <em>Vous avez<br \/>\naim\u00e9 Montebourg, vous allez adorer M\u00e9lenchon.<\/em><br \/>\n\u00bb Le secr\u00e9taire national du PG, Fran\u00e7ois<br \/>\nDelapierre affirme : \u00ab <em>Le r\u00e9sultat du vote Montebourg<br \/>\nmontre que 20 % de l\u2019\u00e9lectorat socialiste<br \/>\nest disponible \u00e0 nos id\u00e9es (\u2026) Et encore nous<br \/>\navons vocation \u00e0 mobiliser davantage dans<br \/>\nles cat\u00e9gories populaires<\/em> \u00bb, pronostique-t-il. Le<br \/>\nFront de gauche compte bien faire entendre une<br \/>\nautre musique, en accord avec les attentes des<br \/>\nFran\u00e7ais sur des r\u00e9ponses de rupture face \u00e0 la<br \/>\ncrise. \u00ab <em>La crise ? Il ne saura pas y faire face,<br \/>\nmoi je saurai !<\/em> \u00bb, a lanc\u00e9, bravache, son candidat<br \/>\nJean-Luc M\u00e9lenchon sur le plateau de TF1.<br \/>\nPour les deux candidats la question reste : la<br \/>\ncandidature Hollande ouvre-t-elle un espace ou<br \/>\n\u00e9touffe-t-elle toute alternative ?<div id='gallery-1' class='gallery galleryid-5102 gallery-columns-3 gallery-size-thumbnail'><figure class='gallery-item'>\n\t\t\t<div class='gallery-icon landscape'>\n\t\t\t\t<a href='https:\/\/archives.regards.fr\/wp-content\/uploads\/2011\/11\/holjol-fd2.jpg'><img loading=\"lazy\" decoding=\"async\" width=\"150\" height=\"150\" src=\"https:\/\/archives.regards.fr\/wp-content\/uploads\/2011\/11\/holjol-fd2-150x150.jpg\" class=\"attachment-thumbnail size-thumbnail\" alt=\"holjol.jpg\" \/><\/a>\n\t\t\t<\/div><\/figure>\n\t\t<\/div>\n<\/p>\n","protected":false},"excerpt":{"rendered":"<p>Quelle sera la strat\u00e9gie d&#8217;alliance<br \/>\ndu candidat socialiste ? Une<br \/>\nchose est s\u00fbre, la n\u00e9gociation<br \/>\nsera muscl\u00e9e.<\/p>\n","protected":false},"author":464,"featured_media":15622,"comment_status":"open","ping_status":"open","sticky":false,"template":"","format":"standard","meta":{"_themeisle_gutenberg_block_has_review":false,"footnotes":""},"categories":[141],"tags":[290,295],"class_list":["post-5102","post","type-post","status-publish","format-standard","has-post-thumbnail","hentry","category-archives-web","tag-elections","tag-nupes"],"_links":{"self":[{"href":"https:\/\/archives.regards.fr\/index.php?rest_route=\/wp\/v2\/posts\/5102","targetHints":{"allow":["GET"]}}],"collection":[{"href":"https:\/\/archives.regards.fr\/index.php?rest_route=\/wp\/v2\/posts"}],"about":[{"href":"https:\/\/archives.regards.fr\/index.php?rest_route=\/wp\/v2\/types\/post"}],"author":[{"embeddable":true,"href":"https:\/\/archives.regards.fr\/index.php?rest_route=\/wp\/v2\/users\/464"}],"replies":[{"embeddable":true,"href":"https:\/\/archives.regards.fr\/index.php?rest_route=%2Fwp%2Fv2%2Fcomments&post=5102"}],"version-history":[{"count":0,"href":"https:\/\/archives.regards.fr\/index.php?rest_route=\/wp\/v2\/posts\/5102\/revisions"}],"wp:featuredmedia":[{"embeddable":true,"href":"https:\/\/archives.regards.fr\/index.php?rest_route=\/wp\/v2\/media\/15622"}],"wp:attachment":[{"href":"https:\/\/archives.regards.fr\/index.php?rest_route=%2Fwp%2Fv2%2Fmedia&parent=5102"}],"wp:term":[{"taxonomy":"category","embeddable":true,"href":"https:\/\/archives.regards.fr\/index.php?rest_route=%2Fwp%2Fv2%2Fcategories&post=5102"},{"taxonomy":"post_tag","embeddable":true,"href":"https:\/\/archives.regards.fr\/index.php?rest_route=%2Fwp%2Fv2%2Ftags&post=5102"}],"curies":[{"name":"wp","href":"https:\/\/api.w.org\/{rel}","templated":true}]}}